{"id":3696,"date":"2021-10-03T13:33:03","date_gmt":"2021-10-03T11:33:03","guid":{"rendered":"http:\/\/elblogdejoseblasfernandez.com\/?p=3696"},"modified":"2021-10-03T13:33:04","modified_gmt":"2021-10-03T11:33:04","slug":"de-nuevo-los-mayores-en-el-punto-de-mira","status":"publish","type":"post","link":"https:\/\/elblogdejoseblasfernandez.com\/?p=3696","title":{"rendered":"DE NUEVO LOS MAYORES EN EL PUNTO DE MIRA."},"content":{"rendered":"\n\n\n<p>         En estos d\u00edas, expertos y el propio Ministro Escriv\u00e1 est\u00e1n debatiendo sobre alargar la edad de jubilaci\u00f3n e introducir mecanismos para que hasta los 75 a\u00f1os tengamos una vida laboral intensa. Es decir, extender lo m\u00e1s posible una situaci\u00f3n activa de las personas y en definitiva, hacer que los mayores rindan todo lo que puedan  hasta su ocaso laboral y as\u00ed las pensiones tendr\u00edan un respiro  por la falta de cotizantes  y de este modo aguantar del d\u00e9ficit p\u00fablico que est\u00e1 suponiendo  el quebranto de las arcas del Estado.<\/p>\n\n\n\n\n\n<p>          No deja de ser un problema el coste de las jubilaciones, pues a nadie se le escapa que en Espa\u00f1a el paro est\u00e1 desbordado y, por tanto, la aportaci\u00f3n que se haga para la tercera edad carece de fondos propios, por lo que una vez m\u00e1s, estamos creando una sociedad sustentada en los valores y el trabajo de las personas mayores. Si con 75 a\u00f1os de edad se piensa que la jubilaci\u00f3n puede ser la id\u00f3nea, se olvida de la figura que hoy mantiene  esa persona mayor en la familia. Aqu\u00ed, en este \u00e1mbito de los 75 a\u00f1os est\u00e1 una figura fundamental cuales son los abuelos, porque en la familia esos abuelos han estado soportando,  con sus pensiones,  no s\u00f3lo la situaci\u00f3n vivida de la pandemia, sino que en muchos casos y eso es notorio, los hijos y nietos han vivido de una pensi\u00f3n de  los jubilados que ha hecho posible salir de la encrucijada en la que se ha vivido y se vive actualmente. Por lo visto, la mejor soluci\u00f3n que encuentran no es buscar trabajo para el desempleado, es arrollar a\u00fan m\u00e1s al mayor para que con su trabajo y su edad soporte las principales claves para el bienestar del resto de las personas, olvidando que esos mayores son el modelo a seguir  que ha llevado a las familias espa\u00f1olas adelante, pues la relaci\u00f3n nieto-abuelo ha sido un ejemplo de protecci\u00f3n y cuidado fundamental que cuando los menores crecen siempre llevan a gala las vivencias  con sus abuelos.<\/p>\n\n\n\n<p>          El gobierno deber\u00eda dejar de amedrantar a esas personas mayores y homenajear el papel fundamental que tienen en la familia, no ya solo el papel que ejercen sobre sus nietos los 365 d\u00edas del a\u00f1o, sino  que son los verdaderos formadores de esos ni\u00f1os,  que asom\u00e1ndose a la vida reciben  esa liturgia  de la experiencia, de la historieta y del consejo bien dado. En resumen son los que transmiten los valores y tradiciones, as\u00ed como las costumbres que nos vienen de nuestros antepasados, es decir el puente existente entre unos y otros para que prevalezca una familia de nuevos tiempos,  pero suplidos  por esos mayores que aunque ya dieron su vida en su juventud  y en la edad madura, no se les puede ahora pedir que se entreguen hasta la jubilaci\u00f3n de 75 a\u00f1os con lo que eso conlleva.<\/p>\n\n\n\n\n\n<p>          La pandemia nos ha dado un antes  y un despu\u00e9s, pero los aut\u00e9nticos sufridores de ella, los que se fueron antes y los que murieron solos  en su gran mayor\u00eda han sido los mayores. Han estado alejados de sus seres queridos donde miles de residencias de ancianos los acog\u00eda casi invisiblemente para los dem\u00e1s, pues mientras ellos mor\u00edan en la soledad y fueron los primeros  en caer en esta pandemia, ni siquiera se les dejaba ver m\u00e1s que por una videoconferencia y lo que es peor,  ni tan siquiera velar su cad\u00e1ver porque eran como an\u00f3nimos, perdidos en la lejan\u00eda del horizonte donde ni la despedida, ni un  beso de calor pudieron recibir en tan duros momentos. Por eso,  en el propio Senado de Espa\u00f1a,  se ha tratado ante la ponencia de estudios sobre el proceso de envejecimiento en nuestro pa\u00eds, la discriminaci\u00f3n hacia estos mayores porque  se piensa que ya a su edad deben abandonarnos  para dar paso, como alguna Diputada Canaria manifest\u00f3 vilmente de que el tiempo transcurrido para ellos se hab\u00eda cumplido, olvidando c\u00f3mo nuestros mayores son el germen y semilla de nuestra sociedad.<\/p>\n\n\n\n<p>          Creo que hay que trabajar  duramente tras esta pandemia para poner a cada uno en su sitio, donde se reflejen  los distintos espacios de las edades y donde no se ataque tan fr\u00edvolamente a los m\u00e1s d\u00e9biles por su longevidad  y si es deseo de muchos, como as\u00ed ocurre, tener una vida activa hasta cuando lo consideren, bienvenido sea, pues la edad real no es la que marca el DNI, es la que se ha vivido y se vive, por lo que quienes quieran continuar un periplo de su vida m\u00e1s trabajando,  que lo hagan, pero siempre voluntariamente y no oblig\u00e1ndoles a tener que explotar sus fuerzas hasta cuando quiera el Ministro de turno, ya que deber\u00eda haber puesto todo su buen saber y entender en buscar cotizantes para esas pensiones. Es decir, localizar las fuentes del trabajo donde incluir a tanto desempleado y lo que es m\u00e1s, deber\u00eda haber medido en su propia casa la eliminaci\u00f3n de tantos Ministerios in\u00fatiles como  hoy el Gobierno posee, pues m\u00e1s de 20 Ministerios con unos presupuestos desorbitados y llenos de asesores amigos y compinches, es lo que precisamente sobra en Espa\u00f1a, pues calculando esos presupuestos engordados para mantener a est\u00f3magos agradecidos y cubrir las necesidades pol\u00edticas de alg\u00fan que otro  amigo no posee m\u00e1s que el desprecio de la sociedad que hoy observa las injusticias que se est\u00e1n cometiendo, ya que tanto derroche y regalos para sueldos sin ning\u00fan cometido solo termina  con el quebranto de una sociedad como la nuestra que no tiene m\u00e1s horizonte que la ineptitud de quienes gobiernan. <\/p>\n","protected":false},"excerpt":{"rendered":"<p>En estos d\u00edas, expertos y el propio Ministro Escriv\u00e1 est\u00e1n debatiendo sobre alargar la edad de jubilaci\u00f3n e introducir mecanismos para que hasta los 75 a\u00f1os tengamos una vida laboral intensa. Es decir, extender lo m\u00e1s posible una situaci\u00f3n activa de las personas y en definitiva, hacer que los mayores rindan todo lo que puedan [&hellip;]<\/p>\n","protected":false},"author":1,"featured_media":0,"comment_status":"open","ping_status":"open","sticky":false,"template":"","format":"standard","meta":{"footnotes":""},"categories":[1],"tags":[],"class_list":["post-3696","post","type-post","status-publish","format-standard","hentry","category-sin-categoria"],"_links":{"self":[{"href":"https:\/\/elblogdejoseblasfernandez.com\/index.php?rest_route=\/wp\/v2\/posts\/3696","targetHints":{"allow":["GET"]}}],"collection":[{"href":"https:\/\/elblogdejoseblasfernandez.com\/index.php?rest_route=\/wp\/v2\/posts"}],"about":[{"href":"https:\/\/elblogdejoseblasfernandez.com\/index.php?rest_route=\/wp\/v2\/types\/post"}],"author":[{"embeddable":true,"href":"https:\/\/elblogdejoseblasfernandez.com\/index.php?rest_route=\/wp\/v2\/users\/1"}],"replies":[{"embeddable":true,"href":"https:\/\/elblogdejoseblasfernandez.com\/index.php?rest_route=%2Fwp%2Fv2%2Fcomments&post=3696"}],"version-history":[{"count":2,"href":"https:\/\/elblogdejoseblasfernandez.com\/index.php?rest_route=\/wp\/v2\/posts\/3696\/revisions"}],"predecessor-version":[{"id":3701,"href":"https:\/\/elblogdejoseblasfernandez.com\/index.php?rest_route=\/wp\/v2\/posts\/3696\/revisions\/3701"}],"wp:attachment":[{"href":"https:\/\/elblogdejoseblasfernandez.com\/index.php?rest_route=%2Fwp%2Fv2%2Fmedia&parent=3696"}],"wp:term":[{"taxonomy":"category","embeddable":true,"href":"https:\/\/elblogdejoseblasfernandez.com\/index.php?rest_route=%2Fwp%2Fv2%2Fcategories&post=3696"},{"taxonomy":"post_tag","embeddable":true,"href":"https:\/\/elblogdejoseblasfernandez.com\/index.php?rest_route=%2Fwp%2Fv2%2Ftags&post=3696"}],"curies":[{"name":"wp","href":"https:\/\/api.w.org\/{rel}","templated":true}]}}