{"id":3709,"date":"2021-10-23T13:47:05","date_gmt":"2021-10-23T11:47:05","guid":{"rendered":"http:\/\/elblogdejoseblasfernandez.com\/?p=3709"},"modified":"2021-10-23T13:47:07","modified_gmt":"2021-10-23T11:47:07","slug":"las-incongruencias-de-la-edad","status":"publish","type":"post","link":"https:\/\/elblogdejoseblasfernandez.com\/?p=3709","title":{"rendered":"LAS INCONGRUENCIAS DE LA EDAD"},"content":{"rendered":"\n\n\n<p>                  Mientras el Ministro Escriv\u00e1 nos est\u00e1 vendiendo que la edad de jubilaci\u00f3n debe rondar los 75 a\u00f1os, no cabe duda que con ello quiere que los espa\u00f1oles estemos exprimidos en el trabajo con el \u00fanico fin de sacar m\u00e1s cotizaciones y poder as\u00ed pagar las pensiones, que mientras que a\u00f1os anteriores se promet\u00edan  y regalaban, hoy las arcas del estado no dan para m\u00e1s y de los Presupuestos se llevan un buen bocado que hace temblar la econom\u00eda.<\/p>\n\n\n\n<p>          Sin embargo,  a los mayores s\u00f3lo se les llama para pedirles el voto. Es decir, promesa tras promesa de todos los partidos que  quieren no solo garantizar el pago de esas prestaciones, sino que incluso les prometen revisiones sin justificar y encima \u201cdos huevos duros m\u00e1s\u201d. Si tan necesarios son los mayores, por qu\u00e9 han sido los que han ca\u00eddo primero en el frente sanguinario del covid-19, y todo porque esa pandemia supo aprovechar  a los m\u00e1s vulnerables e incluso alguna diputada canaria lleg\u00f3 a decir que \u201cpara qu\u00e9 se quiere vivir con esas edades\u201d. Los pol\u00edticos en su conjunto quieren tener fecha de caducidad para esos  mayores y los hacen, muchas veces, como algo inservible que  mantenido por terceros ya no sirven para estar integrados en esta sociedad  viva que mantenemos. Si observamos, la poblaci\u00f3n de adultos, los mayores se acercan en los pr\u00f3ximos a\u00f1os a un 22% de su totalidad, pero curiosamente, cuando llega la hora de confeccionar las listas y de nombrar candidatos nunca se les ocurre que la experiencia y la sabidur\u00eda acumulada no pueden ser arrinconadas y deliberadamente a estos colectivos de adultos o mayores se les aparta con la \u00fanica excusa de que son mayores y de que los j\u00f3venes  tienen otro carisma, son m\u00e1s dialogantes y hoy el mundo se desenvuelve entre ellos, lo que conlleva que los candidatos que se utilizan para esos proyectos pol\u00edticos son siempre manejados por terceros y dentro de una edad  donde la juventud impera, porque las nuevas generaciones quieren ese  tipo de personas. Es decir, se oye hasta la saciedad esa bonita frase  pero incongruente, del cambio generacional.<\/p>\n\n\n\n\n\n<p>          Espa\u00f1a es uno de los pa\u00edses que utiliza menos a los mayores en puestos y cargos pol\u00edticos. Distinto es los cargos dentro de los partidos o puestos que nada tengan que ver con el embri\u00f3n  y manejo de la pol\u00edtica. Por eso hacen de este colectivo de mayores una injusticia con olvidarlos,  porque quieren hacer ver que es un colectivo amortizado, algo incongruente,  pues desde 1979, con la UCD, no ha existido un parlamentario mayor de 75 a\u00f1os, mientras que para cotizar y sacar y exprimir su trabajo si le son necesarios.<\/p>\n\n\n\n<p>          En los restantes pa\u00edses europeos la edad media de sus dirigentes es mucho m\u00e1s alta que en Espa\u00f1a  y el por qu\u00e9 est\u00e1 claro; se trata de un colectivo con agilidad pol\u00edtica que no quiere mendigar y menos ser utilizado y lo que es m\u00e1s importante, no reciben consignas nada m\u00e1s que de su experiencia  y no hacen sombra como ocurre a tantos j\u00f3venes que se les pasa la edad merodeando  cargos y carguillos para luego encontrarse que no son nada y est\u00e1 claro en la actualidad, la Moncloa prefiere a los j\u00f3venes y tambi\u00e9n est\u00e1 claro el ejemplo de la Moncloa, donde su inquilino principal se ha limitado a tener una tesis doctoral sin ninguna experiencia  y poco sabemos de c\u00f3mo la consigui\u00f3 y de tantos y tantos apesebrados que luchan unos contra otros por mantenerse en un puesto, pero que no es puesto de trabajo, es un puesto de tragaldaba  donde en su cuenta corriente reciben una buena n\u00f3mina y a aplaudir al l\u00edder que es su principal consigna y emblema profesional y su  \u00fanica misi\u00f3n es poseer un t\u00edtulo  de ligero coste para que esa sea la credencial de mejora y orillar a quienes se les pongan por medio para as\u00ed vender mejor sus cualidades.<\/p>\n\n\n\n\n\n<p>          Estamos en unos duros momentos de la pol\u00edtica. No hay l\u00edderes y la sociedad civil quiere gente experimentada que es la que da seguridad, pero claro, esa gente tienen su profesi\u00f3n y viven de su propio trabajo y no tienen, por tanto, que re\u00edrles las gracias a nadie, pero  esto que est\u00e1 ocurriendo tiene los d\u00edas contados. Estoy convencido que queremos pol\u00edticos que no se usen y luego se tiren, ni que sean profesionales de la  pol\u00edtica, por lo que ya existen movimientos de personas experimentadas  que pueden ofrecer a la sociedad esa seguridad y que con sus conocimientos frescos y de gran experiencia pueden regular mejor que nadie los destinos de los pueblos y en su conjunto,  las instituciones p\u00fablicas.<\/p>\n\n\n\n<p>          Los mayores no est\u00e1n amortizados y no son ni deben ser pol\u00edticos em\u00e9ritos, deben ser activos y vivos en la vida p\u00fablica, porque la edad no es ning\u00fan obst\u00e1culo para tener un puesto de responsabilidad y en especial, hacerlo con \u00e9xito. De hecho, en millones de empresas, la experiencia y la  acumulaci\u00f3n de sabidur\u00eda es el \u00e9xito de las mismas, pero la pol\u00edtica que debe ser  el refugio de la experiencia, se convierte en una guarder\u00eda infantil  de pol\u00edticos para cobrar y l\u00f3gicamente, el panorama que se vive es de marcha atr\u00e1s, como el cangrejo,  y si Espa\u00f1a avanza no es precisamente por esos pol\u00edticos, es por sus profesionales con experiencia, sus t\u00e9cnicos de cabezas  bien amuebladas y de mujeres y hombres que d\u00eda a d\u00eda se levantan para trabajar y pagar con sus impuestos a tant\u00edsima plebe pol\u00edtica., Por eso, habr\u00eda que preguntarse hoy algo que en la mente de todos est\u00e1: \u00bfcu\u00e1ntos pol\u00edticos sobran?, y \u00bfcu\u00e1ntos pol\u00edticos son los verdaderamente \u00fatiles?. Con ello si se le da respuesta habr\u00e1 un gran avance que no tendr\u00eda l\u00edmites. <\/p>\n","protected":false},"excerpt":{"rendered":"<p>Mientras el Ministro Escriv\u00e1 nos est\u00e1 vendiendo que la edad de jubilaci\u00f3n debe rondar los 75 a\u00f1os, no cabe duda que con ello quiere que los espa\u00f1oles estemos exprimidos en el trabajo con el \u00fanico fin de sacar m\u00e1s cotizaciones y poder as\u00ed pagar las pensiones, que mientras que a\u00f1os anteriores se promet\u00edan y regalaban, [&hellip;]<\/p>\n","protected":false},"author":1,"featured_media":0,"comment_status":"open","ping_status":"open","sticky":false,"template":"","format":"standard","meta":{"footnotes":""},"categories":[1],"tags":[],"class_list":["post-3709","post","type-post","status-publish","format-standard","hentry","category-sin-categoria"],"_links":{"self":[{"href":"https:\/\/elblogdejoseblasfernandez.com\/index.php?rest_route=\/wp\/v2\/posts\/3709","targetHints":{"allow":["GET"]}}],"collection":[{"href":"https:\/\/elblogdejoseblasfernandez.com\/index.php?rest_route=\/wp\/v2\/posts"}],"about":[{"href":"https:\/\/elblogdejoseblasfernandez.com\/index.php?rest_route=\/wp\/v2\/types\/post"}],"author":[{"embeddable":true,"href":"https:\/\/elblogdejoseblasfernandez.com\/index.php?rest_route=\/wp\/v2\/users\/1"}],"replies":[{"embeddable":true,"href":"https:\/\/elblogdejoseblasfernandez.com\/index.php?rest_route=%2Fwp%2Fv2%2Fcomments&post=3709"}],"version-history":[{"count":2,"href":"https:\/\/elblogdejoseblasfernandez.com\/index.php?rest_route=\/wp\/v2\/posts\/3709\/revisions"}],"predecessor-version":[{"id":3714,"href":"https:\/\/elblogdejoseblasfernandez.com\/index.php?rest_route=\/wp\/v2\/posts\/3709\/revisions\/3714"}],"wp:attachment":[{"href":"https:\/\/elblogdejoseblasfernandez.com\/index.php?rest_route=%2Fwp%2Fv2%2Fmedia&parent=3709"}],"wp:term":[{"taxonomy":"category","embeddable":true,"href":"https:\/\/elblogdejoseblasfernandez.com\/index.php?rest_route=%2Fwp%2Fv2%2Fcategories&post=3709"},{"taxonomy":"post_tag","embeddable":true,"href":"https:\/\/elblogdejoseblasfernandez.com\/index.php?rest_route=%2Fwp%2Fv2%2Ftags&post=3709"}],"curies":[{"name":"wp","href":"https:\/\/api.w.org\/{rel}","templated":true}]}}