{"id":3732,"date":"2022-02-06T14:03:32","date_gmt":"2022-02-06T13:03:32","guid":{"rendered":"http:\/\/elblogdejoseblasfernandez.com\/?p=3732"},"modified":"2022-02-06T14:03:33","modified_gmt":"2022-02-06T13:03:33","slug":"la-tan-cacareada-reforma-laboral-no-es-tan-llamativa","status":"publish","type":"post","link":"https:\/\/elblogdejoseblasfernandez.com\/?p=3732","title":{"rendered":"LA TAN  CACAREADA REFORMA LABORAL  NO ES TAN LLAMATIVA"},"content":{"rendered":"\n<p>         De manera cansina,  el actual gobierno de coalici\u00f3n nos ha venido vendiendo a bombo y platillo y con altavoces que iba a derogar la reforma laboral del 2012  y lo hac\u00eda convencido que era algo tan f\u00e1cil como  eliminar un texto legislativo y hacer uno nuevo,  en base  al convencimiento de que lo que hab\u00eda era da\u00f1ino y que lo que ven\u00eda era un horizonte de mejoras para el empleo y    que el cambio  iba a ser como un nuevo mercado de trabajo, el cual,   har\u00eda conocer una pol\u00edtica progresista de tal calado  que  de tanto decirlo estaba creando un malestar en el mundo de las relaciones laborales,  porque nadie sab\u00eda en qu\u00e9 consist\u00eda todo este entramado  y a donde nos quer\u00edan llevar.<\/p>\n\n\n\n\n\n<p>          Recientemente, la Ministra de Trabajo, echando un pulso a los otros miembros de su gobierno, creaba un enfrentamiento torticero con el \u00fanico fin de estar mejor  ubicada en el gobierno y, en ese pulso, afianzarse no solamente ella, sino los miembros de la coalici\u00f3n a la que pertenece.<\/p>\n\n\n\n<p>           Derogar no es borrar todo aquello que aparezca en un texto como nos quieren hacer creer,  pues lo que se pretende llevar a cabo es un recorte parcial de la normativa hoy existente. Es decir, tras el rifi-rafe  entre  miembros del gobierno de coalici\u00f3n, pone orden  por fin la Ministra  Calvi\u00f1o, como garante de los preceptos del Gobierno y tras la primera reuni\u00f3n de la Mesa del Di\u00e1logo Social, ya no es la total derogaci\u00f3n de la reforma laboral existente, pues  se circunscriben a determinados contratos de trabajo  y puntos aislados que se redactar\u00edan tras las distintas reuniones con los agentes sociales, por lo que observamos  que la vicepresidenta econ\u00f3mica pone freno a la otra vicepresidenta y Ministra de Trabajo defensora de una idea  que consist\u00eda en eliminar todo lo exsitente. Eso s\u00ed, hablaba con \u00e9nfasis como si la reforma del 2012 fuese tan maliciosa y tan perturbadora para trabajadores y empresas que hab\u00eda que borrarla entera y hacer algo nuevo, pero que no se sabe en qu\u00e9 consist\u00eda, porque  sus discursos han sido en su totalidad m\u00e1s a favor de CCOO que del mercado de trabajo.<\/p>\n\n\n\n<p>          En este momento,  en que  nos damos cuenta quienes trabajamos jur\u00eddicamente las relaciones laborales, observamos que es tan corto lo que se piensa limitar de dicha reforma que no es m\u00e1s que adaptar a los nuevos tiempos algunos desfases de aquella reforma del 2012,  que por raz\u00f3n del tiempo y del nuevo mercado de trabajo han quedado obsoletos, como tambi\u00e9n se derog\u00f3 en su d\u00eda la Ley 8\/1980, de 10 de Marzo, del primitivo Estatuto de los Trabajadores, porque las distintas normativas que desde 1980 nacieron,   lo fueron   para  mejorar lo existente y  ha hecho que lleguemos hasta nuestros d\u00edas con reformas  que han actualizado  las relaciones laborales.<\/p>\n\n\n\n<p>           Hoy, no sabemos a ciencia cierta qu\u00e9 se quiere reformar, pues ya la expresi\u00f3n derogar,   seg\u00fan la Ministra econ\u00f3mica, no es afortunada. Es m\u00e1s, dice que \u201cno tiene por qu\u00e9  haber porcentajes ni marcar l\u00edneas rojas, pues la negociaci\u00f3n est\u00e1 abierta entre los agentes sociales y el gobierno y que el porcentaje de contratos a modificar  no es un porcentaje cerrado y que se ver\u00edan en el transcurso de la negociaci\u00f3n, porque no se puede derogar t\u00e9cnicamente la reforma laboral, solo hay que actuar contra la temporalidad y la precariedad, pero que incluso las indemnizaciones por despido no van a ser tratadas\u201d, lo que demuestra que la Ministra Calvi\u00f1o est\u00e1 actuando con sentido com\u00fan y con cautela,  pues est\u00e1 siguiendo los par\u00e1metros que en este momento, el mercado de trabajo necesita y con una hoja de ruta que marquen los agentes sociales y lo principal que habr\u00e1 que saber es qu\u00e9 dice la Uni\u00f3n Europea de los posibles cambios a llevar a cabo, pues no olvidemos que estamos en un mercado libre  y no hay fronteras en la Uni\u00f3n para los trabajadores y l\u00f3gicamente, existiendo un Tribunal de Justicia Europeo, no va a permitirse disfunciones jur\u00eddicas entre un pa\u00eds  y otro, por mucho que la Comunista Yolanda D\u00edaz quiera desde su Ministerio ser la autora de un mercado  distinto al que hoy tenemos y lo principal, Europa ver\u00e1 el borrador de lo que se quiere reformar y de ah\u00ed depender\u00e1n las transferencias econ\u00f3micas que vienen para Espa\u00f1a.<\/p>\n\n\n\n\n\n<p>          Desde luego, lo que est\u00e1 ocurriendo con todos los avisos y amenazas veladas de la reforma laboral y lo que ello arrastra no ha sido m\u00e1s que un borr\u00f3n para crear inseguridad jur\u00eddica y hacer que el mercado de trabajo d\u00e9 marcha atr\u00e1s y los despidos nos devoren, porque manifestaciones tan tendenciosas y de mal gusto pol\u00edtico haciendo ver que la reforma de Rajoy fue un calvario para la clase trabajadora, no es m\u00e1s que lanzar fuegos de artificio y mentir a sabiendas, pues  si no se llega  a tener la herramienta de los ERTES que cre\u00f3 la exministra de Empleo,  F\u00e1tima B\u00e1\u00f1ez,  la pandemia nos hubiese dejado en tal quiebra del mercado laboral y de las empresas que muy pocas subsistir\u00edan hoy, pero eso no lo dice, ella quiere eliminar algo que nos asuste y que nos intimide y que nos d\u00e9 miedo, pero afortunadamente todo es humo y papel mojado, porque  el freno se lo han puesto ellos mismos y de reforma no tenemos m\u00e1s que  cuatro pinceladas de algo que cualquier jurista con conocimientos del mundo del trabajo las hubiese hecho.<\/p>\n\n\n\n<p>          Aqu\u00ed, con este variopinto mercadillo, queriendo beneficiar  m\u00e1s a los sindicatos que a los trabajadores, cuanto \u00e9stos est\u00e1n en el menor \u00edndice de afiliaci\u00f3n hist\u00f3rico, ni se gobierna, ni se llega a nada, porque este reciente enfrentamiento del ejecutivo ha puesto en alerta a miles de inversores y de empleadores  que a la hora de contratar mirar\u00e1n  los papeles hasta de canto y la contrataci\u00f3n veremos qu\u00e9 ocurre con ella. <\/p>\n","protected":false},"excerpt":{"rendered":"<p>De manera cansina, el actual gobierno de coalici\u00f3n nos ha venido vendiendo a bombo y platillo y con altavoces que iba a derogar la reforma laboral del 2012 y lo hac\u00eda convencido que era algo tan f\u00e1cil como eliminar un texto legislativo y hacer uno nuevo, en base al convencimiento de que lo que hab\u00eda [&hellip;]<\/p>\n","protected":false},"author":1,"featured_media":0,"comment_status":"open","ping_status":"open","sticky":false,"template":"","format":"standard","meta":{"footnotes":""},"categories":[1],"tags":[],"class_list":["post-3732","post","type-post","status-publish","format-standard","hentry","category-sin-categoria"],"_links":{"self":[{"href":"https:\/\/elblogdejoseblasfernandez.com\/index.php?rest_route=\/wp\/v2\/posts\/3732","targetHints":{"allow":["GET"]}}],"collection":[{"href":"https:\/\/elblogdejoseblasfernandez.com\/index.php?rest_route=\/wp\/v2\/posts"}],"about":[{"href":"https:\/\/elblogdejoseblasfernandez.com\/index.php?rest_route=\/wp\/v2\/types\/post"}],"author":[{"embeddable":true,"href":"https:\/\/elblogdejoseblasfernandez.com\/index.php?rest_route=\/wp\/v2\/users\/1"}],"replies":[{"embeddable":true,"href":"https:\/\/elblogdejoseblasfernandez.com\/index.php?rest_route=%2Fwp%2Fv2%2Fcomments&post=3732"}],"version-history":[{"count":2,"href":"https:\/\/elblogdejoseblasfernandez.com\/index.php?rest_route=\/wp\/v2\/posts\/3732\/revisions"}],"predecessor-version":[{"id":3736,"href":"https:\/\/elblogdejoseblasfernandez.com\/index.php?rest_route=\/wp\/v2\/posts\/3732\/revisions\/3736"}],"wp:attachment":[{"href":"https:\/\/elblogdejoseblasfernandez.com\/index.php?rest_route=%2Fwp%2Fv2%2Fmedia&parent=3732"}],"wp:term":[{"taxonomy":"category","embeddable":true,"href":"https:\/\/elblogdejoseblasfernandez.com\/index.php?rest_route=%2Fwp%2Fv2%2Fcategories&post=3732"},{"taxonomy":"post_tag","embeddable":true,"href":"https:\/\/elblogdejoseblasfernandez.com\/index.php?rest_route=%2Fwp%2Fv2%2Ftags&post=3732"}],"curies":[{"name":"wp","href":"https:\/\/api.w.org\/{rel}","templated":true}]}}