{"id":3737,"date":"2022-02-06T14:18:38","date_gmt":"2022-02-06T13:18:38","guid":{"rendered":"http:\/\/elblogdejoseblasfernandez.com\/?p=3737"},"modified":"2022-02-06T14:18:39","modified_gmt":"2022-02-06T13:18:39","slug":"la-pandemia-que-viene","status":"publish","type":"post","link":"https:\/\/elblogdejoseblasfernandez.com\/?p=3737","title":{"rendered":"LA PANDEMIA QUE VIENE"},"content":{"rendered":"\n\n\n<p>       Al hablar  o mencionar la palabra pandemia nos estamos situando  en tantos y tantos acontecimientos fallidos que las distintas olas del COVID-19 ha tra\u00eddo sobre la humanidad y que  desde  marzo\/2020 nos ha descontrolado cualquier aspiraci\u00f3n de prosperidad que la sociedad ten\u00eda marcada. El mundo ha estado revuelto. Los muertos han sido de tal envergadura que   ni existen controles sobre la p\u00e9rdida de humanidad que hemos tenido y, por desgracia, Espa\u00f1a ha estado asustada y recogida en retaguardia porque  no se sab\u00eda el alcance y final que  la pandemia ten\u00eda para con nosotros.<\/p>\n\n\n\n<p>           Hoy estamos resucitando todo aquello que hemos perdido; est\u00e1n las medidas laborales tomadas acabando  su misi\u00f3n y los ERTES  enterr\u00e1ndose,  pero la econom\u00eda que ya parece que empieza a caminar no encuentra par\u00e1metros para seguir la senda de lo que se ten\u00eda antes del comienzo de la pandemia.<\/p>\n\n\n\n\n\n<p>          Los espa\u00f1oles no conoc\u00edamos algo similar. Hac\u00eda ya un siglo que tuvimos otra  que tambi\u00e9n acab\u00f3  con miles de personas y que con vacunas y medios  que se pusieron  decay\u00f3 en pocos a\u00f1os y resurgi\u00f3 una nueva vida, pero  hoy la sociedad  que al principio estaba conmovida y asustada viendo caer a sus seres queridos  por miles, ha empezado a  poner el video de la vida y analizar  lo que se ha hecho mal y lo que se ha hecho bien. Por eso, si analizamos las sentencias del Tribunal Constitucional, las cuales  han anulado  el r\u00e9gimen de control al gobierno en el Congreso,  es algo tan grave que pone de manifiesto que hemos tenido  unos gestores  desproporcionados y dando palos de ciego sin saber a d\u00f3nde nos llevaban. Ha propiciado hacer responsables a las Comunidades Aut\u00f3nomas, dejando sobre estas la responsabilidad del confinamiento y repartiendo seg\u00fan su parecer, vacunas de distintas farmac\u00e9uticas tal y como le daban las ganas y mintiendo con la existencia de una comisi\u00f3n de expertos que ni han existido ni se saben qui\u00e9nes eran y parece como si eso  no tuviera trascendencia. Es decir,  nos han metido en formol pol\u00edtico durante  un tiempo,  las Cortes Generales no han funcionado y los parlamentarios han estado no s\u00f3lo con la mascarilla sino hasta con un esparadrapo en la boca porque no pod\u00edan ni preguntar. Es decir, un vac\u00edo legal lleno de reales decretos al antojo del ejecutivo y con un Presidente que daba m\u00edtines todas las semanas para enga\u00f1arnos y convencernos de que las medidas que se tomaban eran las m\u00e1s oportunas, cuando sab\u00edamos que ni ten\u00eda medios y encima se dedicaba a enfrentarse a toda aquella Comunidad Aut\u00f3noma que le hiciera frente,  como ocurri\u00f3 con la Comunidad de Madrid.<\/p>\n\n\n\n<p>          Se han quedado muchos cad\u00e1veres en el camino, nadie habla de responsabilidades y  ahora cuando recibe varapalos de los Tribunales por su mala actuaci\u00f3n, m\u00e1s de un ministro o ministra critica al Poder Judicial porque encima quieren hasta revisar las sentencias que les han sido adversas o  chulear pol\u00edticamente hablando en m\u00edtines de partidos  manifestando la titular de Hacienda que el lunes pr\u00f3ximo lo que ha anulado el Tribunal Constitucional yo lo apruebo de nuevo  a m\u00ed manera en el Consejo de Ministros, en referencia a la  injusta plusval\u00eda.\u00a0\u00a0\u00a0 Todo se resume no solamente en una p\u00e9sima gesti\u00f3n, sino lo peor es lo que viene, es esa pandemia que nos va a tocar el bolsillo, nos va hacer econ\u00f3micamente d\u00e9biles y ya se comprueba la cantidad de subidas de impuestos  y productos de primera necesidad que encarecer\u00e1n no solamente el mercado, sino  el conjunto econ\u00f3mico y pr\u00f3spero de Espa\u00f1a.<\/p>\n\n\n\n\n\n<p>          Hablan de reforma laboral como si fuera la panacea para crear empleo y a los dos d\u00edas, la titular de Trabajo pide silencio y que los agentes sociales debatan entre ellos qu\u00e9 quieren. Es decir, de intervenir a dejar  un barco a la deriva  porque no es capaz de  buscar ning\u00fan vericueto para arreglar el mercado de trabajo y no olvidemos al sabio ministro de Seguridad Social que ahora resulta que subir las cuotas de las cotizaciones es la \u00fanica medida que encuentra para poder pagar la paga extraordinaria de  navidad de los pensionistas. Es decir, palos de ciego, mucho humo, mucha literatura y nada de lo que dicen convence a nadie porque hablarle a los sindicatos de mejoras es como predicar en el desierto, pero olvidan los muy in\u00fatiles que estamos en Europa y tanto los Presupuestos que dan por aprobados como  el gasto p\u00fablico  desorbitado que ellos tienen son un brindis al sol  que el papel todo lo admite, porque Europa nos va a prestar dinero, pero antes quiere ver en qu\u00e9 lo gastamos, porque para cheques bebes  y darle a los j\u00f3venes dinero para ir al cine, no es m\u00e1s que sacarles a sus padres del aumento del IRPF tales cuant\u00edas para  hacer populismo, pero ni sabemos a d\u00f3nde vamos y s\u00f3lo conocemos  que al parecer las navidades ser\u00e1n mejores, pero claro, ya est\u00e1n aqu\u00ed las huelgas y ya est\u00e1n aqu\u00ed las manifestaciones y ya est\u00e1n aqu\u00ed las presiones de los transportistas que de prosperar puede ser un caos absoluto, no solo para el consumo sino para la sociedad en general, sin olvidar que del coste de la electricidad no habla nadie y soluciones  para los m\u00e1s d\u00e9biles  y vulnerables ni la encuentran ni lo saben. Es decir, no solo estamos endeudados  hasta lo  m\u00e1s alto, sino que  luego cada socio del gobierno ha pedido  su \u201ctajada\u201d en los presupuestos, sin importarles  que cuando esta legislatura termine o se disuelva, que ser\u00e1 lo m\u00e1s seguro, las cuentas no las conocer\u00e1n porque no habr\u00e1 m\u00e1quinas calculadoras que puedan aguantar tantos d\u00edgitos en negativo.<\/p>\n\n\n\n<p>           En resumen, la pandemia que nos viene estar\u00e1 mezclada por un lado por la salud f\u00edsica y por otro, por la salud econ\u00f3mica, pero como gobierna la izquierda y se adue\u00f1a de la calle, todo se dejar\u00e1  para cuando entre otro gobierno conservador y entonces se le echar\u00e1 la culpa hasta de por qu\u00e9 muri\u00f3 Viriato.     <\/p>\n","protected":false},"excerpt":{"rendered":"<p>Al hablar o mencionar la palabra pandemia nos estamos situando en tantos y tantos acontecimientos fallidos que las distintas olas del COVID-19 ha tra\u00eddo sobre la humanidad y que desde marzo\/2020 nos ha descontrolado cualquier aspiraci\u00f3n de prosperidad que la sociedad ten\u00eda marcada. El mundo ha estado revuelto. Los muertos han sido de tal envergadura [&hellip;]<\/p>\n","protected":false},"author":1,"featured_media":0,"comment_status":"open","ping_status":"open","sticky":false,"template":"","format":"standard","meta":{"footnotes":""},"categories":[1],"tags":[],"class_list":["post-3737","post","type-post","status-publish","format-standard","hentry","category-sin-categoria"],"_links":{"self":[{"href":"https:\/\/elblogdejoseblasfernandez.com\/index.php?rest_route=\/wp\/v2\/posts\/3737","targetHints":{"allow":["GET"]}}],"collection":[{"href":"https:\/\/elblogdejoseblasfernandez.com\/index.php?rest_route=\/wp\/v2\/posts"}],"about":[{"href":"https:\/\/elblogdejoseblasfernandez.com\/index.php?rest_route=\/wp\/v2\/types\/post"}],"author":[{"embeddable":true,"href":"https:\/\/elblogdejoseblasfernandez.com\/index.php?rest_route=\/wp\/v2\/users\/1"}],"replies":[{"embeddable":true,"href":"https:\/\/elblogdejoseblasfernandez.com\/index.php?rest_route=%2Fwp%2Fv2%2Fcomments&post=3737"}],"version-history":[{"count":2,"href":"https:\/\/elblogdejoseblasfernandez.com\/index.php?rest_route=\/wp\/v2\/posts\/3737\/revisions"}],"predecessor-version":[{"id":3742,"href":"https:\/\/elblogdejoseblasfernandez.com\/index.php?rest_route=\/wp\/v2\/posts\/3737\/revisions\/3742"}],"wp:attachment":[{"href":"https:\/\/elblogdejoseblasfernandez.com\/index.php?rest_route=%2Fwp%2Fv2%2Fmedia&parent=3737"}],"wp:term":[{"taxonomy":"category","embeddable":true,"href":"https:\/\/elblogdejoseblasfernandez.com\/index.php?rest_route=%2Fwp%2Fv2%2Fcategories&post=3737"},{"taxonomy":"post_tag","embeddable":true,"href":"https:\/\/elblogdejoseblasfernandez.com\/index.php?rest_route=%2Fwp%2Fv2%2Ftags&post=3737"}],"curies":[{"name":"wp","href":"https:\/\/api.w.org\/{rel}","templated":true}]}}