{"id":3749,"date":"2022-02-06T14:34:35","date_gmt":"2022-02-06T13:34:35","guid":{"rendered":"http:\/\/elblogdejoseblasfernandez.com\/?p=3749"},"modified":"2022-02-06T14:34:36","modified_gmt":"2022-02-06T13:34:36","slug":"cuando-las-huelgas-se-convierten-en-salvajadas","status":"publish","type":"post","link":"https:\/\/elblogdejoseblasfernandez.com\/?p=3749","title":{"rendered":"CUANDO LAS HUELGAS SE CONVIERTEN EN SALVAJADAS"},"content":{"rendered":"\n<p>         Nuestro Estado de Derecho contempla en el apartado 2 del art\u00edculo 28 de la Constituci\u00f3n Espa\u00f1ola,  el reconocimiento al derecho a la huelga de los trabajadores para la defensa de sus intereses y tambi\u00e9n manifiesta que la ley que regule el ejercicio de este derecho establecer\u00e1 las garant\u00edas precisas para asegurar el mantenimiento de los servicios esenciales de la comunidad.<\/p>\n\n\n\n\n\n<p>          En estos d\u00edas, las mesas de negociaci\u00f3n colectiva de los convenios han estado \u201cmoviditas\u201d y en ese tira y afloja que las partes de un convenio colectivo deben negociar, no pod\u00eda esperarse, pues ha sido una sorpresa, que lo que no se llegaba a acuerdos en las mesas negociadoras, paralelamente unos trabajadores tomaran las calles para reivindicar  un mejor convenio colectivo dentro de la legitimidad que ello conlleva, pero lo que no esperaban ni los propios trabajadores y menos la ciudadan\u00eda es que  se convirtieran las calles, en este caso, de C\u00e1diz y su provincia, en un batalla campal,  donde los derechos de los ciudadanos no afectados por ese convenio, no tuviesen la garant\u00eda para el mantenimiento esencial de sus servicios. Es decir, mientras que se pide algo no se puede perjudicar a quienes no forman parte de esa plataforma reivindicativa y es lo que ha ocurrido, ya que hemos comprobado que toda norma  establecida y donde la libertad es de todos, se  ha vulnerado, de una forma salvaje,  los derechos de la ciudadan\u00eda.<\/p>\n\n\n\n\n\n<p>          No voy a entrar en la cuant\u00eda mayor o menor que un convenio puede tener, pues si uno reivindica  una cantidad y el otro no puede darla, nos encontramos en un comp\u00e1s de espera que s\u00f3lo el di\u00e1logo y las buenas costumbres hacen llegar a acuerdos que siempre ser\u00e1n mejores que un buen pleito. Por tanto,  no pueden esos \u201cpiquetes informativos\u201d,  convertidos en piquetes salvajes,  atemorizar a la poblaci\u00f3n, no dejarla circular libremente por la v\u00eda p\u00fablica, quemarles los coches que muchos los est\u00e1n pagando con sacrificios o quemar y partir el mobiliario urbano que a la postre lo pagamos todos, en especial quienes han estado atemorizados y coaccionados,  por no poder  tener lo m\u00e1s esencial que es la libertad de movimientos.<\/p>\n\n\n\n\n\n<p>          Sobre las huelgas se ha manifestado en reiteradas ocasiones el Tribunal Constitucional y est\u00e1 regulado este derecho por un Real Decreto Ley de 1977, que si bien podr\u00eda ser preconstitucional, el legislador no lo ha modificado en el \u201ccoraz\u00f3n\u201d de su contenido y, l\u00f3gicamente, ha dejado a los tribunales muchos canales abiertos para regular cada  momento y cada situaci\u00f3n, pues existe  hasta un Auto del Tribunal Constitucional de 9 de marzo de 1992 que regulaba los accesos a una factor\u00eda y advert\u00eda de las consecuencias graves   de no dejar libremente a que unos trabajadores pudieran no ir a la huelga,  pues era tambi\u00e9n un derecho de \u00e9stos. Pero no, aqu\u00ed en C\u00e1diz  y su Bah\u00eda se pretendi\u00f3 por parte de los provocadores cortar  ambas v\u00edas de acceso a la ciudad como son los dos puentes que atraviesan la Bah\u00eda y  como no consiguieron dicho objetivo,  destrozaron todo lo que encontraban a su alcance e inclusive  la polic\u00eda que velaba por los derechos de los que no estaban en huelga, recibi\u00f3 contundentes agresiones  y  toda clase de improperios, pedradas y objetos contundentes  de manera indiscriminada y  hasta por utilizar una tanqueta en Puerto Real, les dec\u00edan que actuaban como si ello fuese una guerra, cuando dicha tanqueta solo serv\u00eda para abrir las calles que estaban llenas de obst\u00e1culos y contenedores esparcidos y lo que no utilizaron, pese a tener ese derecho, es a defenderse con chorros de agua. Es decir, ante ese brutal ataque, la defensa y el orden estaba por encima de todos. Nueve d\u00edas de calles cortadas, nueve d\u00edas de suspensiones de citas m\u00e9dicas, nueve d\u00edas de no poder circular por la ciudad, nueve d\u00edas de no poder asistir a ese derecho que tenemos de cubrir nuestras necesidades de compra,  nueve d\u00edas de no llevar a cabo los tr\u00e1mites legales  ante los organismos y un etc\u00e9tera que contiene los nueve d\u00edas que han supuesto p\u00e9rdidas econ\u00f3micas incalculables y morales, pero claro, el inter\u00e9s de la minor\u00eda se ha querido anteponer,  il\u00edcitamente con intimidaci\u00f3n,  al inter\u00e9s general del  resto de los ciudadanos. A nuestro Estado de Derecho lo han  querido debilitar y para colmo, las instituciones  y sus representantes, como es el caso del Alcalde de C\u00e1diz, que representa a todos los gaditanos, buscando el hueco demag\u00f3gico y provocando a quienes quieren el orden, se convirti\u00f3,  con un meg\u00e1fono,  en un vocero m\u00e1s   provocando  a su antigua usanza, de liberado sindical,  la agitaci\u00f3n  y el desorden. Lo que, en resumen, tras un acuerdo negociado en la mesa adecuada y ratificado por la mayor\u00eda, ya el conflicto ha deca\u00eddo, pero ahora vendr\u00e1n las secuelas, que no son otras  que,  posiblemente,  algunas empresas  que encomienden trabajos a este sector rescindir\u00e1n sus contratos para irse a otro lugar menos conflictivo y la guinda de esto es que no se har\u00e1n muchos trabajos en el sector naval, porque se dir\u00e1 que la conflictividad en C\u00e1diz no garantiza los contratos.<\/p>\n\n\n\n<p>          En definitiva, me adhiero al acuerdo llevado a cabo y a la leg\u00edtima huelga pac\u00edfica que se hiciera y repruebo las salvajadas habidas, pero las consecuencias que podamos tener a partir de ahora, el tiempo nos lo dir\u00e1. <\/p>\n","protected":false},"excerpt":{"rendered":"<p>Nuestro Estado de Derecho contempla en el apartado 2 del art\u00edculo 28 de la Constituci\u00f3n Espa\u00f1ola, el reconocimiento al derecho a la huelga de los trabajadores para la defensa de sus intereses y tambi\u00e9n manifiesta que la ley que regule el ejercicio de este derecho establecer\u00e1 las garant\u00edas precisas para asegurar el mantenimiento de los [&hellip;]<\/p>\n","protected":false},"author":1,"featured_media":0,"comment_status":"open","ping_status":"open","sticky":false,"template":"","format":"standard","meta":{"footnotes":""},"categories":[1],"tags":[],"class_list":["post-3749","post","type-post","status-publish","format-standard","hentry","category-sin-categoria"],"_links":{"self":[{"href":"https:\/\/elblogdejoseblasfernandez.com\/index.php?rest_route=\/wp\/v2\/posts\/3749","targetHints":{"allow":["GET"]}}],"collection":[{"href":"https:\/\/elblogdejoseblasfernandez.com\/index.php?rest_route=\/wp\/v2\/posts"}],"about":[{"href":"https:\/\/elblogdejoseblasfernandez.com\/index.php?rest_route=\/wp\/v2\/types\/post"}],"author":[{"embeddable":true,"href":"https:\/\/elblogdejoseblasfernandez.com\/index.php?rest_route=\/wp\/v2\/users\/1"}],"replies":[{"embeddable":true,"href":"https:\/\/elblogdejoseblasfernandez.com\/index.php?rest_route=%2Fwp%2Fv2%2Fcomments&post=3749"}],"version-history":[{"count":2,"href":"https:\/\/elblogdejoseblasfernandez.com\/index.php?rest_route=\/wp\/v2\/posts\/3749\/revisions"}],"predecessor-version":[{"id":3754,"href":"https:\/\/elblogdejoseblasfernandez.com\/index.php?rest_route=\/wp\/v2\/posts\/3749\/revisions\/3754"}],"wp:attachment":[{"href":"https:\/\/elblogdejoseblasfernandez.com\/index.php?rest_route=%2Fwp%2Fv2%2Fmedia&parent=3749"}],"wp:term":[{"taxonomy":"category","embeddable":true,"href":"https:\/\/elblogdejoseblasfernandez.com\/index.php?rest_route=%2Fwp%2Fv2%2Fcategories&post=3749"},{"taxonomy":"post_tag","embeddable":true,"href":"https:\/\/elblogdejoseblasfernandez.com\/index.php?rest_route=%2Fwp%2Fv2%2Ftags&post=3749"}],"curies":[{"name":"wp","href":"https:\/\/api.w.org\/{rel}","templated":true}]}}