{"id":3767,"date":"2022-02-06T14:55:37","date_gmt":"2022-02-06T13:55:37","guid":{"rendered":"http:\/\/elblogdejoseblasfernandez.com\/?p=3767"},"modified":"2022-02-06T14:55:38","modified_gmt":"2022-02-06T13:55:38","slug":"la-desigualdad-del-ministerio-de-igualdad","status":"publish","type":"post","link":"https:\/\/elblogdejoseblasfernandez.com\/?p=3767","title":{"rendered":"LA DESIGUALDAD DEL MINISTERIO DE IGUALDAD"},"content":{"rendered":"\n\n\n<p>         El pasado d\u00eda 13 de Diciembre, el Ministerio de Igualdad ha dictado una resoluci\u00f3n,   por parte de su Secretaria de Estado,   contra la violencia de g\u00e9nero publicando el acuerdo de la Conferencia Sectorial de Igualdad,  donde se relacionan las acreditaciones que dan lugar a las situaciones de violencia de g\u00e9nero, algo que cualquier profesional del Derecho le chirr\u00eda, pues el Ministerio de la Sra. Irene Montero determina que las mujeres ser\u00e1n v\u00edctimas de violencia de g\u00e9nero aunque el acusado sea absuelto. Esto,  ya  rompe todos los esquemas de la seguridad jur\u00eddica y en especial, lo que debe dominar toda norma en un Estado de Derecho como el nuestro.<\/p>\n\n\n\n<p>          Leer el BOE ya no ofrece ninguna garant\u00eda, pues como  el papel todo lo admite, se vuelca sobre el mismo  todo aquello que se considere por un Ministerio como este,  el cual deber\u00eda  desparecer por su coste y porque debe estar integrado en otro con mayor capacidad y defensa de los ciudadanos. Ver las situaciones en las que cabe la solicitud de la acreditaci\u00f3n administrativa de  las situaciones de violencia de g\u00e9nero no ofrece m\u00e1s que inseguridad y desasosiego, pues la violencia de g\u00e9nero est\u00e1 perfectamente tipificada y contra la que no tengo objeto de oposici\u00f3n y, por supuesto, aquellas mujeres que est\u00e1n rodeadas de cualquier atisbo de esta violencia, debe tener una protecci\u00f3n totalmente clara y contundente contra  el acosador o acosadores que pretendan violar la norma, pero no cabe duda que  la mujer que ha denunciado un acoso y \u00e9ste fuese  sobrese\u00eddo o archivado por un Tribunal y el acusado  fuese absuelto o bien no se lleg\u00f3 a demostrar la existencia de la violencia a la mujer, se le califica tambi\u00e9n a \u00e9sta  como v\u00edctima de  violencia de g\u00e9nero, lo que  jur\u00eddicamente es improcedente.<\/p>\n\n\n\n\n\n<p>          En este texto aparecido en el BOE se declara expl\u00edcitamente que la violencia por raz\u00f3n de g\u00e9nero que se ejerce sobre las mujeres por el mero hecho de serlo constituye una clara vulneraci\u00f3n de sus derechos humanos y una discriminaci\u00f3n contra las mujeres que obliga a los poderes p\u00fablicos a adoptar las iniciativas y medidas necesarias encaminadas a su eliminaci\u00f3n, as\u00ed como  a la protecci\u00f3n y atenci\u00f3n de sus v\u00edctimas. Lo m\u00e1s curioso es cuando se llega al apartado segundo de estos procedimientos, donde se especifican las situaciones en las que cabe la solicitud de la acreditaci\u00f3n administrativa como tales v\u00edctimas de violencia de g\u00e9nero, donde se  incluye a aquellas  que se encuentren en proceso de toma de decisi\u00f3n de denunciar o v\u00edctimas de las cuales el procedimiento judicial haya quedado archivado o sobrese\u00eddo y lo m\u00e1s alarmante es cuando se refieren  y transcribo literalmente  a las v\u00edctimas con sentencia condenatoria firme con pena o penas ya extinguidas por prescripci\u00f3n, muerte del penado, cumplimiento de la condena, entre otras causas u orden de protecci\u00f3n  que haya quedado  inactiva (las medidas impuestas ya no est\u00e1n en vigor), por sentencia absolutoria o cualquier otra causa que no declare probada la existencia de la violencia, as\u00ed como  v\u00edctimas a las que se hayan denegado la orden de protecci\u00f3n, pero existan diligencias penales abiertas, y por \u00faltimo, cuando existan antecedentes previos de denuncia o retirada de la misma, lo que determina que con los simples indicios ya es suficiente  para acreditar sin ning\u00fan otro t\u00edtulo esta situaci\u00f3n.<\/p>\n\n\n\n<p>          L\u00f3gicamente,   las denuncias falsas van a correr como la tinta, pues esto  desiguala a las verdaderas v\u00edctimas, ya que no van a gozar de discriminaci\u00f3n positiva alguna, pues es injusto e imprudente  que las denuncias cuando sean falsas,  aplicando el uso indebido del Derecho para beneficiarse e incluso para agilizar divorcios,  van a resultar llamativas y aberrantes, pues en este bolet\u00edn pese a que exista una sentencia absolutoria a favor \u201cdel maltratador\u201d se podr\u00e1n beneficiar  de las ayudas sociales todas las v\u00edctimas denunciantes, suponiendo no solamente una guerra  de sexos, sino  una desigualdad de las m\u00e1s importantes que se dar\u00e1n a  partir de ahora.<\/p>\n\n\n\n<p>          Con todo esto, rechazo plenamente  la situaci\u00f3n de violencia de g\u00e9nero que tenemos en nuestros d\u00edas, pues aunque en este a\u00f1o hemos alcanzado la cifra m\u00e1s baja desde el 2003,  es injusto seguir con un n\u00famero tan alto como tenemos hoy, de 37 mujeres asesinadas por sus parejas o exparejas y esto hay que afrontarlo con toda dureza  y siempre con medidas que den un resultado para su eliminaci\u00f3n y, por supuesto, valorar el pacto alcanzado  para garantizar   a estas mujeres atacas por esta lacra que no cesa,  su prestaci\u00f3n y ayuda adecuada para poder sostener  la carga que conllevan, pero entiendo que si no se demuestra y se acredita la violencia  que es lo que hay que perseguir seguro que  los tribunales y la jurisprudencia tambi\u00e9n operar\u00e1 en favor de la presunci\u00f3n de inocencia y hoy aunque no guste y se oculte, tambi\u00e9n existen muchas denuncias falsas que con este sistema va seguir una l\u00ednea ascendente para cobrar prestaciones cuando no exista maltratador o cuando los tribunales ni siquiera lo hayan probado.          Creo que lo que no se puede es  ampliar la desigualdad, cuando ese no es el tema  de fondo y legislar de forma populista  y crey\u00e9ndose que con ello se arreglan los problemas,  estamos ante un gran error y el tiempo y los tribunales dir\u00e1n c\u00f3mo termina todo esto. <\/p>\n","protected":false},"excerpt":{"rendered":"<p>El pasado d\u00eda 13 de Diciembre, el Ministerio de Igualdad ha dictado una resoluci\u00f3n, por parte de su Secretaria de Estado, contra la violencia de g\u00e9nero publicando el acuerdo de la Conferencia Sectorial de Igualdad, donde se relacionan las acreditaciones que dan lugar a las situaciones de violencia de g\u00e9nero, algo que cualquier profesional del [&hellip;]<\/p>\n","protected":false},"author":1,"featured_media":0,"comment_status":"open","ping_status":"open","sticky":false,"template":"","format":"standard","meta":{"footnotes":""},"categories":[1],"tags":[],"class_list":["post-3767","post","type-post","status-publish","format-standard","hentry","category-sin-categoria"],"_links":{"self":[{"href":"https:\/\/elblogdejoseblasfernandez.com\/index.php?rest_route=\/wp\/v2\/posts\/3767","targetHints":{"allow":["GET"]}}],"collection":[{"href":"https:\/\/elblogdejoseblasfernandez.com\/index.php?rest_route=\/wp\/v2\/posts"}],"about":[{"href":"https:\/\/elblogdejoseblasfernandez.com\/index.php?rest_route=\/wp\/v2\/types\/post"}],"author":[{"embeddable":true,"href":"https:\/\/elblogdejoseblasfernandez.com\/index.php?rest_route=\/wp\/v2\/users\/1"}],"replies":[{"embeddable":true,"href":"https:\/\/elblogdejoseblasfernandez.com\/index.php?rest_route=%2Fwp%2Fv2%2Fcomments&post=3767"}],"version-history":[{"count":2,"href":"https:\/\/elblogdejoseblasfernandez.com\/index.php?rest_route=\/wp\/v2\/posts\/3767\/revisions"}],"predecessor-version":[{"id":3771,"href":"https:\/\/elblogdejoseblasfernandez.com\/index.php?rest_route=\/wp\/v2\/posts\/3767\/revisions\/3771"}],"wp:attachment":[{"href":"https:\/\/elblogdejoseblasfernandez.com\/index.php?rest_route=%2Fwp%2Fv2%2Fmedia&parent=3767"}],"wp:term":[{"taxonomy":"category","embeddable":true,"href":"https:\/\/elblogdejoseblasfernandez.com\/index.php?rest_route=%2Fwp%2Fv2%2Fcategories&post=3767"},{"taxonomy":"post_tag","embeddable":true,"href":"https:\/\/elblogdejoseblasfernandez.com\/index.php?rest_route=%2Fwp%2Fv2%2Ftags&post=3767"}],"curies":[{"name":"wp","href":"https:\/\/api.w.org\/{rel}","templated":true}]}}