{"id":3782,"date":"2022-02-06T15:18:25","date_gmt":"2022-02-06T14:18:25","guid":{"rendered":"http:\/\/elblogdejoseblasfernandez.com\/?p=3782"},"modified":"2022-02-06T15:18:26","modified_gmt":"2022-02-06T14:18:26","slug":"para-el-ministro-garzon-ni-carne-ni-caldo-de-carne","status":"publish","type":"post","link":"https:\/\/elblogdejoseblasfernandez.com\/?p=3782","title":{"rendered":"PARA EL MINISTRO GARZ\u00d3N, NI CARNE NI CALDO DE CARNE."},"content":{"rendered":"\n\n\n<p>         Tras las desafortunadas declaraciones del Ministro de Consumo, Alberto Garz\u00f3n,  en la entrevista realizada al THE GUARDIAN, a finales de diciembre pasado, las cr\u00edticas no se han hecho esperar y por d\u00eda aumentan de forma desproporcionada. No cabe duda que  el impacto  de lo que criticaba ha resultado tan negativo  que se han puesto en pie de guerra un gran grupo de profesionales de la materia  y, en especial, de la industria c\u00e1rnica que se hace imparable. Hasta hoy,  lo que de forma atrevida y sin pensarse que representaba a millones de espa\u00f1oles, un Ministro del Gobierno tan ignorante como es el Sr. Garz\u00f3n, ha venido a hundir a unos sectores que el efecto multiplicador de sus declaraciones  sobre  la ganader\u00eda sostenible y la negatividad que sobre el sector ha dado al exterior, deja en entredicho  los est\u00e1ndares  y control de primera calidad que posee la carne espa\u00f1ola.<\/p>\n\n\n\n<p>           El Ministro  desconoce el modelo de ganader\u00eda que se practica en muchas regiones de Espa\u00f1a y se ha limitado a dar una opini\u00f3n sesgada sin  saber las consecuencias de tales declaraciones y c\u00f3mo la pol\u00e9mica se ha esparcido con grandes secuelas, pues diferenciaba en sus declaraciones entre el modelo intensivo de ganader\u00eda y el extensivo, manifestando que sobre el primero se trata de una ganader\u00eda de mucho peso en muchas regiones como Asturias, parte de Castilla y Le\u00f3n e incluso en Extremadura y Andaluc\u00eda y argumentando en su segunda manifestaci\u00f3n de gran calado que hay grandes empresas que se aprovechan de pueblos de la Espa\u00f1a despoblada para explotar 4000 cabezas de ganado  y contaminar los suelos y el agua, no olvid\u00e1ndose para mayor inri, que la carne es de mala calidad y que es fruto del maltrato animal.<\/p>\n\n\n\n\n\n<p>          Entiendo que Garz\u00f3n defienda la ganader\u00eda extensiva frente a las macro-granjas que es lo que debi\u00f3 hacer, pero atacar como lo ha hecho para el desprestigio exterior de nuestras carnes y de nuestro prestigio alimentario es una agresi\u00f3n directa a una parte importante de la econom\u00eda espa\u00f1ola. Luego,  ha querido  justificarse que el periodista, por motivos de espacio, excluy\u00f3 algunas de sus manifestaciones, es decir, ha querido matar al mensajero y de nuevo se ha envuelto torticeramente en una nueva pol\u00e9mica con este sector, pues no es la primera vez que ha emitido  sapos y culebras sobre las emisiones de gases de efecto invernadero que proven\u00edan de la ganader\u00eda y  maltrat\u00f3 a las macro-granjas como protagonistas de este problema.<\/p>\n\n\n\n\n\n<p>          Garz\u00f3n es consciente de que aunque est\u00e9 de prestado en el Gobierno, es inamovible por el pacto social-comunista que existe, pero ha sido tan brutalmente da\u00f1ada la imagen de Espa\u00f1a en el exterior que ya los ganaderos est\u00e1n empezando a preocuparse  por el futuro de sus ganader\u00edas y de la mano de obra que posee este sector. Desde luego, Ministros que hagan da\u00f1o y que no vean el inter\u00e9s general de Espa\u00f1a como algo suyo, no merecen m\u00e1s que el desprecio de quienes le siguen, pues pese a tener un Ministerio insolvente, el cual ni debiera existir, porque posee competencias rid\u00edculas, debi\u00f3 de estar calladito, seguir a costa de nuestros impuestos gastando dinero en propaganda de juguetes y montado en un coche oficial con escolta, que seguro le hubiese ido mejor, al menos, vive del cuento, no le da un palo al agua y si quiere hablar de algo que lo haga de su vida profesional,   de sus conocimientos huecos y est\u00e9riles y de un Ministerio  que no sirve para nada y  que nos cuesta decenas de millones de euros, pero  meterse con Espa\u00f1a y con uno de los sectores m\u00e1s importantes que alimenta nuestro pa\u00eds, tanto interior como exteriormente, es tener mala fe. Por eso la reprobaci\u00f3n que puede hacerse contra dicho Ministro y la dimisi\u00f3n de \u00e9ste est\u00e1 m\u00e1s que justificada, pues los ineptos s\u00f3lo merecen esa recompensa.<\/p>\n\n\n\n<p>          Un Consejo de Ministros ya enfrentado y dividido, no tiene valor alguno. Son muchos, pues el n\u00famero de ministerios es alarmante, dentro de una crisis econ\u00f3mica tan profunda, pero tener a un Ministro que quiera tenernos en vigilia como en aquellos tiempos donde por la Cuaresma no se pod\u00eda comer carne ni caldo de carne por muy alta calidad que tuviesen y ni tan siquiera la desaparecida bula pod\u00eda   quitarte de ese  precepto, pone  hoy en relieve que tener una persona de esta catadura haci\u00e9ndole da\u00f1o a nuestra pa\u00eds y justificando sus manifestaciones como si fuesen de otros, considero que pese al coste que sea y pese a los pactos ocultos que no conocemos, el Presidente del Gobierno tendr\u00eda que cesarlo autom\u00e1ticamente y de forma urgente.      <\/p>\n","protected":false},"excerpt":{"rendered":"<p>Tras las desafortunadas declaraciones del Ministro de Consumo, Alberto Garz\u00f3n, en la entrevista realizada al THE GUARDIAN, a finales de diciembre pasado, las cr\u00edticas no se han hecho esperar y por d\u00eda aumentan de forma desproporcionada. No cabe duda que el impacto de lo que criticaba ha resultado tan negativo que se han puesto en [&hellip;]<\/p>\n","protected":false},"author":1,"featured_media":0,"comment_status":"open","ping_status":"open","sticky":false,"template":"","format":"standard","meta":{"footnotes":""},"categories":[1],"tags":[],"class_list":["post-3782","post","type-post","status-publish","format-standard","hentry","category-sin-categoria"],"_links":{"self":[{"href":"https:\/\/elblogdejoseblasfernandez.com\/index.php?rest_route=\/wp\/v2\/posts\/3782","targetHints":{"allow":["GET"]}}],"collection":[{"href":"https:\/\/elblogdejoseblasfernandez.com\/index.php?rest_route=\/wp\/v2\/posts"}],"about":[{"href":"https:\/\/elblogdejoseblasfernandez.com\/index.php?rest_route=\/wp\/v2\/types\/post"}],"author":[{"embeddable":true,"href":"https:\/\/elblogdejoseblasfernandez.com\/index.php?rest_route=\/wp\/v2\/users\/1"}],"replies":[{"embeddable":true,"href":"https:\/\/elblogdejoseblasfernandez.com\/index.php?rest_route=%2Fwp%2Fv2%2Fcomments&post=3782"}],"version-history":[{"count":2,"href":"https:\/\/elblogdejoseblasfernandez.com\/index.php?rest_route=\/wp\/v2\/posts\/3782\/revisions"}],"predecessor-version":[{"id":3787,"href":"https:\/\/elblogdejoseblasfernandez.com\/index.php?rest_route=\/wp\/v2\/posts\/3782\/revisions\/3787"}],"wp:attachment":[{"href":"https:\/\/elblogdejoseblasfernandez.com\/index.php?rest_route=%2Fwp%2Fv2%2Fmedia&parent=3782"}],"wp:term":[{"taxonomy":"category","embeddable":true,"href":"https:\/\/elblogdejoseblasfernandez.com\/index.php?rest_route=%2Fwp%2Fv2%2Fcategories&post=3782"},{"taxonomy":"post_tag","embeddable":true,"href":"https:\/\/elblogdejoseblasfernandez.com\/index.php?rest_route=%2Fwp%2Fv2%2Ftags&post=3782"}],"curies":[{"name":"wp","href":"https:\/\/api.w.org\/{rel}","templated":true}]}}