{"id":3788,"date":"2022-02-06T15:23:38","date_gmt":"2022-02-06T14:23:38","guid":{"rendered":"http:\/\/elblogdejoseblasfernandez.com\/?p=3788"},"modified":"2022-02-06T15:23:39","modified_gmt":"2022-02-06T14:23:39","slug":"el-i-p-c-en-union-de-la-inflacion-hunde-la-capacidad-de-ahorro","status":"publish","type":"post","link":"https:\/\/elblogdejoseblasfernandez.com\/?p=3788","title":{"rendered":"EL I.P.C.,  EN UNI\u00d3N DE LA INFLACI\u00d3N,  HUNDE LA CAPACIDAD DE AHORRO"},"content":{"rendered":"\n<p>         Desde el mes de septiembre ya se ve\u00eda venir que el IPC, de forma desbocada, se convert\u00eda tras m\u00e1s de  una d\u00e9cada en la estrella negra de la econom\u00eda espa\u00f1ola para el 2022. Hoy, ya somos conocedores de que  el 6.5% del IPC se ha desbordado en par\u00e1metros casi inusuales en los \u00faltimos  doce a\u00f1os y que la inflaci\u00f3n  hunde un 45% la capacidad de ahorro de todos los espa\u00f1oles. Tenemos que afrontar  salarios por convenio colectivo que en  muchos casos suben 5 puntos menos que el  \u00faltimo dato de la inflaci\u00f3n,  pues si bien el IPC se ha centrado en bienes cuyo consumo era casi inevitable,  la situaci\u00f3n econ\u00f3mica llega a tal l\u00edmite donde miles de espa\u00f1oles mantienen  casi un bill\u00f3n en euros en dep\u00f3sitos sin remuneraci\u00f3n, por lo que  los salarios pr\u00e1cticamente se van a estancar y la inflaci\u00f3n ha convertido en amenaza el poder adquisitivo de la familia. Los precios estaban ya subiendo con fuerza imparable desde hace varios meses y el IPC interanual,   que creci\u00f3 un 5% en la zona euro, en Espa\u00f1a precisamente se ha centrado en el 6,5%, principalmente por el coste r\u00edgido de la energ\u00eda  que complica a\u00fan m\u00e1s,  si no hay alternativas,  para sustituir la subida hist\u00f3rica de la misma.<\/p>\n\n\n\n\n\n<p>          El mantener unos salarios estancados mientras que la inflaci\u00f3n sube aunque la remuneraci\u00f3n de los trabajadores suela ir detr\u00e1s de los precios, obligar\u00e1 forzosamente a que tambi\u00e9n los salarios tengan que subirse con incrementos  inesperados, pues en miles de convenios donde la media de \u00e9stos subieron un 1,47% hasta Diciembre de 2021, no cabe duda que el cierre del a\u00f1o con el 6,5% ha producido la tasa m\u00e1s alta en 29 a\u00f1os. Muchos convenios colectivos poseen cl\u00e1usula de salvaguarda, lo que hace seg\u00fan el Banco de Espa\u00f1a, que los salarios tardaran en adaptarse a la inflaci\u00f3n, pero no todos poseen dicha cl\u00e1usula, lo que  aproximadamente un n\u00famero muy elevado de trabajadores no podr\u00e1n mantener el poder adquisitivo de sus salarios. El IPC tambi\u00e9n ha tra\u00eddo subidas en las pensiones, pues en el 2022 la subida ser\u00e1 de un 2,5% para las pensiones contributivas, es decir, que se corresponde con el crecimiento medio de los precios en 2021 y un 3% para las pensiones m\u00ednimas y no contributivas, por lo que este compromiso de revalorizaci\u00f3n con el IPC se  har\u00e1 efectivo todos los a\u00f1os a partir de ahora, lo que en definitiva hace que el 1 de Enero de cada a\u00f1o, las pensiones suban y aumenten el IPC del a\u00f1o anterior para garantizar as\u00ed su revalorizaci\u00f3n, pero precisamente, \u00bfcu\u00e1ntos millones va a costar a las arcas p\u00fablicas tant\u00edsimas pensiones  que, aproximadamente son de nueve millones de personas, las que  van a tener ese  incremento?. Por tanto, seremos conscientes los espa\u00f1oles que el Sistema P\u00fablico de Pensiones tambi\u00e9n lleva un camino desbordado, pues aun cuando nos parezca poco la subida,  no cabe duda que  para sufragarlas  a\u00fan no han encontrado la f\u00f3rmula adecuada para su amortizaci\u00f3n anual y la Seguridad Social,  sin cotizantes va camino de despe\u00f1arse y en este pasado 2021, por el temor al recorte de pensiones,  las jubilaciones y  prestaciones de la Seguridad Social se han disparado, adelantando as\u00ed mayores pagos y mayor endeudamiento.          Con todo lo expuesto,  tenemos que plantearnos  c\u00f3mo se pueden preparar las organizaciones, patronales y empresas para hacer frente a los incrementos salariales que van a suponer las cl\u00e1usulas de garant\u00eda en tantos convenios colectivos,  pues en muchos de ellos tiene car\u00e1cter retroactivo desde 1 de enero de 2021, lo que este impacto de subida  y con esta aparente reforma laboral que a\u00fan est\u00e1  en el limbo, veremos si el aumento del desempleo y los despidos no nos vuelven  a jugar una mala pasada, pues  las tablas salariales de muchos convenios para el 2022, con respecto a los convenios del 2021, es una inc\u00f3gnita que con un 6,5% de IPC traer\u00e1 conflictividad y no olvidemos si hay que actualizar  el 1 de Enero de este a\u00f1o la diferencia  del IPC real cuando en muchas clausulas dicen que se abonaran cuando superen el 1,75%, es decir, que al menos el 5%  ser\u00e1 una espada de Damocles que nos va a caer de lleno.<\/p>\n\n\n\n\n\n<p>          El Gobierno ha hablado poco de esto,  porque  aparentemente  la responsabilidad de la subida salariales y por consiguiente las cotizaciones caer\u00e1n sobre los empleadores y l\u00f3gicamente aqu\u00ed en el conjunto econ\u00f3mico de todos los espa\u00f1oles, la inflaci\u00f3n  hace que la capacidad de ahorro, como he dicho antes, se hunda en un 45%, lo que hace que nos venga un endeudamiento excesivo  que limite el acceso al cr\u00e9dito, provocando en resumidas cuentas un crecimiento de la pobreza y obligando a una subida de impuestos  inesperados que en el 2022 no vamos a saber por d\u00f3nde nos vienen, pues si de la electricidad y su aumento desmesurado de la factura se le echaba la culpa a Rajoy, en otros tiempos con una subida de un 4%, c\u00f3mo callan ahora todos cuando esta subida, pese a las medidas coactivas impuestas a la el\u00e9ctricas supera el 300%. Hay que tener mucha desverg\u00fcenza para saber d\u00f3nde est\u00e1 el c\u00e1ncer de la subida interanual del IPC  y mirar para otro lado.<\/p>\n\n\n\n<p>          El mundo del trabajo a\u00fan no ha despertado por culpa de la pandemia y parece como si esta fuera la culpable de todo, pero  nos hemos dado cuenta que estamos ante la peor plantilla de gestores que Espa\u00f1a ha tenido, pues  entre Ministerios huecos y llenos de inoperancia y algunos que ni se les ve, esto lleva un camino inflacionista que veremos qui\u00e9n lo arregla. Pronto tendremos  huelgas sectoriales por el desfase de la inflaci\u00f3n  y pronto el endeudamiento de Espa\u00f1a, con la mayor tasa de desempleo de Europa, no tiene f\u00f3rmulas de arreglo, pues las trabas que la posible reforma laboral trae consigo  no nos dar\u00e1 m\u00e1s que  conflictos,  litigiosidad  y aumento de correcciones jurisprudenciales porque con la inflaci\u00f3n  y este IPC que el Gobierno silencia, el foll\u00f3n est\u00e1 servido.<\/p>\n\n\n\n<p>           Si esperamos que  los Fondos Europeos nos arreglen este desaguisado, estamos totalmente equivocados. O se les hace caso a los tecn\u00f3cratas y se distribuye  la carga de obligaciones  de manera equitativa,  o  desgraciadamente,   el empobrecimiento de las clases medias y de las peque\u00f1as y medianas empresas har\u00e1 que saquen   pronto del certificado de defunci\u00f3n econ\u00f3mico y cierre por quiebra. <\/p>\n","protected":false},"excerpt":{"rendered":"<p>Desde el mes de septiembre ya se ve\u00eda venir que el IPC, de forma desbocada, se convert\u00eda tras m\u00e1s de una d\u00e9cada en la estrella negra de la econom\u00eda espa\u00f1ola para el 2022. Hoy, ya somos conocedores de que el 6.5% del IPC se ha desbordado en par\u00e1metros casi inusuales en los \u00faltimos doce a\u00f1os [&hellip;]<\/p>\n","protected":false},"author":1,"featured_media":0,"comment_status":"open","ping_status":"open","sticky":false,"template":"","format":"standard","meta":{"footnotes":""},"categories":[1],"tags":[],"class_list":["post-3788","post","type-post","status-publish","format-standard","hentry","category-sin-categoria"],"_links":{"self":[{"href":"https:\/\/elblogdejoseblasfernandez.com\/index.php?rest_route=\/wp\/v2\/posts\/3788","targetHints":{"allow":["GET"]}}],"collection":[{"href":"https:\/\/elblogdejoseblasfernandez.com\/index.php?rest_route=\/wp\/v2\/posts"}],"about":[{"href":"https:\/\/elblogdejoseblasfernandez.com\/index.php?rest_route=\/wp\/v2\/types\/post"}],"author":[{"embeddable":true,"href":"https:\/\/elblogdejoseblasfernandez.com\/index.php?rest_route=\/wp\/v2\/users\/1"}],"replies":[{"embeddable":true,"href":"https:\/\/elblogdejoseblasfernandez.com\/index.php?rest_route=%2Fwp%2Fv2%2Fcomments&post=3788"}],"version-history":[{"count":2,"href":"https:\/\/elblogdejoseblasfernandez.com\/index.php?rest_route=\/wp\/v2\/posts\/3788\/revisions"}],"predecessor-version":[{"id":3792,"href":"https:\/\/elblogdejoseblasfernandez.com\/index.php?rest_route=\/wp\/v2\/posts\/3788\/revisions\/3792"}],"wp:attachment":[{"href":"https:\/\/elblogdejoseblasfernandez.com\/index.php?rest_route=%2Fwp%2Fv2%2Fmedia&parent=3788"}],"wp:term":[{"taxonomy":"category","embeddable":true,"href":"https:\/\/elblogdejoseblasfernandez.com\/index.php?rest_route=%2Fwp%2Fv2%2Fcategories&post=3788"},{"taxonomy":"post_tag","embeddable":true,"href":"https:\/\/elblogdejoseblasfernandez.com\/index.php?rest_route=%2Fwp%2Fv2%2Ftags&post=3788"}],"curies":[{"name":"wp","href":"https:\/\/api.w.org\/{rel}","templated":true}]}}