{"id":3799,"date":"2022-02-06T15:42:32","date_gmt":"2022-02-06T14:42:32","guid":{"rendered":"http:\/\/elblogdejoseblasfernandez.com\/?p=3799"},"modified":"2022-02-06T15:42:33","modified_gmt":"2022-02-06T14:42:33","slug":"un-voto-para-una-reforma","status":"publish","type":"post","link":"https:\/\/elblogdejoseblasfernandez.com\/?p=3799","title":{"rendered":"UN VOTO PARA UNA REFORMA"},"content":{"rendered":"\n\n\n<p>         La reforma  laboral del 2012 s\u00ed que ha quedado  fortificada porque cuanto se ha determinado en la pol\u00e9mica  mini reforma del 2022 poco  ha desvirtuado  lo que durante  diez a\u00f1os ha venido siendo la principal herramienta de las relaciones laborales en Espa\u00f1a. Tanta amenaza como algunos prodigaron de que  la reforma laboral del PP iba a ser arrasada, se ha quedado afortunadamente en un peque\u00f1o amago  y al final cuanto ha sido aprobado obedece principalmente a la jurisprudencia del Tribunal Supremo o Tribunal Europeo, pero lo retocado pr\u00e1cticamente  tiene que verse su resultado,  pues precisamente si se ha creado empleo con la reforma de Rajoy   y se ha demostrado que pese a la pandemia han funcionado los mecanismos de control como fueron los ERTEs en el mundo del trabajo, venimos a reconocer  que aquello se hizo bien  y en un momento muy dif\u00edcil.  Pero hoy, la reforma que el PSOE ha practicado con vicisitudes  no significa m\u00e1s que una acumulaci\u00f3n de desprop\u00f3sitos, y no lo digo por el fondo, sino por la forma de llevarlo a cabo y que al final por un solo voto mec\u00e1nico y, al parecer equivocado, de un Diputado del PP, la situaci\u00f3n  ha quedado  en tablas, porque sacar todo un proyecto legislativo  por un solo voto de diferencia ya demuestra lo d\u00e9bil que ha sido todo el planteamiento  llevado a cabo  y donde la credibilidad de ello se ha quedado en entredicho. En resumen, la reforma del 2012 ha quedado bien cimentada.<\/p>\n\n\n\n<p>          Es verdad que el desaparecido contrato de obra o servicio determinado que ha sido una de las fuentes m\u00e1s controvertidas,  hab\u00eda que darle una finalidad clara y concreta, pues se ha abusado mucho del mismo y yo dir\u00eda que hasta se ha cometido  mucho fraude en la contrataci\u00f3n laboral, pero dejar este tipo de contratos para que s\u00f3lo sean las administraciones p\u00fablicas las que se beneficien de los mismos en funci\u00f3n de sus programas es jugar sucio, porque la misma necesidad tambi\u00e9n poseen todas las empresas privadas, por lo que hacerse patente de corso  para quienes legislan es de una precariedad absoluta y no digamos de c\u00f3mo se va a regular  el contrato de trabajadores fijos discontinuos, pues quienes conocemos el mundo de la contrataci\u00f3n sabemos que esto va a dar una alta litigiosidad y casi seguro que pronto los Tribuales de lo Social ir\u00e1n desmontando caso a caso y en definitiva, el colapso judicial aumentar\u00e1 y siempre pagaran los mismos. Por lo dem\u00e1s, poco se puede hablar de esta  mini reforma o ap\u00e9ndice de reforma,  porque en cuanto a los cambios de contratos, ya sean de formaci\u00f3n o pr\u00e1cticas estaba ya todo inventado y  lo \u00fanico que se ha hecho es cambiar de nombre y bautizarlos nuevamente  para aparentar  la panacea del \u00e9xito, pero valorando este Real Decreto-ley que ahora ha pasado por el Congreso, para su convalidaci\u00f3n, s\u00f3lo nos queda como recuerdo el esc\u00e1ndalo, la impericia pol\u00edtica y la desfachatez con la que un tr\u00e1mite llevado a cabo por legisladores no se podr\u00e1 olvidar porque ha resultado un aut\u00e9ntico circo.<\/p>\n\n\n\n\n\n<p>          Ya tenemos  esta votaci\u00f3n en el Juzgado de Instrucci\u00f3n n\u00ba 47 de Madrid, para determinar si hubo delito inform\u00e1tico en la misma y  se ha solicitado a la Guardia Civil, por parte de dicho Juzgado, que se requise el ordenador con el que vot\u00f3 el Diputado  del PP, Sr. Casero, quien dijo haber tenido problemas t\u00e9cnicos para votar, pero  pese a eso entraremos en una guerra judicial que posiblemente y casi seguro ser\u00e1 el Tribunal Constitucional el que determine si la Presidenta del Congreso actu\u00f3 de buena fe o  llev\u00f3 a cabo  un \u201cpucherazo\u201d que podr\u00eda estar tipificado en un presunto delito de prevaricaci\u00f3n. Creo que no es justo que tantos millones de trabajadores que d\u00eda a d\u00eda y con el sudor de su frente se llevan un sustento  u otros que estando en el desempleo buscan trabajo, sin olvidar a tantos millones de aut\u00f3nomos y empresarios que con sus micropymes y pymes salen a la calle  a buscar un mercado laboral, sean abofeteados p\u00fablicamente por un Congreso, incluido el Gobierno de la Naci\u00f3n,  por el trato recibido y  comprobar por todas las televisiones  y en todos los telediarios y emisoras de radio c\u00f3mo la Presidenta del Congreso, donde \u201cdije digo, digo Diego\u201d y c\u00f3mo el bochornos aumentaba cuando se aplaud\u00edan y  besaban algunos y algunas Diputados\/as  al rectificar Meritxell Batet  un acto en el que pod\u00eda estar prevaricando y que posiblemente  tenga consecuencias judiciales para ella.  La verdad es  que despu\u00e9s de ese \u201czoco\u201d que se ha vivido y que los espa\u00f1oles en una ley tan importante han pasado verg\u00fcenza ajena al comprobar este esc\u00e1ndalo,  deber\u00edan recibir  su reprobaci\u00f3n  todos aquellos que han formado parte de este festival circense para verg\u00fcenza y desprecio de quienes lo  ve\u00edan.<\/p>\n\n\n\n<p>           En definitiva el Parlamento, ya no es Parlamento, es un mercado sin rigor, donde los mercaderes se sortean los votos, se compran sectariamente sus proyectos o se desprecian unos  a otros por no ser de la misma cuadrilla, lo que viene a decirnos que  la pol\u00edtica hoy est\u00e1 en manos de personas sin formaci\u00f3n,  como ha sido  claro espejo de lo que hemos visto el pasado d\u00eda 3 de Febrero. Por cierto D\u00eda de San Blas, donde en lugar de ver llegar a las cig\u00fce\u00f1as, hemos visto aterrizar a personas con vocabulario malsonante  y con malas artes que no merecen llamarse parlamentarios. <\/p>\n","protected":false},"excerpt":{"rendered":"<p>La reforma laboral del 2012 s\u00ed que ha quedado fortificada porque cuanto se ha determinado en la pol\u00e9mica mini reforma del 2022 poco ha desvirtuado lo que durante diez a\u00f1os ha venido siendo la principal herramienta de las relaciones laborales en Espa\u00f1a. Tanta amenaza como algunos prodigaron de que la reforma laboral del PP iba [&hellip;]<\/p>\n","protected":false},"author":1,"featured_media":0,"comment_status":"open","ping_status":"open","sticky":false,"template":"","format":"standard","meta":{"footnotes":""},"categories":[1],"tags":[],"class_list":["post-3799","post","type-post","status-publish","format-standard","hentry","category-sin-categoria"],"_links":{"self":[{"href":"https:\/\/elblogdejoseblasfernandez.com\/index.php?rest_route=\/wp\/v2\/posts\/3799","targetHints":{"allow":["GET"]}}],"collection":[{"href":"https:\/\/elblogdejoseblasfernandez.com\/index.php?rest_route=\/wp\/v2\/posts"}],"about":[{"href":"https:\/\/elblogdejoseblasfernandez.com\/index.php?rest_route=\/wp\/v2\/types\/post"}],"author":[{"embeddable":true,"href":"https:\/\/elblogdejoseblasfernandez.com\/index.php?rest_route=\/wp\/v2\/users\/1"}],"replies":[{"embeddable":true,"href":"https:\/\/elblogdejoseblasfernandez.com\/index.php?rest_route=%2Fwp%2Fv2%2Fcomments&post=3799"}],"version-history":[{"count":2,"href":"https:\/\/elblogdejoseblasfernandez.com\/index.php?rest_route=\/wp\/v2\/posts\/3799\/revisions"}],"predecessor-version":[{"id":3803,"href":"https:\/\/elblogdejoseblasfernandez.com\/index.php?rest_route=\/wp\/v2\/posts\/3799\/revisions\/3803"}],"wp:attachment":[{"href":"https:\/\/elblogdejoseblasfernandez.com\/index.php?rest_route=%2Fwp%2Fv2%2Fmedia&parent=3799"}],"wp:term":[{"taxonomy":"category","embeddable":true,"href":"https:\/\/elblogdejoseblasfernandez.com\/index.php?rest_route=%2Fwp%2Fv2%2Fcategories&post=3799"},{"taxonomy":"post_tag","embeddable":true,"href":"https:\/\/elblogdejoseblasfernandez.com\/index.php?rest_route=%2Fwp%2Fv2%2Ftags&post=3799"}],"curies":[{"name":"wp","href":"https:\/\/api.w.org\/{rel}","templated":true}]}}