{"id":3841,"date":"2022-03-20T13:13:37","date_gmt":"2022-03-20T12:13:37","guid":{"rendered":"http:\/\/elblogdejoseblasfernandez.com\/?p=3841"},"modified":"2022-03-20T13:13:38","modified_gmt":"2022-03-20T12:13:38","slug":"la-calima-no-nos-abandona","status":"publish","type":"post","link":"https:\/\/elblogdejoseblasfernandez.com\/?p=3841","title":{"rendered":"LA CALIMA NO NOS ABANDONA"},"content":{"rendered":"\n\n\n<p>         Durante  unos d\u00edas el cielo de nuestro pa\u00eds ha estado  de color naranja por la calima que nos ha tenido envueltos en ese polvo sahariano  donde hasta la salud   ha debido ser protegida,  porque la contaminaci\u00f3n de la calima tambi\u00e9n pod\u00eda  hacer estragos entre nosotros. Hemos sufrido una pandemia, acompa\u00f1ada  hasta el momento de seis olas de contagios que la sosten\u00edan y donde  a\u00fan no sabemos cu\u00e1l ser\u00e1 ni cuando el final feliz, pero seguimos con mascarillas, con altibajos de contagios y con una econom\u00eda tirada por los suelos. Si malo es el covid y todo lo que ha tra\u00eddo consigo, pues afecta a lo principal que tenemos que es la salud, no menos malo es precio por las nubes de la electricidad, la gasolina, el gas y todo lo que repercute en el consumo diario,  pues es verdad que si aparentemente est\u00e1bamos saliendo, gracias a Europa, de un flujo negativo en nuestro mercado,  ahora mismo la plaga de la huelga del transporte, para poder subsistir  en su mercado tantos miles de camiones, no cabe duda que  se le une la falta de abastecimiento donde los distintos mercados y lonjas de pescados  pasan  por una fort\u00edsima crisis que unida a la nefasta reforma laboral y a la derogaci\u00f3n del da\u00f1o de los piquetes en el c\u00f3digo penal, ya no podemos ni andar por la calle.<\/p>\n\n\n\n\n\n<p>          Este gobierno desunido y fraccionado, pero el m\u00e1s caro de la historia de nuestro pa\u00eds, no  sabe tomar el pulso  ni de la ciudadan\u00eda ni de la reivindicaciones de la sociedad. Est\u00e1 dando palos de ciego y su \u00fanico fin es recaudar a trav\u00e9s de los impuestos,  porque otra cosa no sabe hacer, dejando en la estacada  a tantos millones de espa\u00f1oles que desgraciadamente  no s\u00f3lo ya est\u00e1n pasando hambre, sino que las perspectivas del mercado de trabajo y econ\u00f3mico no tienen respiro. Para colmo, cuando  el Gobierno sabe perfectamente que parte de alguna soluci\u00f3n es bajar el IVA de la gasolina, electricidad, etc. , no se aviene a ello y est\u00e1 aguantando pese al varapalo que se le viene dando,  porque  lo que desea es recaudar  y gastarlo, no precisamente en planes de empleo y ayudas a las empresas,  sino en otros fines  impropios de los tiempos que estamos viviendo y con el  \u00fanico fin de contentar a sus socios de gobierno y as\u00ed poder contener el d\u00e9ficit que ha cogido una velocidad donde algunos ya le llaman el imparable.<\/p>\n\n\n\n<p>          La sociedad espa\u00f1ola est\u00e1 abrumada, depresiva y sin aliento ni ilusi\u00f3n porque  el mundo pol\u00edtico no sabe gestionar. Menos mal que tenemos y estamos en Europa que al fin de cuentas  nos advierte y nos alecciona de lo que debemos ir haciendo, pues hasta la invasi\u00f3n de Rusia sobre Ucrania puede terminar en connotaciones  muy irreparables y por el mero hecho de estar en la OTAN tenemos que ayudar a abortar lo que pueda venir. Pero no, el Gobierno ha rectificado  tarde y a sabiendas de que esa rectificaci\u00f3n la hace por imperativo del espacio que tenemos y estamos obligados a llevar a cabo y ya el colmo de la desverg\u00fcenza no es otro que decir el Sr. Sanchez que nos esperan duros a\u00f1os en el horizonte  y nuestra crisis es culpa de Putin,  olvidando los dos a\u00f1os nefastos de gobierno  donde aqu\u00e9l equipo de expertos que dec\u00eda tener en la pandemia, era todo un enga\u00f1o y ninguno ni ha dado la cara ni se les conoce. Es decir, mentira sobre mentira y descaro sobre descaro, para tapar sus verg\u00fcenzas  y ser  el Presidente  de la historia de Espa\u00f1a que m\u00e1s mentiras ha metido en tan corto espacio de tiempo.<\/p>\n\n\n\n\n\n<p>           Esto no va bien, pero en manos de ineptos y desaprensivos ir\u00e1 mucho peor, por lo que se atisban a\u00f1os desconcertantes para todos, donde esperemos que se reaccione con sentido com\u00fan y que todo el arco parlamentario de nuestro pa\u00eds sea c\u00f3mplice para ayudar sin protagonismos a la salida de esta brutal crisis, pues nunca se nos dio peores momentos que los que hoy tenemos desde la desgraciada Segunda Guerra Mundial.           Espero que hasta los sindicatos que por mucha menos circunstancias hac\u00edan huelgas generales en otros tiempos y hoy callan por tener los est\u00f3magos agradecidos, se lancen a la calle y pidan al gobierno al menos, que cambie el sentido de su marcha y tambi\u00e9n que le ense\u00f1en los dientes con los medios democr\u00e1ticos que posean para que se d\u00e9 cuenta el Sr. S\u00e1nchez de que la calima que  nos ha venido en estos d\u00edas no se nos ha quitado, no se ha ido y la tendremos encima,  al menos, por dos generaciones, lo que significa que estamos te\u00f1idos  permanentemente de ese color de tierra sahariana en todos los aspectos y que para quitarlo deberemos hacer ver a los gestores del gobierno que llevan  un camino confundido y que, por favor, se retracten de tantas medidas populistas y demag\u00f3gicas  y que  trabajen de una vez. <\/p>\n","protected":false},"excerpt":{"rendered":"<p>Durante unos d\u00edas el cielo de nuestro pa\u00eds ha estado de color naranja por la calima que nos ha tenido envueltos en ese polvo sahariano donde hasta la salud ha debido ser protegida, porque la contaminaci\u00f3n de la calima tambi\u00e9n pod\u00eda hacer estragos entre nosotros. Hemos sufrido una pandemia, acompa\u00f1ada hasta el momento de seis [&hellip;]<\/p>\n","protected":false},"author":1,"featured_media":0,"comment_status":"open","ping_status":"open","sticky":false,"template":"","format":"standard","meta":{"footnotes":""},"categories":[1],"tags":[],"class_list":["post-3841","post","type-post","status-publish","format-standard","hentry","category-sin-categoria"],"_links":{"self":[{"href":"https:\/\/elblogdejoseblasfernandez.com\/index.php?rest_route=\/wp\/v2\/posts\/3841","targetHints":{"allow":["GET"]}}],"collection":[{"href":"https:\/\/elblogdejoseblasfernandez.com\/index.php?rest_route=\/wp\/v2\/posts"}],"about":[{"href":"https:\/\/elblogdejoseblasfernandez.com\/index.php?rest_route=\/wp\/v2\/types\/post"}],"author":[{"embeddable":true,"href":"https:\/\/elblogdejoseblasfernandez.com\/index.php?rest_route=\/wp\/v2\/users\/1"}],"replies":[{"embeddable":true,"href":"https:\/\/elblogdejoseblasfernandez.com\/index.php?rest_route=%2Fwp%2Fv2%2Fcomments&post=3841"}],"version-history":[{"count":2,"href":"https:\/\/elblogdejoseblasfernandez.com\/index.php?rest_route=\/wp\/v2\/posts\/3841\/revisions"}],"predecessor-version":[{"id":3846,"href":"https:\/\/elblogdejoseblasfernandez.com\/index.php?rest_route=\/wp\/v2\/posts\/3841\/revisions\/3846"}],"wp:attachment":[{"href":"https:\/\/elblogdejoseblasfernandez.com\/index.php?rest_route=%2Fwp%2Fv2%2Fmedia&parent=3841"}],"wp:term":[{"taxonomy":"category","embeddable":true,"href":"https:\/\/elblogdejoseblasfernandez.com\/index.php?rest_route=%2Fwp%2Fv2%2Fcategories&post=3841"},{"taxonomy":"post_tag","embeddable":true,"href":"https:\/\/elblogdejoseblasfernandez.com\/index.php?rest_route=%2Fwp%2Fv2%2Ftags&post=3841"}],"curies":[{"name":"wp","href":"https:\/\/api.w.org\/{rel}","templated":true}]}}