{"id":43,"date":"2009-02-16T21:49:32","date_gmt":"2009-02-16T21:49:32","guid":{"rendered":""},"modified":"2012-11-21T04:40:58","modified_gmt":"2012-11-21T03:40:58","slug":"40-anos-al-servicio-de-mi-profesion","status":"publish","type":"post","link":"https:\/\/elblogdejoseblasfernandez.com\/?p=43","title":{"rendered":"40 a\u00f1os al servicio de mi profesi\u00f3n"},"content":{"rendered":"<p style=\"text-align: justify;\">Precisamente, en este mes de Febrero de 2009 se cumplen 40 a\u00f1os de mi inicio en esta noble profesi\u00f3n de Graduado Social y a la que nunca sabr\u00e9 agradecer todo lo que soy y los innumerables momentos de alegr\u00eda que ha dado a mi vida profesional. Era el 24 de Febrero de 1969, ya ten\u00eda terminados mis estudios de Graduado Social y en aqu\u00e9l plan de estudios ten\u00edamos que hacer una memoria fin de carrera, cosa que al no poderla terminar para prepararla y defenderla ante el Tribunal en el mes de Septiembre de 1968, aqu\u00e9l grupo de j\u00f3venes que termin\u00e1bamos nuestros estudios, tuvimos que ir a Granada a la Escuela Social, hoy Facultad de Ciencias del Trabajo, para presentar aquella Tesis o Memoria y ante el Tribunal defenderla. Parece que fue ayer cuando un grupo de compa\u00f1eros inici\u00e1bamos nuestra andadura y termin\u00e1bamos otra, ya que nos enfrent\u00e1bamos a una realidad y a desenvolvernos en un mundo dif\u00edcil, pues por aquella fecha las relaciones laborales no eran lo que hoy se conocen como tales. Pues s\u00ed,\u00a0, recuerdo a mis compa\u00f1eros como si fuera ayer, los que juntos pas\u00e1bamos fr\u00edo y a veces calor en la ciudad de Granada, la cual sigue estando en nuestro recuerdo permanentemente.<\/p>\n<p style=\"text-align: justify;\">S\u00ed, 40 a\u00f1os no son nada, pero es toda una vida profesional de quienes nos inici\u00e1bamos con algo m\u00e1s 21 \u00f3 22 a\u00f1os y desde ah\u00ed hasta nuestra fecha son tantos y tantos los recuerdos que espero que ahora nos podamos encontrar, salvo algunos que ya nos dejaron bien por la edad o porque la vida se los llev\u00f3. En este cap\u00edtulo de su marcha, donde posiblemente estar\u00e1n mejor que nosotros, quiero recordar a Juan Manuel Juli\u00e1 (Mam\u00e9), Nicol\u00e1s Flores y Alfonso Saavedra, as\u00ed como los profesores, tambi\u00e9n fallecidos, D. Hip\u00f3lito Hern\u00e1ndez Garc\u00eda (Director del Seminario y Fiscal Jefe de la Audiencia), D. Jos\u00e9 Lorca Gonz\u00e1lez (profesor y Magistrado), D. Antonio Bresca Fern\u00e1ndez (Secretario y Jur\u00eddico de la Armada), D. Emilio de la Cruz Hermosilla (profesor y Director de Diario de C\u00e1diz), D. Julio Vecino Garc\u00eda (profesor y Jur\u00eddico de la Armada) y D. Alfredo Salvador Bosque (profesor, Fiscal y Magistrado). Y todav\u00eda entre nosotros al que luego m\u00e1s tarde fue director, D. Emilio Jim\u00e9nez Villarejo (General-Auditor de la Armada) y D. Juan Palma Dom\u00ednguez (Secretario Judicial de la entonces Magistratura de Trabajo y posteriormente del TSJ de Andaluc\u00eda en Sevilla).<\/p>\n<p style=\"text-align: justify;\">Si hasta aqu\u00ed es ley de vida contar lo que estoy contando, ahora tengo que recordar a todos aquellos que nos ilusion\u00f3 el mundo de lo social y que a\u00fan compartimos no la mesa de estudios, pero s\u00ed los valores, los sentimientos y el amor que hemos puesto por nuestra profesi\u00f3n y me refiero a mis compa\u00f1eros, Paco Macias, Jos\u00e9 M\u00aa Mart\u00ednez Arag\u00f3n, Francisco Javier Dia\u00f1ez (Fran), Juan Antonio Novo, Jos\u00e9 Luis D\u00edaz, Paco V\u00e1zquez (Pacoti), Antonio Kieslich, Pepe Puya, Pepe V\u00e1zquez, Pepe Granados, Juan Garc\u00eda Ord\u00f3\u00f1ez, Pepe P\u00e9rez Cumpi\u00e1n, Alberto Jos\u00e9 Cruz y mi especial amigo, \u00c1ngel Luis Serrano, sin olvidar a las tres ni\u00f1as de aquel entonces, Consuelo Rodr\u00edguez, M\u00aa Pilar Poveda Barcelona (Marita) y M\u00aa Carmen Mongui\u00f3 (la chica rubia). Estos y algunos m\u00e1s que mi fr\u00e1gil memoria no recuerda, fuimos los que hace 40 a\u00f1os estuvimos impregnados de unos estudios pioneros y que \u201catravesamos el desierto\u201d para hoy estar en el lugar que nos encontramos, pues no en vano hemos pasado por muchas luces y sombras que la vida nos ha ido dando, pero al final, algunos llegaron a su jubilaci\u00f3n y otros si Dios lo quiere, pronto, dentro de cuatro o cinco a\u00f1os el que m\u00e1s, estaremos disfrutando de esa denominada jubilaci\u00f3n.<\/p>\n<p style=\"text-align: justify;\">El otro d\u00eda, tomando caf\u00e9, mi amigo Pepe V\u00e1zquez, ya me sugiri\u00f3 la preparaci\u00f3n de nuestro evento. Es decir, reunirnos para recordar aquellos 40 a\u00f1os y aquella efem\u00e9rides que ocurri\u00f3 en 1969. Por cierto, un n\u00famero curioso, pero que a la postre estoy convencido de que nos sabremos reunir, recordar nuestra vivencias y celebrar esos 40 a\u00f1os del ejercicio libre de una profesi\u00f3n, algo hoy tan dif\u00edcil que no todos pueden recordarlo. Quisiera tener un recuerdo especial para aquel Magistrado de Trabajo del que tanto aprendimos en nuestra promoci\u00f3n y me refiero al ya fallecido, D. Miguel Hernainz M\u00e1rquez, al que tanto le debemos los Graduados Sociales de Andaluc\u00eda, o tambi\u00e9n para aquellos profesores como Nono Mesa Moles, Antonio Mar\u00edn L\u00f3pez, Cienfuegos y tantos y tantos de los que en nuestra retina queda el recuerdo.<\/p>\n","protected":false},"excerpt":{"rendered":"<p>Precisamente, en este mes de Febrero de 2009 se cumplen 40 a\u00f1os de mi inicio en esta noble profesi\u00f3n de Graduado Social y a la que nunca sabr\u00e9 agradecer todo lo que soy y los innumerables momentos de alegr\u00eda que ha dado a mi vida profesional. Era el 24 de Febrero de 1969, ya ten\u00eda [&hellip;]<\/p>\n","protected":false},"author":1,"featured_media":0,"comment_status":"open","ping_status":"open","sticky":false,"template":"","format":"standard","meta":{"footnotes":""},"categories":[12,3],"tags":[],"class_list":["post-43","post","type-post","status-publish","format-standard","hentry","category-vida-privada","category-vida-profesional"],"_links":{"self":[{"href":"https:\/\/elblogdejoseblasfernandez.com\/index.php?rest_route=\/wp\/v2\/posts\/43","targetHints":{"allow":["GET"]}}],"collection":[{"href":"https:\/\/elblogdejoseblasfernandez.com\/index.php?rest_route=\/wp\/v2\/posts"}],"about":[{"href":"https:\/\/elblogdejoseblasfernandez.com\/index.php?rest_route=\/wp\/v2\/types\/post"}],"author":[{"embeddable":true,"href":"https:\/\/elblogdejoseblasfernandez.com\/index.php?rest_route=\/wp\/v2\/users\/1"}],"replies":[{"embeddable":true,"href":"https:\/\/elblogdejoseblasfernandez.com\/index.php?rest_route=%2Fwp%2Fv2%2Fcomments&post=43"}],"version-history":[{"count":3,"href":"https:\/\/elblogdejoseblasfernandez.com\/index.php?rest_route=\/wp\/v2\/posts\/43\/revisions"}],"predecessor-version":[{"id":567,"href":"https:\/\/elblogdejoseblasfernandez.com\/index.php?rest_route=\/wp\/v2\/posts\/43\/revisions\/567"}],"wp:attachment":[{"href":"https:\/\/elblogdejoseblasfernandez.com\/index.php?rest_route=%2Fwp%2Fv2%2Fmedia&parent=43"}],"wp:term":[{"taxonomy":"category","embeddable":true,"href":"https:\/\/elblogdejoseblasfernandez.com\/index.php?rest_route=%2Fwp%2Fv2%2Fcategories&post=43"},{"taxonomy":"post_tag","embeddable":true,"href":"https:\/\/elblogdejoseblasfernandez.com\/index.php?rest_route=%2Fwp%2Fv2%2Ftags&post=43"}],"curies":[{"name":"wp","href":"https:\/\/api.w.org\/{rel}","templated":true}]}}