{"id":44,"date":"2009-02-17T21:26:21","date_gmt":"2009-02-17T21:26:21","guid":{"rendered":""},"modified":"2012-11-21T04:40:46","modified_gmt":"2012-11-21T03:40:46","slug":"huelga-de-jueces-una-huelga-inedita","status":"publish","type":"post","link":"https:\/\/elblogdejoseblasfernandez.com\/?p=44","title":{"rendered":"Huelga de jueces: una huelga in\u00e9dita"},"content":{"rendered":"<p style=\"text-align: justify;\">Mientras que el Consejo General del Poder Judicial mantiene que los Jueces no pueden hacer huelga, tendremos un tercio de diversas Asociaciones de Jueces puestos en pie de guerra y convocando huelga formal para hoy 18 de Febrero. Es decir, que mientras uno lo hacen en esa fecha, el resto se pondr\u00e1n para el 26 de Junio pr\u00f3ximo, pues el motivo que se esgrime es que si \u201cla Ley no lo proh\u00edbe est\u00e1 permitida\u201d. Estamos ante el fruto del malestar de uno de los principales colectivos de nuestro pa\u00eds. Todo a ra\u00edz de las criticas vertidas y de la sanci\u00f3n realizada contra el Juez Rafael Tirado, cuya actuaci\u00f3n permiti\u00f3 que el asesino de la ni\u00f1a M\u00aa Luz quedase en libertad pese a estar condenado por pederasta. Los distintos grupos pol\u00edticos tampoco se ponen de acuerdo a la hora de criticar o valorar esta huelga, pero lo que no cabe duda es que los Jueces est\u00e1n molestos y que estas decisiones van a colapsar a\u00fan m\u00e1s la situaci\u00f3n por la que pasan las oficinas judiciales, ya que tambi\u00e9n reclaman un incremento presupuestario del 3,5% como el de la media europea para sus salarios, un incremento de la plantilla, en especial la creaci\u00f3n de 1.200 plazas judiciales, para afrontar el exceso de trabajo que tienen. Es curioso que mientras los sindicatos permanecen calladitos y cuando nos vamos a acercar a 4 millones de parados y el empleo ya est\u00e1 en m\u00e1s de 3.200.000 funcionarios, los Jueces anuncian que van a la huelga.<\/p>\n<p style=\"text-align: justify;\">El Ministro Bermejo, que en estos d\u00edas ha sido el \u201ccazador cazado\u201d, afronta este espect\u00e1culo entre la precariedad y el colapso, pues no cabe duda que hace falta una judicatura con implantaci\u00f3n de aut\u00e9nticos juzgados, nuevas tecnolog\u00edas, un razonable tiempo para que cada Juez asuma tambi\u00e9n la conciliaci\u00f3n de la vida laboral y familiar, unas retribuciones adecuadas, unos funcionarios bien formados y unas Comunidades Aut\u00f3nomas que tengan a la Justicia como una de sus mejores ense\u00f1as, pero lo que estamos viendo es \u201cde aut\u00e9ntico Juzgado de Guardia\u201d, pues simplemente con darnos una vuelta por nuestra provincia y acudir en este d\u00eda de puertas abiertas a visitar las distintas sedes judiciales, nos daremos cuenta de que \u00e9sto no funciona y lo que es peor, el justiciable o ciudadano no valora en absoluto el concepto de Justicia y sin ella nuestro Estado de Derecho puede desmoronarse.<\/p>\n<p style=\"text-align: justify;\">Estemos atento y en especial los que somos operadores jur\u00eddicos para ver c\u00f3mo esto se desarrolla, pues se atisba un fuerte pulso entre Jueces, Magistrados, Secretarios Judiciales, Funcionarios, Consejer\u00edas de Justicia y el propio Gobierno.<\/p>\n<p style=\"text-align: justify;\">Seguiremos contando en d\u00edas pr\u00f3ximos qu\u00e9 viene sucediendo. Hasta entonces.<\/p>\n","protected":false},"excerpt":{"rendered":"<p>Mientras que el Consejo General del Poder Judicial mantiene que los Jueces no pueden hacer huelga, tendremos un tercio de diversas Asociaciones de Jueces puestos en pie de guerra y convocando huelga formal para hoy 18 de Febrero. Es decir, que mientras uno lo hacen en esa fecha, el resto se pondr\u00e1n para el 26 [&hellip;]<\/p>\n","protected":false},"author":1,"featured_media":0,"comment_status":"open","ping_status":"open","sticky":false,"template":"","format":"standard","meta":{"footnotes":""},"categories":[6],"tags":[],"class_list":["post-44","post","type-post","status-publish","format-standard","hentry","category-actualidad"],"_links":{"self":[{"href":"https:\/\/elblogdejoseblasfernandez.com\/index.php?rest_route=\/wp\/v2\/posts\/44","targetHints":{"allow":["GET"]}}],"collection":[{"href":"https:\/\/elblogdejoseblasfernandez.com\/index.php?rest_route=\/wp\/v2\/posts"}],"about":[{"href":"https:\/\/elblogdejoseblasfernandez.com\/index.php?rest_route=\/wp\/v2\/types\/post"}],"author":[{"embeddable":true,"href":"https:\/\/elblogdejoseblasfernandez.com\/index.php?rest_route=\/wp\/v2\/users\/1"}],"replies":[{"embeddable":true,"href":"https:\/\/elblogdejoseblasfernandez.com\/index.php?rest_route=%2Fwp%2Fv2%2Fcomments&post=44"}],"version-history":[{"count":3,"href":"https:\/\/elblogdejoseblasfernandez.com\/index.php?rest_route=\/wp\/v2\/posts\/44\/revisions"}],"predecessor-version":[{"id":566,"href":"https:\/\/elblogdejoseblasfernandez.com\/index.php?rest_route=\/wp\/v2\/posts\/44\/revisions\/566"}],"wp:attachment":[{"href":"https:\/\/elblogdejoseblasfernandez.com\/index.php?rest_route=%2Fwp%2Fv2%2Fmedia&parent=44"}],"wp:term":[{"taxonomy":"category","embeddable":true,"href":"https:\/\/elblogdejoseblasfernandez.com\/index.php?rest_route=%2Fwp%2Fv2%2Fcategories&post=44"},{"taxonomy":"post_tag","embeddable":true,"href":"https:\/\/elblogdejoseblasfernandez.com\/index.php?rest_route=%2Fwp%2Fv2%2Ftags&post=44"}],"curies":[{"name":"wp","href":"https:\/\/api.w.org\/{rel}","templated":true}]}}