{"id":45,"date":"2009-02-19T22:23:09","date_gmt":"2009-02-19T22:23:09","guid":{"rendered":""},"modified":"2012-11-21T04:40:33","modified_gmt":"2012-11-21T03:40:33","slug":"esto-va-de-mal-en-peor","status":"publish","type":"post","link":"https:\/\/elblogdejoseblasfernandez.com\/?p=45","title":{"rendered":"Esto va de mal en peor"},"content":{"rendered":"<p style=\"text-align: justify;\">No cabe duda de que la situaci\u00f3n en Espa\u00f1a est\u00e1 tomando derroteros que hacen dos a\u00f1os eran impensables. Desde aquella frase de Caldera de \u201cpapeles para todos\u201d y donde prometi\u00f3 inclusive en marzo de 2006 pagas de 800 euros para los inmigrantes emprendedores, hoy comprobamos c\u00f3mo el Ministro Rubalcaba da ordenes de expulsi\u00f3n a todos aquellos extranjeros que indocumentados circulen por la calle. Ha empezado por lanzar a Magrebies, ya que la vuelta en barco a Marruecos es m\u00e1s barata, pero en algunas Comisar\u00edas ya empieza a detectarse el agobio de la inmigraci\u00f3n para poder vivir todos en Espa\u00f1a.<\/p>\n<p style=\"text-align: justify;\">Los inmigrantes han ayudado a levantar desde 1995 a este pa\u00eds, principalmente, por los efectos del envejecimiento de la poblaci\u00f3n, pero hoy y con la que est\u00e1 cayendo, todas las promesas electorales se han ido al \u201cgarete\u201d. Los aut\u00f3nomos que crean empleo ya est\u00e1n con la soga al cuello, el desempleo no se sabe si se va a poder cobrar de aqu\u00ed a cuatro meses, al menos para los que terminan su andadura en este episodio. La econom\u00eda est\u00e1 castigada y hecha polvo. Los Bancos se han cerrado en banda y no dan un solo pr\u00e9stamo. La gente no puede pagar las hipotecas y pronto los inmuebles hipotecados pasaran a otras manos. Es decir, tal galimatia y preocupaci\u00f3n que nadie est\u00e1 estabilizado y esto se parece mucho a la serie de televisi\u00f3n \u201caqu\u00ed no hay quien viva\u201d.<\/p>\n<p style=\"text-align: justify;\">Todo ciudadano se encuentra ap\u00e1tico, desilusionado y maltrecho. Es m\u00e1s, est\u00e1n subiendo las consultas de psiquiatras y psic\u00f3logos debido a las depresiones de quienes no pueden afrontar su propia vida y esto lo pagaremos muy caro, pues no se le ve al horizonte atisbo de soluci\u00f3n y, por supuesto, ni a corto ni a medio plazo se vislumbra ninguna mejora que nos haga pensar en una mejor calidad de vida.<\/p>\n<p style=\"text-align: justify;\">Ayer, por la noche vi algo ins\u00f3lito en mi ciudad, Comprob\u00e9 con mis ojos c\u00f3mo tres personas de unos 35 a\u00f1os aproximadamente sacaban de un contenedor de basura frente a un hipermercado alimentos caducados para llev\u00e1rselos a la boca. Esto es muy fuerte y aqu\u00ed creo que cuanto tenemos encima no se parar\u00e1, por lo que sigo sin entender a sindicatos, asociaciones, vecinos y ciudadanos en general que no se mueven para que, al menos, esto tome otro rumbo, pues en tiempos del gobierno de Aznar, por menos quemaban el puente Carranza y ten\u00edamos una media de corte diario de la avenida principal de la ciudad. Pero claro, los sindicatos tienen el est\u00f3mago lleno y hasta que no pasen la \u201csiesta\u201d no podr\u00e1n empezar a moverse un poco. \u00a1Vivir para ver!.<\/p>\n","protected":false},"excerpt":{"rendered":"<p>No cabe duda de que la situaci\u00f3n en Espa\u00f1a est\u00e1 tomando derroteros que hacen dos a\u00f1os eran impensables. Desde aquella frase de Caldera de \u201cpapeles para todos\u201d y donde prometi\u00f3 inclusive en marzo de 2006 pagas de 800 euros para los inmigrantes emprendedores, hoy comprobamos c\u00f3mo el Ministro Rubalcaba da ordenes de expulsi\u00f3n a todos [&hellip;]<\/p>\n","protected":false},"author":1,"featured_media":0,"comment_status":"open","ping_status":"open","sticky":false,"template":"","format":"standard","meta":{"footnotes":""},"categories":[6],"tags":[],"class_list":["post-45","post","type-post","status-publish","format-standard","hentry","category-actualidad"],"_links":{"self":[{"href":"https:\/\/elblogdejoseblasfernandez.com\/index.php?rest_route=\/wp\/v2\/posts\/45","targetHints":{"allow":["GET"]}}],"collection":[{"href":"https:\/\/elblogdejoseblasfernandez.com\/index.php?rest_route=\/wp\/v2\/posts"}],"about":[{"href":"https:\/\/elblogdejoseblasfernandez.com\/index.php?rest_route=\/wp\/v2\/types\/post"}],"author":[{"embeddable":true,"href":"https:\/\/elblogdejoseblasfernandez.com\/index.php?rest_route=\/wp\/v2\/users\/1"}],"replies":[{"embeddable":true,"href":"https:\/\/elblogdejoseblasfernandez.com\/index.php?rest_route=%2Fwp%2Fv2%2Fcomments&post=45"}],"version-history":[{"count":3,"href":"https:\/\/elblogdejoseblasfernandez.com\/index.php?rest_route=\/wp\/v2\/posts\/45\/revisions"}],"predecessor-version":[{"id":565,"href":"https:\/\/elblogdejoseblasfernandez.com\/index.php?rest_route=\/wp\/v2\/posts\/45\/revisions\/565"}],"wp:attachment":[{"href":"https:\/\/elblogdejoseblasfernandez.com\/index.php?rest_route=%2Fwp%2Fv2%2Fmedia&parent=45"}],"wp:term":[{"taxonomy":"category","embeddable":true,"href":"https:\/\/elblogdejoseblasfernandez.com\/index.php?rest_route=%2Fwp%2Fv2%2Fcategories&post=45"},{"taxonomy":"post_tag","embeddable":true,"href":"https:\/\/elblogdejoseblasfernandez.com\/index.php?rest_route=%2Fwp%2Fv2%2Ftags&post=45"}],"curies":[{"name":"wp","href":"https:\/\/api.w.org\/{rel}","templated":true}]}}