{"id":4501,"date":"2024-04-18T15:40:06","date_gmt":"2024-04-18T13:40:06","guid":{"rendered":"http:\/\/elblogdejoseblasfernandez.com\/?p=4501"},"modified":"2024-04-18T15:40:06","modified_gmt":"2024-04-18T13:40:06","slug":"la-estadistica-del-paro-en-espana-es-un-juego-de-trileros","status":"publish","type":"post","link":"https:\/\/elblogdejoseblasfernandez.com\/?p=4501","title":{"rendered":"LA ESTAD\u00cdSTICA DEL PARO EN ESPA\u00d1A ES UN JUEGO DE TRILEROS."},"content":{"rendered":"\n<p>&nbsp;&nbsp;&nbsp;&nbsp;&nbsp; &nbsp;&nbsp;Los datos del paro de marzo, publicados por el Ministerio de Trabajo y Econom\u00eda Social, &nbsp;revelan sin ninguna claridad que ha descendido el n\u00famero de desempleados&nbsp; en 33.405 personas. Es decir, que deja el paro con un total de 2.727.003 personas sin trabajo en Espa\u00f1a, queriendo marcar que el mes de marzo ha sido bueno y en especial el sector de la hosteler\u00eda. Es decir, que la Semana Santa que m\u00e1s llovido y donde la hosteler\u00eda ha estado casi muerta, la maquillan sin ning\u00fan pudor y nos quieren enga\u00f1ar &nbsp;con un menor n\u00famero de desempleados y es m\u00e1s, dice&nbsp; el Ministerio que \u201cpor primera vez en la&nbsp; historia se han superado los 21 millones de afiliados\u201d. Desde luego, o se tiene una desfachatez tan absoluta a la hora de tratar temas tan delicados y graves&nbsp; que el Ministerio quiere enga\u00f1arnos&nbsp; con que desde el 2013 al 2024 ha bajado el desempleo y han encontrado trabajo 2.307.240 personas. Tan lejos de la realidad que a grandes rasgos nadie puede creerse cuanto se expone y l\u00f3gicamente estamos en un juego de trileros, &nbsp;porque el truco &nbsp;ya todos lo sabemos y&nbsp; vamos a describirlo para que la realidad sea patente en el mercado de trabajo. En primer lugar,&nbsp; el Ministerio sigue&nbsp; sin decir el verdadero &nbsp;n\u00famero de&nbsp; fijos discontinuos que est\u00e1n &nbsp;percibiendo el desempleo. Es m\u00e1s,&nbsp; en las vacaciones de Semana Santa, los hoteles que han bajado el n\u00famero de clientes por razones obvias&nbsp; han mantenido en el desempleo a miles de trabajadores que no pudieron ser contratados por la no ocupaci\u00f3n de los mismos. Es decir, en todas las actividades tur\u00edsticas incluido hasta el transporte p\u00fablico, no han contratado a ning\u00fan trabajador porque&nbsp; la demanda no exist\u00eda por las razones expuestas. Ah\u00ed,&nbsp; en estos momentos, existen casi un mill\u00f3n de personas&nbsp; que est\u00e1n en esos contratos fijos discontinuos pero cobrando el paro, lo cual es un aumento de desempleo que lo han borrado por capricho del Ministerio para enga\u00f1arnos a los Espa\u00f1oles y jugar solamente &nbsp;con los trabajadores que se encuentran afiliados. Nos siguen enga\u00f1ando con el aumento de las demandas de empleo que han bajado y es totalmente incierto, puesto que estad\u00edsticamente 4 de cada 10 demandantes se borran de las \u201clistas del paro\u201d sin encontrar trabajo y todo por la falta de&nbsp; ocupaci\u00f3n que la reforma laboral ha creado, en especial, por la imposici\u00f3n de los contratos indefinidos que&nbsp; m\u00e1s del 50% de ellos son rescindidos antes de los seis meses y eso hace que no se motive la creaci\u00f3n de empleo y por tanto, el paro est\u00e1 en mayor aumento.<\/p>\n\n\n\n<p>&nbsp;&nbsp;&nbsp;&nbsp;&nbsp;&nbsp;&nbsp;&nbsp; Tambi\u00e9n nos enga\u00f1an con la afiliaci\u00f3n y creaci\u00f3n de empleo, incluyendo&nbsp; en lo que va de a\u00f1o a m\u00e1s de 458.959 estudiantes de formaci\u00f3n profesional y becarios obligados &nbsp;a cotizar a la Seguridad Social, lo que conlleva que esos becarios que cotizan que son estudiantes en definitiva, est\u00e1n de alta y cotizando por cuant\u00edas&nbsp; rid\u00edculas que pagan las CCAA, pero que a la larga no son trabajadores por cuenta ajena, aunque quieran asimilarlos a ella.<\/p>\n\n\n\n<p>&nbsp;&nbsp;&nbsp;&nbsp;&nbsp;&nbsp;&nbsp;&nbsp; Por \u00faltimo, volvemos a los contratos&nbsp; a tiempo parcial, donde aun cuando est\u00e9n por tiempo indefinido, las jornadas est\u00e1n&nbsp; formalizadas en precario porque los costes son tan altos para las empresas que \u201cjuegan\u201d con horarios parciales, lo cual aumenta la econom\u00eda sumergida y el falso empleo, sin olvidar &nbsp;la extinci\u00f3n de estos &nbsp;en los periodos de prueba que en los contratos indefinidos ya han llegado al 650%, todo ello, sin indemnizar y &nbsp;con &nbsp;un coste m\u00ednimo en esos contratos.<\/p>\n\n\n\n<p>&nbsp;&nbsp;&nbsp;&nbsp;&nbsp;&nbsp;&nbsp; Es tal la desfachatez del empleo que nunca en la historia laboral de Espa\u00f1a ha existido&nbsp; m\u00e1s parados encubiertos, escondidos bajo el juego de n\u00fameros artificiales y donde gracias a las CCAA de Andaluc\u00eda y Madrid, donde se ha creado mayor empleo, se&nbsp; ha podido&nbsp; nivelar \u00e9ste.<\/p>\n\n\n\n<p>&nbsp;&nbsp;&nbsp;&nbsp;&nbsp;&nbsp;&nbsp;&nbsp; El Ministerio de Trabajo no ha hecho nada por el empleo en Espa\u00f1a. Es m\u00e1s, ha llevado a cabo una mini reforma laboral rid\u00edcula y llena de venganza&nbsp; para el empleador, enga\u00f1ando a los trabajadores con ese contrato indefinido que dec\u00edan que era la panacea para crear empleo y que ha sido una aut\u00e9ntica mentira. Aqu\u00ed en este pa\u00eds &nbsp;no nos est\u00e1n dando la ca\u00f1a para saber pescar, nos est\u00e1n llenando de est\u00f3magos agradecidos, de subsidios, ayudas, subidas del salario m\u00ednimo interprofesional&nbsp; sin consensuar con la patronal, &nbsp;medidas para j\u00f3venes que no sirven para nada y enga\u00f1o permanente con las cifras del paro para que nos las creamos&nbsp; y encima nos enga\u00f1en&nbsp; con todos los conceptos&nbsp; que est\u00e1n dando para rebajar lo que no es cierto y&nbsp; lo que no existe, pero los sindicatos callan&nbsp; y no se conoce una huelga&nbsp; ni por el horizonte m\u00e1s lejano.<\/p>\n\n\n\n<p>&nbsp;&nbsp;&nbsp;&nbsp;&nbsp;&nbsp;&nbsp;&nbsp; Europa debe hacernos una auditoria laboral con car\u00e1cter urgente, con realidad de mercado, con los contingentes de extranjeros y con facilidades para que el empresario pueda crear empleo y no como hasta ahora que parece que es&nbsp; un personaje siniestro que mira s\u00f3lo por s\u00ed, sin olvidar cu\u00e1ntos aut\u00f3nomos viven casi al d\u00eda y lo \u00fanico que saben es tener un socio que se llama Hacienda para que casi el 50% de sus beneficios se lo gasten en prebendas, en asesores y en puertas giratorios un mont\u00f3n de sinverg\u00fcenzas.<\/p>\n","protected":false},"excerpt":{"rendered":"<p>&nbsp;&nbsp;&nbsp;&nbsp;&nbsp; &nbsp;&nbsp;Los datos del paro de marzo, publicados por el Ministerio de Trabajo y Econom\u00eda Social, &nbsp;revelan sin ninguna claridad que ha descendido el n\u00famero de desempleados&nbsp; en 33.405 personas. Es decir, que deja el paro con un total de 2.727.003 personas sin trabajo en Espa\u00f1a, queriendo marcar que el mes de marzo ha sido [&hellip;]<\/p>\n","protected":false},"author":1,"featured_media":0,"comment_status":"open","ping_status":"open","sticky":false,"template":"","format":"standard","meta":{"footnotes":""},"categories":[1],"tags":[],"class_list":["post-4501","post","type-post","status-publish","format-standard","hentry","category-sin-categoria"],"_links":{"self":[{"href":"https:\/\/elblogdejoseblasfernandez.com\/index.php?rest_route=\/wp\/v2\/posts\/4501","targetHints":{"allow":["GET"]}}],"collection":[{"href":"https:\/\/elblogdejoseblasfernandez.com\/index.php?rest_route=\/wp\/v2\/posts"}],"about":[{"href":"https:\/\/elblogdejoseblasfernandez.com\/index.php?rest_route=\/wp\/v2\/types\/post"}],"author":[{"embeddable":true,"href":"https:\/\/elblogdejoseblasfernandez.com\/index.php?rest_route=\/wp\/v2\/users\/1"}],"replies":[{"embeddable":true,"href":"https:\/\/elblogdejoseblasfernandez.com\/index.php?rest_route=%2Fwp%2Fv2%2Fcomments&post=4501"}],"version-history":[{"count":1,"href":"https:\/\/elblogdejoseblasfernandez.com\/index.php?rest_route=\/wp\/v2\/posts\/4501\/revisions"}],"predecessor-version":[{"id":4502,"href":"https:\/\/elblogdejoseblasfernandez.com\/index.php?rest_route=\/wp\/v2\/posts\/4501\/revisions\/4502"}],"wp:attachment":[{"href":"https:\/\/elblogdejoseblasfernandez.com\/index.php?rest_route=%2Fwp%2Fv2%2Fmedia&parent=4501"}],"wp:term":[{"taxonomy":"category","embeddable":true,"href":"https:\/\/elblogdejoseblasfernandez.com\/index.php?rest_route=%2Fwp%2Fv2%2Fcategories&post=4501"},{"taxonomy":"post_tag","embeddable":true,"href":"https:\/\/elblogdejoseblasfernandez.com\/index.php?rest_route=%2Fwp%2Fv2%2Ftags&post=4501"}],"curies":[{"name":"wp","href":"https:\/\/api.w.org\/{rel}","templated":true}]}}