{"id":4503,"date":"2024-04-18T15:43:29","date_gmt":"2024-04-18T13:43:29","guid":{"rendered":"http:\/\/elblogdejoseblasfernandez.com\/?p=4503"},"modified":"2024-04-18T15:43:29","modified_gmt":"2024-04-18T13:43:29","slug":"las-cortes-generales-han-perdido-la-confianza-de-los-espanoles","status":"publish","type":"post","link":"https:\/\/elblogdejoseblasfernandez.com\/?p=4503","title":{"rendered":"LAS CORTES GENERALES HAN PERDIDO LA CONFIANZA DE LOS ESPA\u00d1OLES"},"content":{"rendered":"\n<p>&nbsp;&nbsp;&nbsp;&nbsp;&nbsp;&nbsp;&nbsp;&nbsp; Durante&nbsp; las&nbsp; diez primeras&nbsp; legislaturas,&nbsp;&nbsp; las Cortes Generales han sido las verdaderas representantes de la voluntad popular. Quien ha sido parlamentario como quien suscribe ha vivido&nbsp; en las legislaturas que le han tocado&nbsp; vivir y con&nbsp; una exquisitez de trato y una armon\u00eda parlamentaria en&nbsp; la que la cortes\u00eda y el esp\u00edritu de vocaci\u00f3n por el inter\u00e9s general&nbsp; se hac\u00edan visibles en cualquier debate,&nbsp; ya fuese en la C\u00e1mara Baja o en la C\u00e1mara Alta. Hoy, en esta XV Legislatura que est\u00e1 resultando ser un aut\u00e9ntico circo, quienes mandan no son los legisladores, es Moncloa quien dando \u00f3rdenes en la mayor\u00eda de los casos hace que exista tal enfrentamiento entre los Grupos Parlamentarios que se hace de todo menos&nbsp; legislar, lo que provoca la falta de confianza de los espa\u00f1oles.<\/p>\n\n\n\n<p>&nbsp;&nbsp;&nbsp;&nbsp;&nbsp;&nbsp;&nbsp;&nbsp; El actual Gobierno,&nbsp; aprovech\u00e1ndose de los pactos&nbsp; para&nbsp;&nbsp; mantener a Sanchez en la presidencia del Gobierno,&nbsp; est\u00e1 provocando un caos Institucional que con el tiempo los historiadores sabr\u00e1n insertar en sus hemerotecas&nbsp;&nbsp; todo el da\u00f1o que el pueblo espa\u00f1ol est\u00e1 recibiendo y c\u00f3mo&nbsp; con artilugios jur\u00eddicos tenemos a un pa\u00eds totalmente parado y lo \u00fanico que parece que importa es la Ley de Amnistia, salvo algunas pinceladas del Presidente del Gobierno que para distraer al circo hace algunos juegos de trapecio, pero que&nbsp; al final la ca\u00edda ser\u00e1 vertiginosa y mortal pol\u00edticamente hablando.<\/p>\n\n\n\n<p>&nbsp;&nbsp;&nbsp;&nbsp;&nbsp;&nbsp;&nbsp;&nbsp; Espa\u00f1a no puede estar inmersa en el juego de Comisiones de Investigaci\u00f3n que en funci\u00f3n de las mayor\u00edas de las C\u00e1maras se est\u00e1n haciendo&nbsp; en un autentico divorcio pol\u00edtico que no tiene precedentes, pues estas Comisiones, bajo la investigaci\u00f3n de presuntos corruptos y de personajes tanto del Gobierno como de familiares de \u00e9ste, hacen imposible vivir y esperar que las Cortes debatan y acuerden lo mejor para la ciudadan\u00eda, pues tenemos unos presupuestos generales prorrogados en fraude de ley y s\u00f3lo aparecen en el BOE aquellas \u00f3rdenes ministeriales o Reales Decretos Leyes que muchos de ellos como ocurri\u00f3 con la pandemia fueron anulados por el Tribunal Constitucional, es decir, ni siquiera se espera a&nbsp;&nbsp; los informes no vinculantes pero preceptivos del Consejo del Reino, del Consejo General del Poder Judicial, de la Comisi\u00f3n de Justicia del Congreso o de los Letrados del Senado a los cuales no se les hace ni caso&nbsp; o de cualquier otra Instituci\u00f3n que preceptivamente debiera dar su parecer. Todo esto se lo saltan a la torera y&nbsp; en la confianza de que en el Congreso tienen mayor\u00eda de&nbsp; est\u00f3magos agradecidos de la pol\u00edtica,&nbsp; pactan cuanto quieren y cuanto les da la gana. Mientras, S\u00e1nchez, anuncia para distraer la grave situaci\u00f3n&nbsp; que el Gobierno eliminar\u00e1 la \u201cGolden Visa\u201d para \u201cgarantizar que la vivienda sea un derecho&nbsp; y no un mero negocio especulativo\u201d y esto lo dice en la localidad de&nbsp; Dos Hermanas bajo una lluvia de abucheos de trabajadores de obras cercanas&nbsp; donde quiere prohibir&nbsp; y eliminar la concesi\u00f3n de esta Golden Visa que permite acceder al r\u00e9gimen de residencia cuando se invierten m\u00e1s de 500.000 euros en bienes inmuebles. Algo tan impropio de un pa\u00eds avanzado como el nuestro y&nbsp; creyendo que&nbsp; quien invierta en vivienda m\u00e1s de 500.000 euros es un apestado que viene a robarnos, algo que olvida que quien invierte esas cuant\u00edas y que no son viviendas precisamente sociales, pagan impuestos porque en la construcci\u00f3n es donde m\u00e1s empleo se crea, pues intervienen multitud de profesionales y actividades de ese sector que dan trabajo a cientos de personas y que ahora&nbsp; las quiere derrumbar como un castillo de naipes y bajo la mentira de cumplir con la Constituci\u00f3n y que el derecho de todos sea una vivienda digna,&nbsp; vuelve a enga\u00f1arnos y&nbsp; aparenta que los pobres no tienen nada y los que compran pisos de m\u00e1s de 500.000 euros explotan a estos, cosa&nbsp; que demuestra que no se puede ser m\u00e1s imb\u00e9cil y m\u00e1s ignorante y decir esto a destiempo y de forma demag\u00f3gica no tiene m\u00e1s valor que&nbsp; la mentira.<\/p>\n\n\n\n<p>\u00a0\u00a0\u00a0\u00a0\u00a0\u00a0\u00a0\u00a0 Sin embargo, por otro lado, en ese ir y venir para distraer al circo, permite que el Congreso acceda a debatir la regularizaci\u00f3n de 500.000 inmigrantes por la Iniciativa Legislativa Popular (ILP), cosa que no es ni m\u00e1s ni menos que se est\u00e1 dando cuenta de que la natalidad en Espa\u00f1a ha ca\u00eddo considerablemente, que el mercado laboral est\u00e1 en decadencia en su conjunto por falta de mano de obra especializada y que estamos llenos de personas mayores ya jubiladas y si de aqu\u00ed a 20 a\u00f1os no nos ponemos las pilas con esa regularizaci\u00f3n de personas de\u00a0 otros pa\u00edses, el caos estar\u00e1 servido y no habr\u00e1 ni un solo euro para el pago de las pensiones y todo por no tener una pol\u00edtica de mercado seria\u00a0 y dedicar a muchos j\u00f3venes y no tan j\u00f3venes a darles una paguita y contentarlos para as\u00ed tener est\u00f3magos agradecidos y un clientelismo en las votaciones. Es decir, que tienen que venir de fuera para salvarnos del naufragio, cosa que lo considero acertado, pero bien regularizado y observando la llegada de muchos que amparados por el trabajo\u00a0 provocar\u00e1n\u00a0 inseguridad ciudadana en nuestro pa\u00eds.<strong>\u00a0\u00a0\u00a0\u00a0\u00a0\u00a0\u00a0\u00a0 <\/strong><\/p>\n\n\n\n<p>       Terminando con este drama econ\u00f3mico, donde inclusive los concursos empresariales se han disparado en un 40% y con una direcci\u00f3n pol\u00edtica como la que llevamos\u00a0 asfixiando a las C\u00e1maras Legislativas y s\u00f3lo pensando en un personaje que ha huido de la Justicia, pr\u00f3fugo e inmerso en un proceso de terrorismo, esto puede acabar\u00a0 muy mal porque ya la soberan\u00eda popular\u00a0 no se encuentra en los representantes que elegimos para legislar, sino en manos de un narcisista embustero\u00a0\u00a0 que s\u00f3lo mira por s\u00ed y no le importa que pasemos a la UCI econ\u00f3mica m\u00e1s pronto que tarde.<\/p>\n","protected":false},"excerpt":{"rendered":"<p>&nbsp;&nbsp;&nbsp;&nbsp;&nbsp;&nbsp;&nbsp;&nbsp; Durante&nbsp; las&nbsp; diez primeras&nbsp; legislaturas,&nbsp;&nbsp; las Cortes Generales han sido las verdaderas representantes de la voluntad popular. Quien ha sido parlamentario como quien suscribe ha vivido&nbsp; en las legislaturas que le han tocado&nbsp; vivir y con&nbsp; una exquisitez de trato y una armon\u00eda parlamentaria en&nbsp; la que la cortes\u00eda y el esp\u00edritu de vocaci\u00f3n [&hellip;]<\/p>\n","protected":false},"author":1,"featured_media":0,"comment_status":"open","ping_status":"open","sticky":false,"template":"","format":"standard","meta":{"footnotes":""},"categories":[1],"tags":[],"class_list":["post-4503","post","type-post","status-publish","format-standard","hentry","category-sin-categoria"],"_links":{"self":[{"href":"https:\/\/elblogdejoseblasfernandez.com\/index.php?rest_route=\/wp\/v2\/posts\/4503","targetHints":{"allow":["GET"]}}],"collection":[{"href":"https:\/\/elblogdejoseblasfernandez.com\/index.php?rest_route=\/wp\/v2\/posts"}],"about":[{"href":"https:\/\/elblogdejoseblasfernandez.com\/index.php?rest_route=\/wp\/v2\/types\/post"}],"author":[{"embeddable":true,"href":"https:\/\/elblogdejoseblasfernandez.com\/index.php?rest_route=\/wp\/v2\/users\/1"}],"replies":[{"embeddable":true,"href":"https:\/\/elblogdejoseblasfernandez.com\/index.php?rest_route=%2Fwp%2Fv2%2Fcomments&post=4503"}],"version-history":[{"count":1,"href":"https:\/\/elblogdejoseblasfernandez.com\/index.php?rest_route=\/wp\/v2\/posts\/4503\/revisions"}],"predecessor-version":[{"id":4504,"href":"https:\/\/elblogdejoseblasfernandez.com\/index.php?rest_route=\/wp\/v2\/posts\/4503\/revisions\/4504"}],"wp:attachment":[{"href":"https:\/\/elblogdejoseblasfernandez.com\/index.php?rest_route=%2Fwp%2Fv2%2Fmedia&parent=4503"}],"wp:term":[{"taxonomy":"category","embeddable":true,"href":"https:\/\/elblogdejoseblasfernandez.com\/index.php?rest_route=%2Fwp%2Fv2%2Fcategories&post=4503"},{"taxonomy":"post_tag","embeddable":true,"href":"https:\/\/elblogdejoseblasfernandez.com\/index.php?rest_route=%2Fwp%2Fv2%2Ftags&post=4503"}],"curies":[{"name":"wp","href":"https:\/\/api.w.org\/{rel}","templated":true}]}}