{"id":4547,"date":"2024-04-28T13:40:02","date_gmt":"2024-04-28T11:40:02","guid":{"rendered":"http:\/\/elblogdejoseblasfernandez.com\/?p=4547"},"modified":"2024-04-28T13:40:02","modified_gmt":"2024-04-28T11:40:02","slug":"los-ayuntamientos-democraticos-cumplen-45-anos","status":"publish","type":"post","link":"https:\/\/elblogdejoseblasfernandez.com\/?p=4547","title":{"rendered":"LOS AYUNTAMIENTOS DEMOCR\u00c1TICOS CUMPLEN 45 A\u00d1OS."},"content":{"rendered":"\n<p>&nbsp;&nbsp;&nbsp;&nbsp;&nbsp;&nbsp; &nbsp;&nbsp;En esos d\u00edas, tras las elecciones municipales celebradas en 1979, los distintos partidos pol\u00edticos que exist\u00edan legalizados&nbsp; tras la muerte de Franco, empezaron a aglutinar sus afiliados y listados de personas comprometidas para iniciar&nbsp; una nueva vida municipal que cambiara todo lo que en aquellos momentos exist\u00eda, pues&nbsp; a\u00fan est\u00e1bamos bajo el efecto o anestesia de la dictadura. Franco hac\u00eda tres a\u00f1os largos que ya hab\u00eda fallecido&nbsp; y a\u00fan perduraban los rescoldos de los Ayuntamientos no democr\u00e1ticos que se estaban diluyendo como azucarillos en el agua. Es m\u00e1s, pese a la reforma que hizo el entonces Ministro &nbsp;Manuel Fraga de renovar entre los concejales existentes al Alcalde de la Corporaci\u00f3n de aquella \u00e9poca y &nbsp;donde muchos ven\u00edan hist\u00f3ricamente a\u00f1o tras a\u00f1o nombrados por los entonces Gobernadores Civiles o por el Ministro de la Gobernaci\u00f3n si eran capitales de provincia (cambio absurdo y que fue pr\u00e1cticamente por dos a\u00f1os), empezaron las campa\u00f1as para estas municipales&nbsp; donde los pactos como hoy precisamente existen y perduran corrieron como rosquillas, &nbsp;nos encontramos con Ayuntamientos con nuevos alcaldes y nuevos ediles, pero donde desgraciadamente no ten\u00edan ni para comprar un candado.<\/p>\n\n\n\n<p>&nbsp;&nbsp;&nbsp;&nbsp;&nbsp;&nbsp;&nbsp;&nbsp; En estos d\u00edas, al cumplirse el 45 aniversario, &nbsp;recordamos&nbsp; quienes vivimos por aquella \u00e9poca c\u00f3mo quienes se presentaban a las elecciones en su gran mayor\u00eda eran profesionales de algo. Era f\u00e1cil comprobar c\u00f3mo la corporaci\u00f3n municipal estaba formada por profesionales liberales, maestros, catedr\u00e1ticos, funcionarios y un largo etc\u00e9tera que eran quienes ausent\u00e1ndose de sus propios trabajos, dedicaban su buen saber y entender a la ciudad o a &nbsp;la localidad en la que hab\u00edan sido elegidos. Por aquel entonces, &nbsp;ser alcalde era un compromiso vital, pues en muchos de sus trabajos profesionales&nbsp; o si eran funcionarios ten\u00edan que pedir permiso hasta para ir al Ayuntamiento a firmar sus responsabilidades&nbsp; y &nbsp;todo aquello que era como consecuencia de la &nbsp;Ley de R\u00e9gimen Local de la \u00e9poca franquista.<\/p>\n\n\n\n<p>&nbsp;&nbsp;&nbsp;&nbsp;&nbsp;&nbsp;&nbsp;&nbsp; En resumidas cuentas, un gazpacho entre la democracia con sus libertades y leyes sin derogar de anteriores tiempos, lo cual&nbsp; puedo asegurar que existieron muchos profesionales en la pol\u00edtica y no como hoy, que son profesionales de la pol\u00edtica.&nbsp; Y digo esto, &nbsp;porque hace 45 a\u00f1os ni exist\u00edan sueldos&nbsp; ni asignaciones ni siquiera se deba de alta a un concejal en la Seguridad Social, todo lo m\u00e1s, el acalde cobraba los gastos de desplazamientos al igual que los concejales y como mucho se nombraba un Jefe de Gabinete, pero uno solo, no como hoy que son decenas, para que llevara la agenda del alcalde y le transmitiera &nbsp;sus viajes y visitas para poder desenvolverse en defensa de la ciudad. Curiosamente, si no exist\u00eda todav\u00eda una Ley de R\u00e9gimen Local como la existente hoy que tras muchas reformas contempla infinidad de derechos &nbsp;para quienes ejercen esta actividad pol\u00edtica, las Haciendas Locales&nbsp; ten\u00edan&nbsp; en sus cajas de caudales&nbsp; telara\u00f1as, porque hasta que no lleg\u00f3 el siguiente mandato entre 1983 y 1987 no se empezaron a crear&nbsp; impuestos municipales para poder sobrevivir, pagar la n\u00f3mina de los funcionarios y poder arreglar calles, aceras, mejores conducciones, mayor potenciaci\u00f3n de la v\u00eda p\u00fablica, jardines y playas&nbsp; y as\u00ed, poco a poco levantar la vida de la ciudad y dar&nbsp; nuevos servicios a la ciudadan\u00eda, porque con el impuesto de la entonces contribuci\u00f3n urbana,&nbsp; hoy similar al IBI, el precario impuesto de radicaci\u00f3n o la tasa por licencias de obras y ello en funci\u00f3n del valor de las mismas, poco m\u00e1s se pod\u00eda hacer, por lo que los ayuntamientos empezaron a eliminar ese tipo de impuestos&nbsp; que les hac\u00eda pasar a los alcaldes y aquellas corporaciones m\u00e1s hambre que \u201cun caracol en un espejo\u201d, fue cambiando gracias a la inyecci\u00f3n del Impuesto de Actividades Econ\u00f3micas, el de&nbsp; bienes inmuebles, plusval\u00edas o tasas de basura llamadas muchas de ellas tasa medioambiental, IVA y otros como las transferencias del Estado que se reciben como agua de mayo para el mejor desarrollo del municipalismo. En resumen, decenas de tasas e impuestos seg\u00fan el municipio donde hoy hasta para poder circular por la v\u00eda p\u00fablica y respirar nos est\u00e1n cobrando.<\/p>\n\n\n\n<p>&nbsp;&nbsp;&nbsp;&nbsp;&nbsp;&nbsp;&nbsp;&nbsp; Sin embargo, retrotrayendo el video de la vida de estos 45 a\u00f1os a 1979, celebramos&nbsp; el compa\u00f1erismo, el&nbsp; buen saber entre los ediles y alcaldes y el sacrificio personal que se hac\u00eda en aquellos primeros ayuntamientos democr\u00e1ticos. Quienes hemos vivido estos 45 a\u00f1os y celebramos en estos d\u00edas los reencuentros entre los que estaban en el gobierno y en la oposici\u00f3n, nos damos cuenta que \u00e9ramos personas que ten\u00edamos valores para gobernar por las buenas costumbres y que no exist\u00eda ambici\u00f3n de poder, &nbsp;porque tu meta era igual para todos que no era m\u00e1s que tener una ciudad limpia, ordenada, con&nbsp;&nbsp; buenos servicios y en resumen dar acogida al forastero para que &nbsp;su estancia en las vacaciones se hiciera parte de esa vida que exist\u00eda, volviera de nuevo y en resumen, hacer de tu ciudad&nbsp; el gran encuentro de todos y, posteriormente, una vez acabada esa misi\u00f3n volver a tu vida profesional que era de donde proced\u00edas, cosa que hoy&nbsp; el ser concejal,&nbsp; en el 95% de los casos, es una carrera para vivir de ella.<\/p>\n\n\n\n<p>&nbsp;&nbsp;&nbsp;&nbsp;&nbsp;&nbsp;&nbsp;&nbsp; Mi recuerdo a tantos y tantas concejales\/as que se dejaron la piel y hoy ya no est\u00e1n con nosotros. Hemos superado la consigna que en 1979 los espa\u00f1oles nos propusimos. Han sido muchas vivencias y reencontrarnos con mujeres y hombres de la \u00e1poca que ya son hoy supervivientes es&nbsp; un encuentro emocional donde&nbsp; contaremos infinidad de vivencias y donde el legado de aquel trabajo lo dejamos para nuestros hijos. As\u00ed valorar\u00e1n qu\u00e9 significaba ser concejal en los a\u00f1os 80.<\/p>\n","protected":false},"excerpt":{"rendered":"<p>&nbsp;&nbsp;&nbsp;&nbsp;&nbsp;&nbsp; &nbsp;&nbsp;En esos d\u00edas, tras las elecciones municipales celebradas en 1979, los distintos partidos pol\u00edticos que exist\u00edan legalizados&nbsp; tras la muerte de Franco, empezaron a aglutinar sus afiliados y listados de personas comprometidas para iniciar&nbsp; una nueva vida municipal que cambiara todo lo que en aquellos momentos exist\u00eda, pues&nbsp; a\u00fan est\u00e1bamos bajo el efecto o [&hellip;]<\/p>\n","protected":false},"author":1,"featured_media":0,"comment_status":"open","ping_status":"open","sticky":false,"template":"","format":"standard","meta":{"footnotes":""},"categories":[1],"tags":[],"class_list":["post-4547","post","type-post","status-publish","format-standard","hentry","category-sin-categoria"],"_links":{"self":[{"href":"https:\/\/elblogdejoseblasfernandez.com\/index.php?rest_route=\/wp\/v2\/posts\/4547","targetHints":{"allow":["GET"]}}],"collection":[{"href":"https:\/\/elblogdejoseblasfernandez.com\/index.php?rest_route=\/wp\/v2\/posts"}],"about":[{"href":"https:\/\/elblogdejoseblasfernandez.com\/index.php?rest_route=\/wp\/v2\/types\/post"}],"author":[{"embeddable":true,"href":"https:\/\/elblogdejoseblasfernandez.com\/index.php?rest_route=\/wp\/v2\/users\/1"}],"replies":[{"embeddable":true,"href":"https:\/\/elblogdejoseblasfernandez.com\/index.php?rest_route=%2Fwp%2Fv2%2Fcomments&post=4547"}],"version-history":[{"count":1,"href":"https:\/\/elblogdejoseblasfernandez.com\/index.php?rest_route=\/wp\/v2\/posts\/4547\/revisions"}],"predecessor-version":[{"id":4548,"href":"https:\/\/elblogdejoseblasfernandez.com\/index.php?rest_route=\/wp\/v2\/posts\/4547\/revisions\/4548"}],"wp:attachment":[{"href":"https:\/\/elblogdejoseblasfernandez.com\/index.php?rest_route=%2Fwp%2Fv2%2Fmedia&parent=4547"}],"wp:term":[{"taxonomy":"category","embeddable":true,"href":"https:\/\/elblogdejoseblasfernandez.com\/index.php?rest_route=%2Fwp%2Fv2%2Fcategories&post=4547"},{"taxonomy":"post_tag","embeddable":true,"href":"https:\/\/elblogdejoseblasfernandez.com\/index.php?rest_route=%2Fwp%2Fv2%2Ftags&post=4547"}],"curies":[{"name":"wp","href":"https:\/\/api.w.org\/{rel}","templated":true}]}}