{"id":4549,"date":"2024-04-28T13:41:14","date_gmt":"2024-04-28T11:41:14","guid":{"rendered":"http:\/\/elblogdejoseblasfernandez.com\/?p=4549"},"modified":"2024-04-28T13:41:14","modified_gmt":"2024-04-28T11:41:14","slug":"el-gobierno-se-desmorona-y-arrastra-el-empleo-y-la-economia","status":"publish","type":"post","link":"https:\/\/elblogdejoseblasfernandez.com\/?p=4549","title":{"rendered":"EL GOBIERNO SE DESMORONA Y ARRASTRA EL EMPLEO Y LA ECONOM\u00cdA."},"content":{"rendered":"\n<p>&nbsp;&nbsp;&nbsp;&nbsp;&nbsp;&nbsp;&nbsp;&nbsp; En estos momentos estamos viviendo&nbsp;&nbsp; un tr\u00e1nsito&nbsp; muy perjudicial para un pa\u00eds como Espa\u00f1a, &nbsp;que debi\u00f3 hace a\u00f1os arrancar de su laxitud&nbsp; y convertirse en un ejemplo&nbsp; para Europa y el resto del mundo, pero la situaci\u00f3n&nbsp; creada de p\u00e1nico democr\u00e1tico por el actual Presidente del Gobierno que deja a Espa\u00f1a inclusive&nbsp; en un estado letal durante cinco d\u00edas para aparentar una decisi\u00f3n pol\u00edtica personal, est\u00e1 marcando unas negativas consecuencias que ser\u00e1n dif\u00edciles de remontar.<\/p>\n\n\n\n<p>&nbsp;&nbsp;&nbsp;&nbsp;&nbsp;&nbsp;&nbsp;&nbsp; En principio, la crisis de gobierno est\u00e1 &nbsp;al rojo vivo. Las administraciones en su conjunto sufren la expectativa de no saber qu\u00e9 ocurrir\u00e1 y&nbsp; la inseguridad jur\u00eddica que provoca un Gobierno&nbsp; que no marca ninguna l\u00ednea a seguir y que desconoce&nbsp; si su Presidente dimitir\u00e1 o no y si a partir de mayo puede haber elecciones anticipadas. Es tal hecatombe la que se est\u00e1 produci\u00e9ndose que en 48 horas Espa\u00f1a se ha parado y lo que es peor, el sufrimiento de los espa\u00f1oles es de apat\u00eda total&nbsp; y de no encontrar el&nbsp; final&nbsp; del t\u00fanel. Ahora, no s\u00f3lo est\u00e1n bocarriba&nbsp; el Congreso y el Senado, sino que&nbsp; nos convertimos en el pa\u00eds de la Uni\u00f3n Europea con m\u00e1s trabajadores sobrecualificados para sus puestos de trabajo, donde la tasa de paro ha repuntado en este primer trimestre&nbsp; llegando hasta el 12,29%, &nbsp;seg\u00fan la EPA y observamos para mayor desgracia que el n\u00famero de ocupados cae en 140.000 personas, que son las peores cifras existentes desde la pandemia. Todo ello, teniendo en cuenta que el paro subi\u00f3&nbsp; en 117.000 personas, es decir, un 4,09% m\u00e1s que en el trimestre anterior, siendo los peores registros que tenemos desde el 2020. Estos malos datos unido a que es el n\u00famero m\u00e1s elevado desde 2020, sin saberse a\u00fan los trabajadores que en esa ingieneria&nbsp; del fijo discontinuo&nbsp; perciben el desempleo, crece&nbsp; para colmo la tasa de paro femenino&nbsp; y los principales sectores de la producci\u00f3n est\u00e1n en declive.<\/p>\n\n\n\n<p>&nbsp;&nbsp;&nbsp;&nbsp;&nbsp;&nbsp;&nbsp;&nbsp; El Gobierno no es capaz de&nbsp; levantar el vuelo para s\u00ed mismo, lo que hace que a\u00fan el efecto multiplicador del empleo caiga empicado, pues la propia tasa de paro juvenil se sit\u00faa en el 27,7%, por lo que la ocupaci\u00f3n en general est\u00e1 debilitada&nbsp; y para colmo se han perdido 70.000 aut\u00f3nomos, lo que pone de manifiesto que el contrato indefinido&nbsp; ascendi\u00f3 notablemente,&nbsp; pero no se dice que el contrato&nbsp; a tiempo parcial aument\u00f3 de tal manera que&nbsp; hasta los propios indefinidos se han ido reduciendo a menor jornada de trabajo en estos doce \u00faltimos meses.<\/p>\n\n\n\n<p>&nbsp;&nbsp;&nbsp;&nbsp;&nbsp;&nbsp;&nbsp;&nbsp; Esta bajada del sector productivo que es preocupante en su n\u00famero, pone de manifiesto que&nbsp; estamos ante&nbsp; un Gobierno sin rumbo&nbsp; y&nbsp; unos legisladores que s\u00f3lo est\u00e1n dedicados a la reyerta pol\u00edtica, por lo que&nbsp; cada Ministerio va por su lado y el aumento de la conflictividad es lo que impera por todos los corros de la pol\u00edtica, donde hasta el expresidente Zapatero est\u00e1 llamando a la movilizaci\u00f3n&nbsp; para poder asegurar&nbsp; parte de la situaci\u00f3n de su partido, pero el desencanto de los espa\u00f1oles, la rabia y la falta de liquidez dom\u00e9stica est\u00e1 haciendo estragos ya en nuestros alrededores, tanto es as\u00ed que la bolsa se est\u00e1 viendo afectada por esta incertidumbre y a\u00fan m\u00e1s, puede afectar al IBEX la posible dimisi\u00f3n de Pedro S\u00e1nchez, lo que hace notar una fragilidad&nbsp;&nbsp; donde las empresas&nbsp; bloquean sus propios proyectos ante el temor de la quiebra y l\u00f3gicamente&nbsp; muchas levantaran el vuelo hacia otros pa\u00edses y las que no puedan hacerlo entrar\u00e1n en suspensiones de pago&nbsp; y, por tanto, ERES y despidos de trabajadores.<\/p>\n\n\n\n<p>&nbsp;&nbsp;&nbsp;&nbsp;&nbsp;&nbsp;&nbsp;&nbsp; El pa\u00eds est\u00e1 sumamente nervioso porque no ve salidas ni para j\u00f3venes ni para trabajadores en expectativa de trabajo. Es m\u00e1s, aumentan los parados de larga duraci\u00f3n y a corto y medio plazo ser\u00e1 tal la deuda por habitante que nuestros nietos tendr\u00e1n que pagar el boquete que hoy se tiene.<\/p>\n\n\n\n<p>&nbsp;&nbsp;&nbsp;&nbsp;&nbsp;&nbsp;&nbsp;&nbsp; Termino manifestando que si no hay estabilidad pol\u00edtica, ahorro del gasto, incentivos para empresas y aut\u00f3nomos,&nbsp; nuestro pa\u00eds pasar\u00e1&nbsp; otra larga &nbsp;condena&nbsp; como ocurri\u00f3 en el 2008.<\/p>\n\n\n\n<p>&nbsp;&nbsp;&nbsp;&nbsp;&nbsp;&nbsp;&nbsp;&nbsp; Por tanto,&nbsp; la \u201cmargarita\u201d de si S\u00e1nchez se queda o se marcha, ante la movilizaci\u00f3n de sus estructuras territoriales, porque puede estar en juego la continuidad del partido socialista, pienso que quedar\u00e1 en una moci\u00f3n de confianza provocada&nbsp; y asumida&nbsp; por una mayor\u00eda simple del Congreso, pero desde luego, dimita o no el lastre que nos quedar\u00e1 &nbsp;ser\u00e1 abrumador y seguro que durante muchos a\u00f1os&nbsp; arrastraremos&nbsp; esa situaci\u00f3n de&nbsp; todo tipo que nos dejar\u00e1 unas secuelas&nbsp; que no tendr\u00e1n precedentes.<\/p>\n","protected":false},"excerpt":{"rendered":"<p>&nbsp;&nbsp;&nbsp;&nbsp;&nbsp;&nbsp;&nbsp;&nbsp; En estos momentos estamos viviendo&nbsp;&nbsp; un tr\u00e1nsito&nbsp; muy perjudicial para un pa\u00eds como Espa\u00f1a, &nbsp;que debi\u00f3 hace a\u00f1os arrancar de su laxitud&nbsp; y convertirse en un ejemplo&nbsp; para Europa y el resto del mundo, pero la situaci\u00f3n&nbsp; creada de p\u00e1nico democr\u00e1tico por el actual Presidente del Gobierno que deja a Espa\u00f1a inclusive&nbsp; en un [&hellip;]<\/p>\n","protected":false},"author":1,"featured_media":0,"comment_status":"open","ping_status":"open","sticky":false,"template":"","format":"standard","meta":{"footnotes":""},"categories":[1],"tags":[],"class_list":["post-4549","post","type-post","status-publish","format-standard","hentry","category-sin-categoria"],"_links":{"self":[{"href":"https:\/\/elblogdejoseblasfernandez.com\/index.php?rest_route=\/wp\/v2\/posts\/4549","targetHints":{"allow":["GET"]}}],"collection":[{"href":"https:\/\/elblogdejoseblasfernandez.com\/index.php?rest_route=\/wp\/v2\/posts"}],"about":[{"href":"https:\/\/elblogdejoseblasfernandez.com\/index.php?rest_route=\/wp\/v2\/types\/post"}],"author":[{"embeddable":true,"href":"https:\/\/elblogdejoseblasfernandez.com\/index.php?rest_route=\/wp\/v2\/users\/1"}],"replies":[{"embeddable":true,"href":"https:\/\/elblogdejoseblasfernandez.com\/index.php?rest_route=%2Fwp%2Fv2%2Fcomments&post=4549"}],"version-history":[{"count":1,"href":"https:\/\/elblogdejoseblasfernandez.com\/index.php?rest_route=\/wp\/v2\/posts\/4549\/revisions"}],"predecessor-version":[{"id":4550,"href":"https:\/\/elblogdejoseblasfernandez.com\/index.php?rest_route=\/wp\/v2\/posts\/4549\/revisions\/4550"}],"wp:attachment":[{"href":"https:\/\/elblogdejoseblasfernandez.com\/index.php?rest_route=%2Fwp%2Fv2%2Fmedia&parent=4549"}],"wp:term":[{"taxonomy":"category","embeddable":true,"href":"https:\/\/elblogdejoseblasfernandez.com\/index.php?rest_route=%2Fwp%2Fv2%2Fcategories&post=4549"},{"taxonomy":"post_tag","embeddable":true,"href":"https:\/\/elblogdejoseblasfernandez.com\/index.php?rest_route=%2Fwp%2Fv2%2Ftags&post=4549"}],"curies":[{"name":"wp","href":"https:\/\/api.w.org\/{rel}","templated":true}]}}