{"id":4573,"date":"2024-05-05T19:03:46","date_gmt":"2024-05-05T17:03:46","guid":{"rendered":"http:\/\/elblogdejoseblasfernandez.com\/?p=4573"},"modified":"2024-05-05T19:03:46","modified_gmt":"2024-05-05T17:03:46","slug":"ha-vuelto-el-sindicato-vertical","status":"publish","type":"post","link":"https:\/\/elblogdejoseblasfernandez.com\/?p=4573","title":{"rendered":"HA VUELTO EL SINDICATO VERTICAL"},"content":{"rendered":"\n<p>&nbsp;&nbsp;&nbsp;&nbsp;&nbsp;&nbsp; &nbsp;&nbsp;El pasado 1 de mayo, con motivo del D\u00eda Internacional del Trabajo, hemos visto&nbsp; muchas ciudades&nbsp; con leg\u00edtimas manifestaciones de los distintos sindicatos espa\u00f1oles, donde curiosamente&nbsp; reivindicaban lo mismo que los Ministros del Gobierno. No conozco una manifestaci\u00f3n en el D\u00eda del Trabajo donde once Ministros del actual Gobierno, en la segunda fila de la pancarta, &nbsp;aparecieron dando discursos, manifest\u00e1ndose contra&nbsp; la derecha y la ultraderecha y jugando&nbsp; con jornadas reducidas,&nbsp; mayor empleo, mejores contratos y&nbsp; mayores salarios en su conjunto. Es decir, que los aproximadamente 57.000 liberados que existen en Espa\u00f1a de los principales sindicatos como son UGT y CCOO, que quienes les pagan&nbsp; son las empresas de sus bolsillos y las administraciones de nuestros impuestos y &nbsp;tienen aproximadamente un coste de 1.600 millones de euros al a\u00f1o. Curiosamente, sindicatos que ocultan el n\u00famero de liberados y que el Gobierno que lo sabe nunca&nbsp; es transparente en decir &nbsp;este n\u00famero de personas que viven del resto de la sociedad.<\/p>\n\n\n\n<p>&nbsp;&nbsp;&nbsp;&nbsp;&nbsp;&nbsp;&nbsp;&nbsp; Ver a la Ministra de Trabajo, Yolanda D\u00edaz, agitando masas e insultando a la oposici\u00f3n de este pa\u00eds y versando&nbsp; sobre el fango y la democracia &nbsp;para congraciarse con los sindicatos que se manifestaban es altamente vergonzoso, &nbsp;porque en lugar de &nbsp;buscar soluciones&nbsp; congruentes&nbsp; para abortar casi los cuatro millones de parados que tenemos y no tener al fondo de pensiones &nbsp;en quiebra absoluta, misi\u00f3n que debe evitar precisamente el Gobierno,&nbsp; se fotograf\u00edan los 11 Ministros reivindicando lo que ellos no arreglan y lo que es peor, mintiendo sobre mejoras socio-laborales cuando ellos no pagan y quienes corren con el gasto son las empresas y aut\u00f3nomos. Estos Ministros que les gusta una&nbsp; pancarta &nbsp;para aparentar y gritar lo que no saben, deber\u00edan ser m\u00e1s serios en estas actuaciones y explicar &nbsp;que los sindicatos deber\u00edan vivir de sus propias cuotas y de sus afiliados que los mantengan, pero no, viven del dinero que todos pagamos de nuestros impuestos o de esa liberaci\u00f3n eterna de algunos, que en su vida han visto un cincel&nbsp; y un martillo, ni se han&nbsp; puesto un mono para trabajar &nbsp;y que a\u00f1o tras a\u00f1o est\u00e1n vegetando en sus cargos y su \u201c\u00fanico trabajo\u201d es salir el 1 de Mayo dando gritos, reivindicando siempre lo mismo, pero sin dar soluciones a las empresas y colaborar para un mejor empleo.<\/p>\n\n\n\n<p>&nbsp;&nbsp;&nbsp;&nbsp;&nbsp;&nbsp;&nbsp;&nbsp; La situaci\u00f3n del d\u00eda 1 fue francamente bochornosa porque me recordaba&nbsp; aquellos tiempos del sindicato vertical, donde con juegos florales, tablas de gimnasia y otros artilugios se exhib\u00edan en muchos estadios para &nbsp;hacer sus pinitos y &nbsp;que los Ministros del ramo les viesen, les aplaudiesen&nbsp; y todo quedaba en un espect\u00e1culo circense &nbsp;al igual que hoy, donde tamborileros&nbsp; aperturan las manifestaciones, banderas de pl\u00e1stico de todos los colores, incluyendo la Republicana y acompa\u00f1ados de familiares, parientes y bienhechores rellenan las calles&nbsp; para manifestar que est\u00e1n defendiendo a los trabajadores, los cuales muchos ni conocen y luego discutir sobre el n\u00famero de manifestantes, donde nunca el engorde que se hace es realidad.<\/p>\n\n\n\n<p>&nbsp;&nbsp;&nbsp;&nbsp;&nbsp;&nbsp;&nbsp;&nbsp; El espect\u00e1culo no va en armon\u00eda con la realidad. Reivindicar menos trabajo, m\u00e1s empleo y mayor sueldo, as\u00ed como m\u00e1s derechos laborales es como sacar pecho y tener conquistas laborales, algo incierto&nbsp; porque el desempleo est\u00e1 aumentando, los comedores sociales&nbsp; con grandes colas est\u00e1n sin alimentos y olvidar que sus cotizaciones&nbsp; posiblemente no les sirvan para una pensi\u00f3n el d\u00eda de ma\u00f1ana, pues el desempleo juvenil aumenta, los j\u00f3venes se marchan de Espa\u00f1a buscando trabajo y las mujeres desgraciadamente siguen teniendo un techo de cristal para poder colocarse. Pero eso s\u00ed, los liberados no dejan sus cargos y prebendas.<\/p>\n\n\n\n<p>\u00a0\u00a0\u00a0\u00a0\u00a0\u00a0\u00a0\u00a0 Toda esta pantomima\u00a0 que se lleva cabo\u00a0 como las declaraciones de Pepe \u00c1lvarez que no le conozco trabajo alguno, es s\u00f3lo\u00a0 para la foto y para el protagonismo de algunos, ya que tanto hablar de las 35 horas para empleados p\u00fablicos o una jornada completa de 30 horas sin reducciones de sueldos es todo un brindis al sol, porque\u00a0 los Ministros que lo acompa\u00f1an son los que deber\u00edan dar ejemplo, rebajarse sus sueldos, quitarse asesores y\u00a0 vivir en pisos pagados por ellos, pero si quienes gobernasen fuesen partidos de centro-derecha seguro\u00a0 que el panorama hubiese sido distinto. Todos estos liberados\u00a0 y sus amigos que los acompa\u00f1an seguro que hubiesen quemados contendores, cortes de calles y gritos contra el Gobierno con cargas policiales, pero claro, a los que tienen que gritarles, pedirles mejores condiciones y que les sigan pagando\u00a0 esos millones\u00a0 que se destinan a las centrales sindicales iban con ellos, chillaban\u00a0 junto a ellos y\u00a0 agitaban\u00a0 contra otros. As\u00ed l\u00f3gicamente es muy f\u00e1cil manifestarse el 1 de mayo y estar protegidos por quienes tienen\u00a0 obligaciones\u00a0 de apoyar y no agitar a estas 82 manifestaciones que se han celebrado en Espa\u00f1a.<strong>\u00a0\u00a0\u00a0\u00a0\u00a0\u00a0\u00a0\u00a0 <\/strong><\/p>\n\n\n\n<p>          Desde luego ver a tantos Ministros (la mitad de un Gobierno) gritando\u00a0 como si estuviesen liberados y fuesen ellos los perjudicados, me recordaba\u00a0 con mucha mejor clase y estilo al extinguido Sindicato Vertical, porque ver que tras el periodo de reflexi\u00f3n de Pedro S\u00e1nchez el Gobierno ha querido escenificar\u00a0 la unidad\u00a0\u00a0 llevando a 3 vicepresidentas\u00a0 y 8 Ministros ha sido un aut\u00e9ntico espect\u00e1culo circense y\u00a0 ha restado la verdadera credibilidad que tiene el D\u00eda Internacional del Trabajo y todo en amor y compa\u00f1\u00eda para meterse con la prensa, hablar de la regeneraci\u00f3n pol\u00edtica y una cadena de palabras huecas para mantenerse de la olla gorda y vivir de la sopa boba.<\/p>\n","protected":false},"excerpt":{"rendered":"<p>&nbsp;&nbsp;&nbsp;&nbsp;&nbsp;&nbsp; &nbsp;&nbsp;El pasado 1 de mayo, con motivo del D\u00eda Internacional del Trabajo, hemos visto&nbsp; muchas ciudades&nbsp; con leg\u00edtimas manifestaciones de los distintos sindicatos espa\u00f1oles, donde curiosamente&nbsp; reivindicaban lo mismo que los Ministros del Gobierno. No conozco una manifestaci\u00f3n en el D\u00eda del Trabajo donde once Ministros del actual Gobierno, en la segunda fila de [&hellip;]<\/p>\n","protected":false},"author":1,"featured_media":0,"comment_status":"open","ping_status":"open","sticky":false,"template":"","format":"standard","meta":{"footnotes":""},"categories":[1],"tags":[],"class_list":["post-4573","post","type-post","status-publish","format-standard","hentry","category-sin-categoria"],"_links":{"self":[{"href":"https:\/\/elblogdejoseblasfernandez.com\/index.php?rest_route=\/wp\/v2\/posts\/4573","targetHints":{"allow":["GET"]}}],"collection":[{"href":"https:\/\/elblogdejoseblasfernandez.com\/index.php?rest_route=\/wp\/v2\/posts"}],"about":[{"href":"https:\/\/elblogdejoseblasfernandez.com\/index.php?rest_route=\/wp\/v2\/types\/post"}],"author":[{"embeddable":true,"href":"https:\/\/elblogdejoseblasfernandez.com\/index.php?rest_route=\/wp\/v2\/users\/1"}],"replies":[{"embeddable":true,"href":"https:\/\/elblogdejoseblasfernandez.com\/index.php?rest_route=%2Fwp%2Fv2%2Fcomments&post=4573"}],"version-history":[{"count":1,"href":"https:\/\/elblogdejoseblasfernandez.com\/index.php?rest_route=\/wp\/v2\/posts\/4573\/revisions"}],"predecessor-version":[{"id":4574,"href":"https:\/\/elblogdejoseblasfernandez.com\/index.php?rest_route=\/wp\/v2\/posts\/4573\/revisions\/4574"}],"wp:attachment":[{"href":"https:\/\/elblogdejoseblasfernandez.com\/index.php?rest_route=%2Fwp%2Fv2%2Fmedia&parent=4573"}],"wp:term":[{"taxonomy":"category","embeddable":true,"href":"https:\/\/elblogdejoseblasfernandez.com\/index.php?rest_route=%2Fwp%2Fv2%2Fcategories&post=4573"},{"taxonomy":"post_tag","embeddable":true,"href":"https:\/\/elblogdejoseblasfernandez.com\/index.php?rest_route=%2Fwp%2Fv2%2Ftags&post=4573"}],"curies":[{"name":"wp","href":"https:\/\/api.w.org\/{rel}","templated":true}]}}