{"id":4575,"date":"2024-05-12T13:59:23","date_gmt":"2024-05-12T11:59:23","guid":{"rendered":"http:\/\/elblogdejoseblasfernandez.com\/?p=4575"},"modified":"2024-05-12T13:59:23","modified_gmt":"2024-05-12T11:59:23","slug":"el-dialogo-social-ya-no-existe-2","status":"publish","type":"post","link":"https:\/\/elblogdejoseblasfernandez.com\/?p=4575","title":{"rendered":"EL DI\u00c1LOGO SOCIAL YA NO EXISTE"},"content":{"rendered":"\n<p>&nbsp;&nbsp;&nbsp;&nbsp;&nbsp;&nbsp; &nbsp;&nbsp;El Ministerio de Trabajo ha querido recuperar&nbsp; una reforma de los subsidios por desempleo que no sali\u00f3 adelante el pasado mes de diciembre, pero sin embargo la Ministra de Trabajo, Yolanda D\u00edaz, ha sacado de nuevo un texto con el apoyo exclusivo de los Sindicatos y sin el voto favorable&nbsp; de la Patronal que es &nbsp;una nueva \u201cpaguita\u201d para los beneficiarios del subsidio extraordinario por desempleo. Es m\u00e1s, entre las muchas novedades de esta reforma incluye la posibilidad de compatibilizar un empleo a jornada parcial o completa con el cobro, tanto del subsidio como de la prestaci\u00f3n por desempleo, eliminado al parecer subsidios parciales, pero determinando que todos los trabajadores cobrar\u00e1n la ayuda&nbsp; completa, sea cual fuere su jornada de trabajo y es m\u00e1s, anuncia que va crear dos nuevas prestaciones sociales que desconocemos de qu\u00e9 y para qu\u00e9 son.<\/p>\n\n\n\n<p>&nbsp;&nbsp;&nbsp;&nbsp;&nbsp;&nbsp;&nbsp;&nbsp; El pa\u00eds est\u00e1 cada d\u00eda &nbsp;m\u00e1s endeudado, pero el que un trabajador cobre un subsidio e incluso lo pueda simultanear con una jornada de trabajo total o parcial es provocar que nadie se d\u00e9 de alta en Seguridad Social, pues este enjuague de cobro de subsidio y trabajo por cuenta ajena como ser\u00e1 al parecer, crear\u00e1&nbsp; un confusionismo en la econom\u00eda sumergida que ya inclusive hasta la propia Inspecci\u00f3n de Trabajo no va a saber a qu\u00e9 atenerse cuando alguien est\u00e9 prestando un servicio y a la vez cobre el subsidio.&nbsp; Toda esta galimat\u00edas de crear est\u00f3magos agradecidos y de \u201cvender\u201d que este nuevo panorama social nace del di\u00e1logo social es una pura falacia. En primer lugar porque un di\u00e1logo social es el contenido de discusiones y acercamientos entre la patronal y sindicatos, cosa que aqu\u00ed no ha ocurrido, pues la patronal con buen criterio dice que no posee un estudio de impacto de estas nuevas prestaciones, es decir, &nbsp;&nbsp;no conoce de d\u00f3nde saldr\u00e1 el dinero, quienes lo pagar\u00e1n y si en esa parte de jornada que se trabaje compatibilizada con el subsidio existir\u00e1n bonificaciones para las empresas, pero lo m\u00e1s importante es que el Ministerio da un brindis al sol hablando y regalando \u201cpaguitas\u201d cuando tambi\u00e9n habla de un recorte para las futuras pensiones de estas personas. Y lo m\u00e1s importante, si no tenemos presupuestos aprobados para el 2024, de d\u00f3nde va a sacar el dinero la Sra. Ministra, ya que en&nbsp; los presupuestos prorrogados del 2023 no se contemplan.<\/p>\n\n\n\n<p>&nbsp;&nbsp;&nbsp;&nbsp;&nbsp;&nbsp;&nbsp;&nbsp; Creo que estamos llegando a cotas que nunca se pensaron que ocurrieran, pues hablar de dialogo social como si fuera la moneda de cambio en el mundo del trabajo es incierto &nbsp;cuando s\u00f3lo lo han acordado hasta ahora la Ministra y los sindicatos que la cortejan, por lo que de dialogo nada de nada e imposici\u00f3n tipo Venezuela&nbsp; todo. No se puede estar enga\u00f1ando a la gente&nbsp; con promesas&nbsp; de dinero p\u00fablico como si ello&nbsp; no lo pagase nadie, por lo que el d\u00e9ficit que se nos avecina y el desastre de la Seguridad Social no sabemos qui\u00e9n lo va a arreglar y posiblemente se atisban unas elecciones generales que en fecha no muy lejana se van a producir, porque&nbsp; una legislatura sin presupuestos y sin direcci\u00f3n pol\u00edtica como est\u00e1 ocurriendo va a dejar a &nbsp;Espa\u00f1a como cuando pasaba el \u201ccaballo de Atila\u201d y de bulos, mentiras y fango ya est\u00e1n los contribuyentes cansados y mucho me temo que una vez que la m\u00e1quina de hacer dinero se pare, &nbsp;porque no tenga &nbsp;mecanismos para poder volver a arrancarla, no s\u00f3lo Espa\u00f1a estar\u00e1 despoblada, sino que&nbsp; la crisis del 2008 se quedar\u00e1 corta en los futuros meses que se nos avecinan.<\/p>\n\n\n\n<p>&nbsp;&nbsp;&nbsp;&nbsp;&nbsp;&nbsp;&nbsp;&nbsp; Para terminar, los espa\u00f1oles estamos cargados de impuestos y cansados de que todas las administraciones nos metan la mano en el bolsillo. No tiene parang\u00f3n el que tanto hablar de subsidios,&nbsp; de paguitas&nbsp; y de subidas de salarios a costa de los dem\u00e1s oculten descaradamente el alto desempleo juvenil y&nbsp; femenino y&nbsp; en definitiva seguimos a la cola de Europa&nbsp; y&nbsp; con unas Cortes Generales con total falta de credibilidad, pues&nbsp; en lugar de proponer leyes&nbsp; con futuro, se est\u00e1 dedicando este Gobierno a que una vez orillado el parlamentarismo seg\u00fan la Constituci\u00f3n, juguemos solo a una imposici\u00f3n gubernamental.<\/p>\n","protected":false},"excerpt":{"rendered":"<p>&nbsp;&nbsp;&nbsp;&nbsp;&nbsp;&nbsp; &nbsp;&nbsp;El Ministerio de Trabajo ha querido recuperar&nbsp; una reforma de los subsidios por desempleo que no sali\u00f3 adelante el pasado mes de diciembre, pero sin embargo la Ministra de Trabajo, Yolanda D\u00edaz, ha sacado de nuevo un texto con el apoyo exclusivo de los Sindicatos y sin el voto favorable&nbsp; de la Patronal que [&hellip;]<\/p>\n","protected":false},"author":1,"featured_media":0,"comment_status":"open","ping_status":"open","sticky":false,"template":"","format":"standard","meta":{"footnotes":""},"categories":[1],"tags":[],"class_list":["post-4575","post","type-post","status-publish","format-standard","hentry","category-sin-categoria"],"_links":{"self":[{"href":"https:\/\/elblogdejoseblasfernandez.com\/index.php?rest_route=\/wp\/v2\/posts\/4575","targetHints":{"allow":["GET"]}}],"collection":[{"href":"https:\/\/elblogdejoseblasfernandez.com\/index.php?rest_route=\/wp\/v2\/posts"}],"about":[{"href":"https:\/\/elblogdejoseblasfernandez.com\/index.php?rest_route=\/wp\/v2\/types\/post"}],"author":[{"embeddable":true,"href":"https:\/\/elblogdejoseblasfernandez.com\/index.php?rest_route=\/wp\/v2\/users\/1"}],"replies":[{"embeddable":true,"href":"https:\/\/elblogdejoseblasfernandez.com\/index.php?rest_route=%2Fwp%2Fv2%2Fcomments&post=4575"}],"version-history":[{"count":1,"href":"https:\/\/elblogdejoseblasfernandez.com\/index.php?rest_route=\/wp\/v2\/posts\/4575\/revisions"}],"predecessor-version":[{"id":4576,"href":"https:\/\/elblogdejoseblasfernandez.com\/index.php?rest_route=\/wp\/v2\/posts\/4575\/revisions\/4576"}],"wp:attachment":[{"href":"https:\/\/elblogdejoseblasfernandez.com\/index.php?rest_route=%2Fwp%2Fv2%2Fmedia&parent=4575"}],"wp:term":[{"taxonomy":"category","embeddable":true,"href":"https:\/\/elblogdejoseblasfernandez.com\/index.php?rest_route=%2Fwp%2Fv2%2Fcategories&post=4575"},{"taxonomy":"post_tag","embeddable":true,"href":"https:\/\/elblogdejoseblasfernandez.com\/index.php?rest_route=%2Fwp%2Fv2%2Ftags&post=4575"}],"curies":[{"name":"wp","href":"https:\/\/api.w.org\/{rel}","templated":true}]}}