{"id":4580,"date":"2024-06-02T17:51:42","date_gmt":"2024-06-02T15:51:42","guid":{"rendered":"http:\/\/elblogdejoseblasfernandez.com\/?p=4580"},"modified":"2024-06-02T17:51:42","modified_gmt":"2024-06-02T15:51:42","slug":"los-jovenes-emigran-de-espana","status":"publish","type":"post","link":"https:\/\/elblogdejoseblasfernandez.com\/?p=4580","title":{"rendered":"LOS J\u00d3VENES EMIGRAN DE ESPA\u00d1A"},"content":{"rendered":"\n<p>&nbsp;&nbsp;&nbsp;&nbsp;&nbsp;&nbsp; &nbsp;&nbsp;En estos&nbsp; momentos, el pa\u00eds de Europa que m\u00e1s desempleo acumula es Espa\u00f1a, sin duda alguna, creciendo notablemente&nbsp; el conjunto de j\u00f3venes y mujeres que son los que m\u00e1s perjudicados se encuentran. La salida de las carreras universitarias sigue siendo la meta en las personas j\u00f3venes, pero al terminar \u00e9stas se desv\u00edan masivamente para hacer oposiciones &nbsp;&nbsp;y de no&nbsp; sacarlas y ejercer actividades que nada tienen que ver con sus estudios, dentro de las administraciones o empresas p\u00fablicas, se comprueba que en el 2023 han abandonado nuestro pa\u00eds m\u00e1s de medio mill\u00f3n de j\u00f3venes espa\u00f1oles. Es decir, la p\u00e9rdida de tantos j\u00f3venes supone que dejan en evidencia al sistema y los que pueden ser el futuro de Espa\u00f1a como talentos huyen en busca de una buena pasta, &nbsp;porque el mercado laboral en Espa\u00f1a no puede absorber a tant\u00edsimas personas.<\/p>\n\n\n\n<p>&nbsp;&nbsp;&nbsp;&nbsp;&nbsp;&nbsp;&nbsp;&nbsp; A todo esto, tenemos que agregar que &nbsp;tambi\u00e9n en Espa\u00f1a se cerr\u00f3 la tasa del paro juvenil en un 28,36%, lo que significa que otros&nbsp; cerca de 500.000 j\u00f3venes, entre 16 y 24 a\u00f1os,&nbsp; est\u00e1n en disposici\u00f3n de trabajar, pero no consiguen empleo alguno, lo que pone de manifiesto no s\u00f3lo la huida de este sector de la poblaci\u00f3n, sino que nos estamos quedando sin j\u00f3venes dotados de valores intelectuales importantes y lo que es peor,&nbsp; estamos pagando la formaci\u00f3n de miles de personas j\u00f3venes y luego se est\u00e1n beneficiando de su buen hacer otros pa\u00edses&nbsp; que incluso hacen posible la prosperidad de sus empresas gracias a la emigraci\u00f3n espa\u00f1ola.<\/p>\n\n\n\n<p>&nbsp;&nbsp;&nbsp;&nbsp;&nbsp;&nbsp;&nbsp;&nbsp; Hablar del n\u00famero de &nbsp;parados en Espa\u00f1a es algo que ni se conoce. El Gobierno lo situ\u00f3 en m\u00e1s de 2.727.003 desempleados, pero, &nbsp;sin embargo, &nbsp;no est\u00e1n contando con los fijos discontinuos que ni saben&nbsp; cu\u00e1ntos hay&nbsp; y que en definitiva cobran el desempleo como los restantes, estimando que el desempleo en Espa\u00f1a en estos momentos est\u00e1 en cerca de cuatro millones de parados. Por eso, ahora, quien dar tantas \u201cpaguitas\u201d y simultanear desempleo con trabajo.<\/p>\n\n\n\n<p>&nbsp;&nbsp;&nbsp;&nbsp;&nbsp;&nbsp;&nbsp;&nbsp; Tras esta peque\u00f1a exposici\u00f3n de la huida de los j\u00f3venes, hay que contar por desgracia con un 17,2% que no est\u00e1n en educaci\u00f3n, empleo o formaci\u00f3n, lo que supone 2,5 puntos m\u00e1s que la media de los pa\u00edses de la OCDE, pues la propia Uni\u00f3n Europea est\u00e1 denunciando que Espa\u00f1a es el pa\u00eds con m\u00e1s j\u00f3venes sin&nbsp; bachillerato ni FP, lo que traducido viene a calificarse como un abandono escolar &nbsp;que est\u00e1 perturbando el futuro del pa\u00eds y curiosamente&nbsp; las Comunidades con datos inferiores a la media &nbsp;son Navarra, Pa\u00eds Vasco, La Rioja, Galicia y Cantabria, por lo que tambi\u00e9n&nbsp; observamos que dichas comunidades con competencia de educaci\u00f3n no est\u00e1n haciendo su tarea entre las personas de 18 a 24 a\u00f1os y no digamos del aumento de ese abandono escolar donde se lleva la palma la Ciudad Aut\u00f3noma de Ceuta, Islas Baleares, Murcia, Madrid y Catalu\u00f1a.<\/p>\n\n\n\n<p>&nbsp;&nbsp;&nbsp;&nbsp;&nbsp;&nbsp;&nbsp;&nbsp; Expuesto lo anterior, tenemos que centrarnos en buscar puestos de trabajo con sentido de la responsabilidad y conocimiento para que no emigren los j\u00f3venes, por tanto, las administraciones si quieren conservar el tesoro de la juventud y tener&nbsp; un futuro prometedor de empleo, deben volcarse en la formaci\u00f3n y sobre todo en la vocaci\u00f3n de las carreras universitarias que \u00e9stos elijan, pues una gran mayor\u00eda tienen como \u00fanico fin obtener el t\u00edtulo universitario y sin conocimiento de la profesi\u00f3n en la que pueden ensamblarse, s\u00f3lo lo obtienen para &nbsp;colgarlo en la pared y servirles como entrada en cualquier otra actividad que ni conocen ni la sienten, por lo que el fracaso posterior se palpa a\u00fan mayor, ya que los estudios que hicieron han pasado por ellos como una locomotora a gran velocidad y s\u00f3lo les ha quedado el recuerdo de los a\u00f1os vividos en la Facultad, pero pocos salen contestos&nbsp; de la formaci\u00f3n que han adquirido y de la informaci\u00f3n que han obtenido para el ejercicio de los estudios llevados a cabo y si&nbsp; pretenden ejercer libremente&nbsp; la profesi\u00f3n que han estudiado, a\u00fan lo tienen peor porque ni la hicieron con vocaci\u00f3n ni en los estudios los formaron con la debida praxis profesional y eso est\u00e1 dejando un mercado variopinto, donde inician actividades profesionales muchos j\u00f3venes y a los dos a\u00f1os las abandonan, porque la competencia es sumamente alta.<\/p>\n\n\n\n<p>&nbsp;&nbsp;&nbsp;&nbsp;&nbsp;&nbsp;&nbsp;&nbsp; Para terminar, la Formaci\u00f3n Profesional sigue siendo algo peyorativo, cuando se est\u00e1 comprobando que son los que mejores se encajan en el mercado de trabajo y encima los m\u00e1s necesitados, pero si ese panorama no se adoba&nbsp; con un esfuerzo de la sociedad para que este tipo de formaci\u00f3n&nbsp; tenga aliciente, llegar\u00e1 el momento como ya est\u00e1 ocurriendo que las grandes empresas que se instalan en Espa\u00f1a se dotan de trabajadores extranjeros porque aqu\u00ed no existe esa mano de obra cualificada y si a&nbsp; ello se le &nbsp;une la falta de cotizantes para la Seguridad Social,&nbsp; las pensiones de futuro correr\u00e1n un grave peligro, por lo que tenemos que abrir la mano para la inmigraci\u00f3n, ya que &nbsp;de lo contrario&nbsp; no existir\u00e1 mano de obra sin cualificar de entre nuestros propios trabajadores, lo que &nbsp;viene a traducirse en que la dotaci\u00f3n de contingentes de la inmigraci\u00f3n hay que abrirla s\u00ed o s\u00ed para que el mercado laboral siga vivo, aunque veamos con tristeza que a &nbsp;nuestros&nbsp;&nbsp; talentos&nbsp;&nbsp; tengamos que recordarlos a trav\u00e9s de programas de televisiones&nbsp; con el seud\u00f3nimo de \u201cEspa\u00f1oles por el Mundo\u201d.<\/p>\n","protected":false},"excerpt":{"rendered":"<p>&nbsp;&nbsp;&nbsp;&nbsp;&nbsp;&nbsp; &nbsp;&nbsp;En estos&nbsp; momentos, el pa\u00eds de Europa que m\u00e1s desempleo acumula es Espa\u00f1a, sin duda alguna, creciendo notablemente&nbsp; el conjunto de j\u00f3venes y mujeres que son los que m\u00e1s perjudicados se encuentran. La salida de las carreras universitarias sigue siendo la meta en las personas j\u00f3venes, pero al terminar \u00e9stas se desv\u00edan masivamente para [&hellip;]<\/p>\n","protected":false},"author":1,"featured_media":0,"comment_status":"open","ping_status":"open","sticky":false,"template":"","format":"standard","meta":{"footnotes":""},"categories":[1],"tags":[],"class_list":["post-4580","post","type-post","status-publish","format-standard","hentry","category-sin-categoria"],"_links":{"self":[{"href":"https:\/\/elblogdejoseblasfernandez.com\/index.php?rest_route=\/wp\/v2\/posts\/4580","targetHints":{"allow":["GET"]}}],"collection":[{"href":"https:\/\/elblogdejoseblasfernandez.com\/index.php?rest_route=\/wp\/v2\/posts"}],"about":[{"href":"https:\/\/elblogdejoseblasfernandez.com\/index.php?rest_route=\/wp\/v2\/types\/post"}],"author":[{"embeddable":true,"href":"https:\/\/elblogdejoseblasfernandez.com\/index.php?rest_route=\/wp\/v2\/users\/1"}],"replies":[{"embeddable":true,"href":"https:\/\/elblogdejoseblasfernandez.com\/index.php?rest_route=%2Fwp%2Fv2%2Fcomments&post=4580"}],"version-history":[{"count":1,"href":"https:\/\/elblogdejoseblasfernandez.com\/index.php?rest_route=\/wp\/v2\/posts\/4580\/revisions"}],"predecessor-version":[{"id":4581,"href":"https:\/\/elblogdejoseblasfernandez.com\/index.php?rest_route=\/wp\/v2\/posts\/4580\/revisions\/4581"}],"wp:attachment":[{"href":"https:\/\/elblogdejoseblasfernandez.com\/index.php?rest_route=%2Fwp%2Fv2%2Fmedia&parent=4580"}],"wp:term":[{"taxonomy":"category","embeddable":true,"href":"https:\/\/elblogdejoseblasfernandez.com\/index.php?rest_route=%2Fwp%2Fv2%2Fcategories&post=4580"},{"taxonomy":"post_tag","embeddable":true,"href":"https:\/\/elblogdejoseblasfernandez.com\/index.php?rest_route=%2Fwp%2Fv2%2Ftags&post=4580"}],"curies":[{"name":"wp","href":"https:\/\/api.w.org\/{rel}","templated":true}]}}