{"id":46,"date":"2009-02-20T22:29:07","date_gmt":"2009-02-20T21:29:07","guid":{"rendered":""},"modified":"2012-11-21T04:40:20","modified_gmt":"2012-11-21T03:40:20","slug":"eramos-pocos-y-pario-la-abuela","status":"publish","type":"post","link":"https:\/\/elblogdejoseblasfernandez.com\/?p=46","title":{"rendered":"\u00c9ramos pocos y pari\u00f3 la abuela"},"content":{"rendered":"<p style=\"text-align: justify;\">Con este t\u00edtulo pod\u00edamos perfectamente hacer valer que estamos no s\u00f3lo ante una gran patra\u00f1a en cuanto a las cifras del paro, sino que independientemente de la lacra social que eso lleva, nos quieren enga\u00f1ar ocultando de esa tasa oficial de m\u00e1s de 3.327.801 parados, cerca de m\u00e1s de 500.000 demandantes de empleo que no refleja la misma. El pa\u00eds llamado Espa\u00f1a en el que estamos todos inmersos no damos cr\u00e9dito a cuanto leemos en los sorpresivos rotativos que la prensa nos env\u00eda. Hoy hemos visto c\u00f3mo pese al n\u00famero de parados que tenemos de manera oficial y que lo mide la EPA, indicador admitido por la Uni\u00f3n Europea y el cual nos sirve para compararnos con el resto de Estados miembros, nos han enga\u00f1ado con m\u00e1s de 500.000 demandantes de empleo que no est\u00e1n registrados en ning\u00fan sitio. Es decir, que hay un desfase de 512.258 personas que no sab\u00edamos. O se pone de acuerdo la EPA o lo hace el INEM, pero enga\u00f1os, no, pues \u201cm\u00e1s pronto se coge a un embustero que a un cojo\u201d y ahora cuando sabemos los datos reales que marca la EPA para Europa y aparecen todos, vemos que nos han mentido con esos m\u00e1s de 500.000 parados.<\/p>\n<p style=\"text-align: justify;\">Espero que al Ministro de Trabajo, D. Celestino Corbacho, no le ocurra como al Juez Garz\u00f3n: que se vea afectado de otro ataque de ansiedad y tengamos que ingresarlo en un centro hospitalario, pues mentir tambi\u00e9n trae ansiedad y convulsiones.<\/p>\n<p style=\"text-align: justify;\">Ahora habr\u00e1 que preguntarle si los trabajadores desempleados que est\u00e1n recibiendo cursos de formaci\u00f3n tambi\u00e9n est\u00e1n aqu\u00ed incluidos, porque entonces los 4 millones de parados nos lo hemos ganado en el primer trimestre del 2009. Por favor, seamos serios y no juguemos con las estad\u00edsticas, pues como dice el refr\u00e1n y el titular de esta nota, \u201c\u00e9ramos pocos y pari\u00f3 la abuela\u201d<\/p>\n","protected":false},"excerpt":{"rendered":"<p>Con este t\u00edtulo pod\u00edamos perfectamente hacer valer que estamos no s\u00f3lo ante una gran patra\u00f1a en cuanto a las cifras del paro, sino que independientemente de la lacra social que eso lleva, nos quieren enga\u00f1ar ocultando de esa tasa oficial de m\u00e1s de 3.327.801 parados, cerca de m\u00e1s de 500.000 demandantes de empleo que no [&hellip;]<\/p>\n","protected":false},"author":1,"featured_media":0,"comment_status":"open","ping_status":"open","sticky":false,"template":"","format":"standard","meta":{"footnotes":""},"categories":[6],"tags":[],"class_list":["post-46","post","type-post","status-publish","format-standard","hentry","category-actualidad"],"_links":{"self":[{"href":"https:\/\/elblogdejoseblasfernandez.com\/index.php?rest_route=\/wp\/v2\/posts\/46","targetHints":{"allow":["GET"]}}],"collection":[{"href":"https:\/\/elblogdejoseblasfernandez.com\/index.php?rest_route=\/wp\/v2\/posts"}],"about":[{"href":"https:\/\/elblogdejoseblasfernandez.com\/index.php?rest_route=\/wp\/v2\/types\/post"}],"author":[{"embeddable":true,"href":"https:\/\/elblogdejoseblasfernandez.com\/index.php?rest_route=\/wp\/v2\/users\/1"}],"replies":[{"embeddable":true,"href":"https:\/\/elblogdejoseblasfernandez.com\/index.php?rest_route=%2Fwp%2Fv2%2Fcomments&post=46"}],"version-history":[{"count":4,"href":"https:\/\/elblogdejoseblasfernandez.com\/index.php?rest_route=\/wp\/v2\/posts\/46\/revisions"}],"predecessor-version":[{"id":564,"href":"https:\/\/elblogdejoseblasfernandez.com\/index.php?rest_route=\/wp\/v2\/posts\/46\/revisions\/564"}],"wp:attachment":[{"href":"https:\/\/elblogdejoseblasfernandez.com\/index.php?rest_route=%2Fwp%2Fv2%2Fmedia&parent=46"}],"wp:term":[{"taxonomy":"category","embeddable":true,"href":"https:\/\/elblogdejoseblasfernandez.com\/index.php?rest_route=%2Fwp%2Fv2%2Fcategories&post=46"},{"taxonomy":"post_tag","embeddable":true,"href":"https:\/\/elblogdejoseblasfernandez.com\/index.php?rest_route=%2Fwp%2Fv2%2Ftags&post=46"}],"curies":[{"name":"wp","href":"https:\/\/api.w.org\/{rel}","templated":true}]}}