{"id":4664,"date":"2025-01-22T19:56:24","date_gmt":"2025-01-22T18:56:24","guid":{"rendered":"http:\/\/elblogdejoseblasfernandez.com\/?p=4664"},"modified":"2025-01-22T19:56:24","modified_gmt":"2025-01-22T18:56:24","slug":"el-cgpj-puede-descarrilar-de-nuevo-2","status":"publish","type":"post","link":"https:\/\/elblogdejoseblasfernandez.com\/?p=4664","title":{"rendered":"EL CGPJ PUEDE DESCARRILAR DE NUEVO"},"content":{"rendered":"\n<p>&nbsp;&nbsp;&nbsp;&nbsp;&nbsp;&nbsp; &nbsp;&nbsp;Tras la renovaci\u00f3n&nbsp; del CGPJ y reformar la ley del mismo, gracias al pacto de renovaci\u00f3n que con el aval de Bruselas llev\u00f3 a cabo el Gobierno en manos de su Ministro F\u00e9lix Bola\u00f1os y del ViceSecretario del PP Esteban Gonz\u00e1lez Pons, &nbsp;se firm\u00f3 algo que ya ol\u00eda por no decir que apestaba a viejo, una renovaci\u00f3n del CGPJ para un mandato de cinco a\u00f1os. Tras este acuerdo, &nbsp;donde se eligieron&nbsp; a diez vocales progresistas y diez conservadores, expresiones totalmente adulteradas&nbsp; porque ni son progresistas ni son conservadores, &nbsp;sino representantes de la judicatura, se llev\u00f3 a cabo la elecci\u00f3n de la Presidenta de dicho Consejo, D\u00f1a. Isabel Perell\u00f3 Dom\u00e9nech (Real Decreto 888\/2024, de 3 de Septiembre), que es en definitiva la que tendr\u00e1 que dirimir muchas cuestiones ante tantas situaciones y votaciones de empate que van&nbsp; a florecer en estos pr\u00f3ximos a\u00f1os, pero ante ese giro o acuerdo&nbsp; donde se esperaba y se espera&nbsp; un futuro de consenso, nos encontramos con la pura realidad&nbsp; donde la divisi\u00f3n permanece y al d\u00eda de hoy no existen acuerdos con el suficiente quorum para cumplir&nbsp; dos compromisos que en mi parecer son los m\u00e1s importantes, pues no se pueden abordar los nombramientos&nbsp; ni se cumple o cumplir\u00e1 el plazo que termina el 6 de Febrero para entregar una propuesta a las Cortes Generales para llevar a cabo &nbsp;el sistema de elecci\u00f3n de los vocales, una cuesti\u00f3n &nbsp;que de nuevo enfrenta de forma torticera &nbsp;y&nbsp; falto de rigor a estos dos sectores llamados conservadores y progresistas, porque cada uno quiere colocar a quien considera m\u00e1s proclive a las ideas de los partidos pol\u00edticos que les &nbsp;nombraron a ellos , tanto en el Congreso como en el Senado.<\/p>\n\n\n\n<p>&nbsp;&nbsp;&nbsp;&nbsp;&nbsp;&nbsp;&nbsp; Este nuevo sistema de elecci\u00f3n de los vocales del CGPJ no es m\u00e1s que&nbsp; cumplir con la disposici\u00f3n adicional incluida en la Ley aprobada como consecuencia del Pacto de renovaci\u00f3n, la cual establece&nbsp; que en el plazo de seis meses, &nbsp;el CGPJ presentar\u00e1&nbsp; una propuesta que tras ser evaluada positivamente por el informe de la Uni\u00f3n Europea se elegir\u00e1 cuanto describo. En definitiva, estamos sin acuerdo, dando otro mal ejemplo para la democracia, pues&nbsp; el sector progresista &nbsp;entiende &nbsp;que no debe renunciarse a que los nuevos cargos se lleven a cabo por&nbsp; elecci\u00f3n del Congreso y del Senado y&nbsp; los conservadores pretenden hacer alguna cesi\u00f3n para que puedan ser ocho y no doce los vocales del CGPJ elegidos directamente por los jueces, algo que tampoco se lleva a cabo y &nbsp;donde la Presidenta, Isabel Perell\u00f3, &nbsp;queda &nbsp;en el limbo, pues no sabe a qu\u00e9 atenerse, ya que le faltan votos&nbsp; para cumplir con&nbsp; el final&nbsp; del sistema de elecci\u00f3n.<\/p>\n\n\n\n<p>&nbsp;&nbsp;&nbsp;&nbsp;&nbsp;&nbsp;&nbsp;&nbsp; En resumen, estamos ante una distancia muy corta de d\u00edas para el pr\u00f3ximo 6 de Febrero, lo que&nbsp; las propuestas o conversaciones llevadas a cabo no terminan en nada, aun cuando algunos pretenden&nbsp; y conf\u00edan que en los \u00faltimos d\u00edas se trabaje alocadamente para llegar a un acuerdo&nbsp; que ni sea la propuesta del PSOE ni la propuesta del PP, ya que de nuevo ante la ambici\u00f3n de las presidencias de algunas salas del Tribunal Supremo, presentadas en Diciembre, no existe un sistema que garantice la intervenci\u00f3n de las Cortes Generales. Creo que la situaci\u00f3n de la Justicia&nbsp; siempre estar\u00e1 manipulada por pol\u00edticos, pues estamos de nuevo, por culpa de ellos, ante muchos nombramientos que se encuentran bloqueados, pues el CGPJ se est\u00e1 enfrentando al duro trabajo &nbsp;de designar m\u00e1s de cien plazas pendientes en \u00f3rganos como son el Tribunal Supremo, los Tribunales Superiores de Justicia, la Audiencia Nacional o las Audiencias Provinciales, independientemente de cubrir las presidencias de sala en el Tribunal Supremo.<\/p>\n\n\n\n<p>&nbsp;&nbsp;&nbsp;&nbsp;&nbsp;&nbsp;&nbsp;&nbsp; Todos sabemos que el actual CGPJ tiene mayor\u00eda progresista, pero est\u00e1 obligado al consenso para poder &nbsp;alcanzar&nbsp; los trece votos necesarios para un nombramiento y, por el momento y al d\u00eda de hoy, no existe acuerdo alguno sobre ninguno de los candidatos propuestos. Tenemos una variedad de nombres para la Sala de lo Contencioso, Penal, etc.,&nbsp; y el pr\u00f3ximo d\u00eda 29 de Enero habr\u00e1 un Pleno para aglutinar&nbsp; hasta cincuenta nombramientos, pero tal y como est\u00e1n las cosas no se har\u00e1n realidad ante la falta de acuerdo y todo est\u00e1 circunscrito al inter\u00e9s del sector progresista para colocar en las salas claves de lo Contencioso y de lo Penal a personas que pueden ser del sector m\u00e1s cercano&nbsp; al PSOE, pero que los trece votos necesarios para ello nos har\u00e1n de nuevo tener&nbsp; la desilusi\u00f3n de que magistrados que son independientes y ante la persecuci\u00f3n pol\u00edtica a \u00e9stos por el ejecutivo, &nbsp;&nbsp;o&nbsp; no se renueva lo previsto, &nbsp;o por desgracia el CGPJ se descarrilar\u00e1 nuevamente.<\/p>\n\n\n\n<p>&nbsp;&nbsp;&nbsp;&nbsp;&nbsp;&nbsp;&nbsp;&nbsp; Los que vivimos en el mundo del Derecho estamos apesadumbrados&nbsp; porque pese a tener una Presidenta con la cabeza bien amueblada, existen dos sectores igualados en votos que&nbsp; guiados e inducidos por quienes los han puesto marean la perdiz y ni la independencia&nbsp; existe, ni la gesti\u00f3n que la Justicia necesita tendr\u00e1 un final feliz.<\/p>\n","protected":false},"excerpt":{"rendered":"<p>&nbsp;&nbsp;&nbsp;&nbsp;&nbsp;&nbsp; &nbsp;&nbsp;Tras la renovaci\u00f3n&nbsp; del CGPJ y reformar la ley del mismo, gracias al pacto de renovaci\u00f3n que con el aval de Bruselas llev\u00f3 a cabo el Gobierno en manos de su Ministro F\u00e9lix Bola\u00f1os y del ViceSecretario del PP Esteban Gonz\u00e1lez Pons, &nbsp;se firm\u00f3 algo que ya ol\u00eda por no decir que apestaba a [&hellip;]<\/p>\n","protected":false},"author":1,"featured_media":0,"comment_status":"open","ping_status":"open","sticky":false,"template":"","format":"standard","meta":{"footnotes":""},"categories":[1],"tags":[],"class_list":["post-4664","post","type-post","status-publish","format-standard","hentry","category-sin-categoria"],"_links":{"self":[{"href":"https:\/\/elblogdejoseblasfernandez.com\/index.php?rest_route=\/wp\/v2\/posts\/4664","targetHints":{"allow":["GET"]}}],"collection":[{"href":"https:\/\/elblogdejoseblasfernandez.com\/index.php?rest_route=\/wp\/v2\/posts"}],"about":[{"href":"https:\/\/elblogdejoseblasfernandez.com\/index.php?rest_route=\/wp\/v2\/types\/post"}],"author":[{"embeddable":true,"href":"https:\/\/elblogdejoseblasfernandez.com\/index.php?rest_route=\/wp\/v2\/users\/1"}],"replies":[{"embeddable":true,"href":"https:\/\/elblogdejoseblasfernandez.com\/index.php?rest_route=%2Fwp%2Fv2%2Fcomments&post=4664"}],"version-history":[{"count":1,"href":"https:\/\/elblogdejoseblasfernandez.com\/index.php?rest_route=\/wp\/v2\/posts\/4664\/revisions"}],"predecessor-version":[{"id":4665,"href":"https:\/\/elblogdejoseblasfernandez.com\/index.php?rest_route=\/wp\/v2\/posts\/4664\/revisions\/4665"}],"wp:attachment":[{"href":"https:\/\/elblogdejoseblasfernandez.com\/index.php?rest_route=%2Fwp%2Fv2%2Fmedia&parent=4664"}],"wp:term":[{"taxonomy":"category","embeddable":true,"href":"https:\/\/elblogdejoseblasfernandez.com\/index.php?rest_route=%2Fwp%2Fv2%2Fcategories&post=4664"},{"taxonomy":"post_tag","embeddable":true,"href":"https:\/\/elblogdejoseblasfernandez.com\/index.php?rest_route=%2Fwp%2Fv2%2Ftags&post=4664"}],"curies":[{"name":"wp","href":"https:\/\/api.w.org\/{rel}","templated":true}]}}