{"id":4671,"date":"2025-02-10T09:43:15","date_gmt":"2025-02-10T08:43:15","guid":{"rendered":"http:\/\/elblogdejoseblasfernandez.com\/?p=4671"},"modified":"2025-02-10T09:43:15","modified_gmt":"2025-02-10T08:43:15","slug":"la-democracia-espanola-se-encuentra-investigada","status":"publish","type":"post","link":"https:\/\/elblogdejoseblasfernandez.com\/?p=4671","title":{"rendered":"LA DEMOCRACIA ESPA\u00d1OLA SE ENCUENTRA INVESTIGADA"},"content":{"rendered":"\n<p>&nbsp;&nbsp;&nbsp;&nbsp;&nbsp;&nbsp; &nbsp;&nbsp;Quienes vivimos la transici\u00f3n&nbsp; democr\u00e1tica espa\u00f1ola &nbsp;&nbsp;tra\u00edamos posiblemente secuelas&nbsp; muy limitadas y temor de lo que supon\u00eda en 1975 salir de una dictadura con lo malo y bueno que tuvo y entrar en una democracia llena de aspiraciones&nbsp; contundentes para cambiar nuestro sistema de vida y el de millones de espa\u00f1oles, &nbsp;porque se atisbaba cambios sustanciales para ser m\u00e1s libres y vivir no s\u00f3lo en libertad, sino&nbsp; utilizando pensamientos diversos&nbsp; para&nbsp; introducirnos en el asentamiento poco a poco de&nbsp; una democracia y no en un pensamiento \u00fanico.<\/p>\n\n\n\n<p>&nbsp;&nbsp;&nbsp;&nbsp;&nbsp;&nbsp;&nbsp;&nbsp; En Espa\u00f1a&nbsp; nuestro sistema parlamentario que tiene el poder legislativo en las C\u00e1maras as\u00ed como la soberan\u00eda nacional que representa al pueblo espa\u00f1ol, nos hac\u00eda en aquellos a\u00f1os ser titulares del poder p\u00fablico, derivando&nbsp; con ello&nbsp; los poderes legislativos, ejecutivo y judicial, por lo que tras la muerte de Franco se inici\u00f3&nbsp;&nbsp; un nuevo proceso finalizando en 1982 con la victoria del Partido Socialista tras unas elecciones que trajeron nuevos aires para la sociedad espa\u00f1ola. No podemos olvidar que la alianza de facto que llev\u00f3 el entonces Rey Juan Carlos I, hoy Rey Em\u00e9rito y las fuerzas pol\u00edticas fueron un \u00e9xito para la transici\u00f3n democr\u00e1tica espa\u00f1ola y a su vez un ambicioso proyecto que cont\u00f3, tanto fuera como dentro de Espa\u00f1a, &nbsp;con el benepl\u00e1cito de quienes nos observaban d\u00eda a d\u00eda&nbsp; y as\u00ed&nbsp; tras las elecciones libres&nbsp; Espa\u00f1a dio un cambio radical, sustentada en la Constituci\u00f3n.<\/p>\n\n\n\n<p>Se tambale\u00f3 la democracia con el 23F, pero afortunadamente&nbsp; la forma pol\u00edtica del Estado&nbsp; Espa\u00f1ol que es la Monarqu\u00eda Parlamentaria y el Rey que es el Jefe del Estado, la situaci\u00f3n&nbsp; ha llegado hasta nuestros d\u00edas y es la que tenemos. El tiempo ha ido poniendo y quitando gobiernos hasta llegar a&nbsp; estos momentos convulsos que vivimos, &nbsp;donde se est\u00e1n cuestionando&nbsp;&nbsp; todas las instituciones de Espa\u00f1a, porque si la democracia tambi\u00e9n es una forma de vida y existe en ella la solidaridad, la igualdad y equidad, en estos momentos est\u00e1 investigada&nbsp; por tantos golpes pol\u00edticos que se discuten&nbsp; y se llevan a cabo y por ponerla en entredicho algunas fuerzas pol\u00edticas&nbsp;&nbsp; separatistas &nbsp;y en contra de Espa\u00f1a.<\/p>\n\n\n\n<p>En las Cortes Generales no se est\u00e1 legislando, se vive a golpe casi a diario de Real Decreto-ley&nbsp; y curiosamente quien decide el futuro de la norma es&nbsp; una&nbsp; minor\u00eda &nbsp;de 7 votos donde un pr\u00f3fugo&nbsp; est\u00e1 coaccionando permanentemente al ejecutivo para que se&nbsp; utilice su criterio y su avaricia&nbsp; en contra de todos los espa\u00f1oles y solamente a favor de sus intereses personales, donde quien gan\u00f3 las elecciones no pinta nada y quien las perdi\u00f3 se presta al juego&nbsp; de trileros y de pol\u00edticos mediocres que s\u00f3lo buscan su inter\u00e9s personal con tal de mantenerse en la Moncloa &nbsp;y sacar tajada de lo que ellos consideran, pero que con tal de&nbsp; no hacerse elecciones generales, Espa\u00f1a est\u00e1 sufriendo y se est\u00e1 jugando con todos los puntos de apoyo que tiene la democracia para convertirla en&nbsp; algo sin&nbsp; sentido y con una apariencia&nbsp; parecida a pa\u00edses bolivarianos. Es decir, la quieren destruir a marchas forzadas.<\/p>\n\n\n\n<p>Todo lo que ha sido y supuesto la democracia&nbsp; se ha ido desmoronando&nbsp; poco a poco, porque el poder se ejerce mediante representantes de la sociedad democr\u00e1tica moderna, pero salvo la monarqu\u00eda que es la que ha ganado peso y ha tenido el valor de contener&nbsp; a vividores de la pol\u00edtica y ha garantizado&nbsp; las libertades y derechos de las personas en Espa\u00f1a&nbsp; no cabe duda que&nbsp; hoy para todos tenemos esa gran asignatura pendiente que de seguir&nbsp; como estamos puede verse partida en mil pedazos y entonces&nbsp; corrientes de extrema, &nbsp;ya sean de izquierdas como de derechas, &nbsp;est\u00e1n llegando poco a poco desde Europa y posiblemente&nbsp; nos quebranten&nbsp; nuestras vidas&nbsp;&nbsp; para vivir sin ilusi\u00f3n&nbsp; y castigados a impuestos para votos populistas y \u201cyo m\u00e1s que t\u00fa\u201d, llenos de pol\u00edticos que viven&nbsp; de la pol\u00edtica y no de personas y pensadores que pueden aportar su experiencia a cambio de nada.<\/p>\n\n\n\n<p>Por supuesto, el pesimismo nos ha invadido, las redes sociales&nbsp; vomitan odio sin escr\u00fapulos y las verdaderas instituciones que deben tener la garant\u00eda de un Estado de Derecho est\u00e1n manipuladas y llenas de personajes&nbsp; que puestos a dedo y sin contar con nadie s\u00f3lo buscan unos cimientos&nbsp;&nbsp; construidos en arenas movedizas. Esto no marcha, aquella juventud de los a\u00f1os 80 ya jubilados muchos, miran&nbsp; c\u00f3mo se les ha ido&nbsp; sus ilusiones porque&nbsp; los nietos de su generaci\u00f3n no tienen &nbsp;porvenir ni esperanza. No hay l\u00edderes y los poquitos que hay les tienen &nbsp;tapadas las bocas para que&nbsp; esos 7 votos de separatistas sean los que impongan su ley como en el oeste, pero en el caso presente con unas votaciones en el Congreso que en funci\u00f3n de c\u00f3mo les vaya el aire apoyan, destruyen, tumban, debilitan y rompen la democracia.<\/p>\n\n\n\n<p>Espa\u00f1a est\u00e1 investigada. Es decir, hace falta una corriente de personas con capacidad para decir cu\u00e1l es el verdadero camino, porque unas instituciones reprimidas y manipuladas como existen algunas, s\u00f3lo nos dar\u00e1n un desenlace fatal, &nbsp;dif\u00edcil&nbsp; de predecir.<\/p>\n","protected":false},"excerpt":{"rendered":"<p>&nbsp;&nbsp;&nbsp;&nbsp;&nbsp;&nbsp; &nbsp;&nbsp;Quienes vivimos la transici\u00f3n&nbsp; democr\u00e1tica espa\u00f1ola &nbsp;&nbsp;tra\u00edamos posiblemente secuelas&nbsp; muy limitadas y temor de lo que supon\u00eda en 1975 salir de una dictadura con lo malo y bueno que tuvo y entrar en una democracia llena de aspiraciones&nbsp; contundentes para cambiar nuestro sistema de vida y el de millones de espa\u00f1oles, &nbsp;porque se atisbaba [&hellip;]<\/p>\n","protected":false},"author":1,"featured_media":0,"comment_status":"open","ping_status":"open","sticky":false,"template":"","format":"standard","meta":{"footnotes":""},"categories":[1],"tags":[],"class_list":["post-4671","post","type-post","status-publish","format-standard","hentry","category-sin-categoria"],"_links":{"self":[{"href":"https:\/\/elblogdejoseblasfernandez.com\/index.php?rest_route=\/wp\/v2\/posts\/4671","targetHints":{"allow":["GET"]}}],"collection":[{"href":"https:\/\/elblogdejoseblasfernandez.com\/index.php?rest_route=\/wp\/v2\/posts"}],"about":[{"href":"https:\/\/elblogdejoseblasfernandez.com\/index.php?rest_route=\/wp\/v2\/types\/post"}],"author":[{"embeddable":true,"href":"https:\/\/elblogdejoseblasfernandez.com\/index.php?rest_route=\/wp\/v2\/users\/1"}],"replies":[{"embeddable":true,"href":"https:\/\/elblogdejoseblasfernandez.com\/index.php?rest_route=%2Fwp%2Fv2%2Fcomments&post=4671"}],"version-history":[{"count":1,"href":"https:\/\/elblogdejoseblasfernandez.com\/index.php?rest_route=\/wp\/v2\/posts\/4671\/revisions"}],"predecessor-version":[{"id":4672,"href":"https:\/\/elblogdejoseblasfernandez.com\/index.php?rest_route=\/wp\/v2\/posts\/4671\/revisions\/4672"}],"wp:attachment":[{"href":"https:\/\/elblogdejoseblasfernandez.com\/index.php?rest_route=%2Fwp%2Fv2%2Fmedia&parent=4671"}],"wp:term":[{"taxonomy":"category","embeddable":true,"href":"https:\/\/elblogdejoseblasfernandez.com\/index.php?rest_route=%2Fwp%2Fv2%2Fcategories&post=4671"},{"taxonomy":"post_tag","embeddable":true,"href":"https:\/\/elblogdejoseblasfernandez.com\/index.php?rest_route=%2Fwp%2Fv2%2Ftags&post=4671"}],"curies":[{"name":"wp","href":"https:\/\/api.w.org\/{rel}","templated":true}]}}