{"id":4720,"date":"2025-02-27T19:27:32","date_gmt":"2025-02-27T18:27:32","guid":{"rendered":"http:\/\/elblogdejoseblasfernandez.com\/?p=4720"},"modified":"2025-02-27T19:27:32","modified_gmt":"2025-02-27T18:27:32","slug":"la-vieja-europa-se-tambalea-ante-trump","status":"publish","type":"post","link":"https:\/\/elblogdejoseblasfernandez.com\/?p=4720","title":{"rendered":"LA VIEJA EUROPA SE TAMBALEA ANTE TRUMP"},"content":{"rendered":"\n<p>Tras la ca\u00edda de la Uni\u00f3n Sovi\u00e9tica, todos los pa\u00edses europeos tomaron el acuerdo en su d\u00eda de reducir las inversiones&nbsp; en todas sus Fuerzas Armadas y lo hicieron disminuyendo considerablemente tanto sus arsenales, como&nbsp; la capacidad de producir material militar, llegando hasta nuestros d\u00edas, &nbsp;donde&nbsp; las capacidades militares y ante el bajo sostenimiento de \u00e9stas, se desmoron\u00f3 cuanto ten\u00edan en sus arsenales y factor&nbsp; humano.<\/p>\n\n\n\n<p>Sin embargo, el pasado 27 de febrero de 2022 el Canciller alem\u00e1n, Olaf Scholz, anunci\u00f3 que est\u00e1bamos ante un cambio importante&nbsp; y que Europa no estaba preparada para una revoluci\u00f3n que pudiese ocurrir y l\u00f3gicamente&nbsp; estaba discapacitada militarmente, pues aunque EEUU siempre nos tuvo protegidos, &nbsp;la garant\u00eda que se avecinaba ya no era la de siempre y se atisbaban &nbsp;tiempos convulsos.<\/p>\n\n\n\n<p>No cabe duda que hoy y tras muchos a\u00f1os donde los lideres europeos s\u00f3lo se preocuparon de reducir presupuestos para actuaciones militares, hoy est\u00e1n convencidos que el aliado que es EEUU se tiene pr\u00e1cticamente como adversario, pues la agresividad del Gobierno de Trump ha puesto nervioso al resto de Europa, pues ha advertido que ya EEUU no va a proteger con su dinero y sus medios lo que otros pa\u00edses europeos han ido cercenando de sus presupuestos.<\/p>\n\n\n\n<p>El pasado lunes, 17 de febrero, tras una precipitada reuni\u00f3n en Par\u00eds se&nbsp; percataron los pa\u00edses de la OTAN que EEUU pretende negociar un acuerdo de paz en Ucrania con el presidente ruso, pero si avisar ni a los ucranianos ni a los europeos, lo cual deja&nbsp; la posibilidad de que&nbsp; se tenga que aumentar los gastos militares al menos en m\u00e1s de un 3% del PIB, pues aunque&nbsp; el Reino Unido despliega junto con Francia y Alemania decenas de miles de soldados en Ucrania&nbsp; como fuerzas de la paz, nunca se llegar\u00e1 a la necesidad que se puede plantear ante las adversidades que vienen, porque&nbsp; habr\u00e1 que aumentar los soldados a m\u00e1s de 100.000 efectivos, lo que conlleva que la situaci\u00f3n puede ser desconcertante, &nbsp;&nbsp;&nbsp;independientemente de que&nbsp; en este&nbsp; desconcierto&nbsp; que puede ocurrir nos encontramos con la amenaza de Trump de imponer aranceles generalizados&nbsp; a la Uni\u00f3n Europea, lo que da\u00f1ar\u00eda a las econom\u00edas del bloque y casi no se podr\u00eda aumentar el gasto en defensa y mucho m\u00e1s cuando se pide&nbsp; que sea m\u00e1s del 3% del PIB y no olvidemos que Alemania en el 2023 gast\u00f3 el 1,5% en defensa y Francia, el 2,1% junto al Reino Unido que fue el 2,3%.<\/p>\n\n\n\n<p>Espa\u00f1a, en estos momentos, es el pa\u00eds que menos invierte en defensa y&nbsp; no es dif\u00edcil recordar c\u00f3mo el Presidente S\u00e1nchez, siendo Secretario General del PSOE, &nbsp;manifest\u00f3 p\u00fablicamente que sobraba el Ministerio de Defensa en favor de los pobres, haciendo el rid\u00edculo de cara al mundo y viendo hoy el nerviosismo que tiene&nbsp; cuando la OTAN plantea elevar el gasto por encima del 3%&nbsp; y \u00e9l es miembro de la misma, precisamente por decisi\u00f3n del PSOE en tiempos de Felipe Gonz\u00e1lez.<\/p>\n\n\n\n<p>Europa tiene un papel esencial para desempe\u00f1ar y asegurar la paz en Ucrania y tiene&nbsp; que dedicar y desplegar tropas europeas en territorio ucraniano, lo que nos hace tambalear, &nbsp;porque se ve venir&nbsp; que EEUU ya no va a hacer el papel de defender&nbsp; a los europeos aunque forme parte de la OTAN y m\u00e1s aun cuando est\u00e1 mostrando intereses en Ucrania y con Putin&nbsp; tiene cierta armon\u00eda pol\u00edtica.<\/p>\n\n\n\n<p>En estos momentos, pese a las bases militares que tenemos de EEUU en Europa y en Espa\u00f1a y que fue creciendo a lo largo de los a\u00f1os 2014 al 2022, no quiere gastar m\u00e1s d\u00f3lares en esa protecci\u00f3n y quiere un reparto&nbsp; del gasto entre todos los pa\u00edses europeos, lo que ha puesto a Espa\u00f1a en el punto de mira y m\u00e1s cuando Europa no puede tambalearse&nbsp; y tiene que proteger a Ucrania y darle garant\u00edas de seguridad.<\/p>\n\n\n\n<p>La situaci\u00f3n est\u00e1 en un momento preocupante, pues los partidos coaligados con S\u00e1nchez est\u00e1n dudando y enga\u00f1ando con aumentar&nbsp; el gasto militar siempre que sean para gestos de paz en Ucrania y no en una confrontaci\u00f3n b\u00e9lica, cuando saben que&nbsp; lo ocurrido&nbsp; por la invasi\u00f3n de Rusia en Ucrania es una clara guerra militar, pero por mantenerse en el Gobierno son capaces hasta vestirse de militares y marcharse a Ucrania a aparentar una defensa.<\/p>\n\n\n\n<p>En resumen, en esta situaci\u00f3n el PSOE va a contar con el Partido Popular, pero el desequilibrio pol\u00edtico lo tiene encima y de querer eliminar el Ministerio de Defensa, a enviar armamento y militares a la defensa de Europa hay&nbsp; un abismo, el cual ahora tendr\u00e1 que acatarlo y donde \u201cdije digo, digo Diego\u201d.<\/p>\n","protected":false},"excerpt":{"rendered":"<p>Tras la ca\u00edda de la Uni\u00f3n Sovi\u00e9tica, todos los pa\u00edses europeos tomaron el acuerdo en su d\u00eda de reducir las inversiones&nbsp; en todas sus Fuerzas Armadas y lo hicieron disminuyendo considerablemente tanto sus arsenales, como&nbsp; la capacidad de producir material militar, llegando hasta nuestros d\u00edas, &nbsp;donde&nbsp; las capacidades militares y ante el bajo sostenimiento de [&hellip;]<\/p>\n","protected":false},"author":1,"featured_media":0,"comment_status":"open","ping_status":"open","sticky":false,"template":"","format":"standard","meta":{"footnotes":""},"categories":[1],"tags":[],"class_list":["post-4720","post","type-post","status-publish","format-standard","hentry","category-sin-categoria"],"_links":{"self":[{"href":"https:\/\/elblogdejoseblasfernandez.com\/index.php?rest_route=\/wp\/v2\/posts\/4720","targetHints":{"allow":["GET"]}}],"collection":[{"href":"https:\/\/elblogdejoseblasfernandez.com\/index.php?rest_route=\/wp\/v2\/posts"}],"about":[{"href":"https:\/\/elblogdejoseblasfernandez.com\/index.php?rest_route=\/wp\/v2\/types\/post"}],"author":[{"embeddable":true,"href":"https:\/\/elblogdejoseblasfernandez.com\/index.php?rest_route=\/wp\/v2\/users\/1"}],"replies":[{"embeddable":true,"href":"https:\/\/elblogdejoseblasfernandez.com\/index.php?rest_route=%2Fwp%2Fv2%2Fcomments&post=4720"}],"version-history":[{"count":1,"href":"https:\/\/elblogdejoseblasfernandez.com\/index.php?rest_route=\/wp\/v2\/posts\/4720\/revisions"}],"predecessor-version":[{"id":4721,"href":"https:\/\/elblogdejoseblasfernandez.com\/index.php?rest_route=\/wp\/v2\/posts\/4720\/revisions\/4721"}],"wp:attachment":[{"href":"https:\/\/elblogdejoseblasfernandez.com\/index.php?rest_route=%2Fwp%2Fv2%2Fmedia&parent=4720"}],"wp:term":[{"taxonomy":"category","embeddable":true,"href":"https:\/\/elblogdejoseblasfernandez.com\/index.php?rest_route=%2Fwp%2Fv2%2Fcategories&post=4720"},{"taxonomy":"post_tag","embeddable":true,"href":"https:\/\/elblogdejoseblasfernandez.com\/index.php?rest_route=%2Fwp%2Fv2%2Ftags&post=4720"}],"curies":[{"name":"wp","href":"https:\/\/api.w.org\/{rel}","templated":true}]}}