{"id":4727,"date":"2025-03-17T16:03:13","date_gmt":"2025-03-17T15:03:13","guid":{"rendered":"http:\/\/elblogdejoseblasfernandez.com\/?p=4727"},"modified":"2025-03-17T16:03:13","modified_gmt":"2025-03-17T15:03:13","slug":"el-feminismo-contra-el-feminismo","status":"publish","type":"post","link":"https:\/\/elblogdejoseblasfernandez.com\/?p=4727","title":{"rendered":"EL FEMINISMO CONTRA EL FEMINISMO"},"content":{"rendered":"\n<p>&nbsp;&nbsp;&nbsp;&nbsp;&nbsp;&nbsp; &nbsp;&nbsp;Un a\u00f1o m\u00e1s hemos comprobado las movilizaciones que miles de mujeres en toda Espa\u00f1a y acogidas a los distintos colectivos feministas han te\u00f1ido las calles de morado y&nbsp; quienes observen esos movimientos no entender\u00e1n en absoluto c\u00f3mo unos colectivos&nbsp; que se apuntan a todo centran en Madrid dos manifestaciones&nbsp; que cada una &nbsp;&nbsp;haci\u00e9ndolo por libre no aclaran el&nbsp; da\u00f1o que mutuamente se hacen y el fin que es defender a la mujer&nbsp; se ha quedado entre dos aguas. Las distintas CCAA han vivido&nbsp; en sus calles bajo el paraguas del feminismo lemas de todo tipo, donde&nbsp; las diferentes organizaciones&nbsp; que debieron llevar la misma consigna se han expandido de tal manera que ha perdido el 8M no s\u00f3lo la credibilidad sino&nbsp; la forma de vivir en una sociedad como la nuestra donde hemos tenido que soportar dentro de este muro feminista el racismo, la precariedad, la violencia sexual y claro,&nbsp; no se han dado cuenta muchas de ellas que aquellos que defendieron&nbsp; a la mujer y la hicieron protagonista de su figura han ca\u00eddo en picado y han desprestigiado toda la vida p\u00fablica y pol\u00edtica de ese feminismo que tanto defienden, pues&nbsp; los pol\u00edticos como Errej\u00f3n, \u00c1balos o Monedero han da\u00f1ado&nbsp; el discurso de la&nbsp; izquierda que fue el que siempre se utiliz\u00f3 para reprender a quienes no aceptaban el avance de la mujer&nbsp; o&nbsp; al colectivo de LGTBIQ+ &nbsp;que tambi\u00e9n&nbsp; se suman a estas movilizaciones porque entienden que son coparticipes de los avances del feminismo.<\/p>\n\n\n\n<p>&nbsp;&nbsp;&nbsp;&nbsp;&nbsp;&nbsp;&nbsp;&nbsp; Las organizaciones feministas siempre lucharon contra los recortes&nbsp; o la supresi\u00f3n de derechos y&nbsp; la represi\u00f3n y la violencia que suponen para las mujeres de todo el mundo algo que era inalcanzable, pero los caminos recorridos hasta este a\u00f1o 2025 se han mezclado hasta con las feministas antirracistas&nbsp; o&nbsp; como algunas se autodenominan \u201cmujeres en lucha contra el machismo global\u201d. Es decir, se han echado el pulso y ya en toda la carteler\u00eda de las manifestaciones podemos ver que no solamente se intenta defender el feminismo, sino que se ha entrado en un choque pol\u00edtico que hasta lo estamos viviendo entre socialistas y Unidas Podemos. Unas por otras le han hecho un flaco servicio&nbsp; al d\u00eda del 8M, pues con el ejemplo de los&nbsp; exdiputados de SUMAR, I\u00f1igo Errej\u00f3n y el pol\u00edtico de Unidas Podemos, &nbsp;Juan Carlos Monedero,&nbsp; han pedido sus defensoras toda la credibilidad y los argumentos para que &nbsp;demuestren&nbsp; y quede claro que todo esto ha sido un acto de hipocres\u00eda y no olvidemos al exministro \u00c1balos, n\u00famero dos del PSOE c\u00f3mo ha utilizado el feminismo para beneficio propio en lugar de haber protegido a aquellas se\u00f1oritas a las que pagaba con dinero p\u00fablico de todos los espa\u00f1oles. Una aut\u00e9ntica verg\u00fcenza y cu\u00e1nto nos que por ver todav\u00eda&nbsp; de tantos asuntos que se encuentran hoy en sedes judiciales.<\/p>\n\n\n\n<p>&nbsp;&nbsp;&nbsp;&nbsp;&nbsp;&nbsp;&nbsp;&nbsp; &nbsp;La mujer ha avanzado enormemente y las hay trabajadoras y eficientes al 100%. Se ha demostrado que tienen m\u00e1s capacidad que los hombres para muchas de sus profesiones, pero lo que no se puede es sacar extremistas a la calle para defender y atacarse&nbsp; unas a otras y, sin embargo, las que han dado en la historia el avance de la mujer y el papel que hoy desempe\u00f1an en la sociedad est\u00e9n ocultas, &nbsp;porque no son ni agitadores ni violentas, pero sus voces fueron silenciosas y efectivas por el gran trabajo&nbsp; que han mantenido a lo largo de este&nbsp; \u00faltimo siglo.<\/p>\n\n\n\n<p>&nbsp;&nbsp;&nbsp;&nbsp;&nbsp;&nbsp;&nbsp;&nbsp; &nbsp;Considero que el logro&nbsp; principal es formar y educar &nbsp;&nbsp;con valores una sociedad repleta de parabienes, compatibilizar la vida familiar y laboral y&nbsp; seguir demostrando que son necesarias en el mercado de trabajo, pero mientras que&nbsp; tengan salarios distintos al de los hombres&nbsp; y no se les contrate al igual que a estos, las manifestaciones&nbsp; y reivindicaciones&nbsp; de aspavientos&nbsp; y gritos en la calle s\u00f3lo van a servir para las fotos y las redes sociales.<\/p>\n\n\n\n<p>&nbsp;&nbsp;&nbsp;&nbsp;&nbsp;&nbsp;&nbsp;&nbsp; Por \u00faltimo, en este 8M no podemos olvidar&nbsp;&nbsp; las grandes y graves consecuencias de la Ministra Irene Montero, de PODEMOS, que curiosamente&nbsp; convoc\u00f3 una manifestaci\u00f3n del 8M para que defendiera la Ley del \u201cS\u00f3lo s\u00ed es s\u00ed\u201d, pero no quiere dar la cara a la cantidad de rebajas de penas a violadores que por su culpa est\u00e1n hoy ya muchos en la calle. Es decir,&nbsp; una rebaja de penas &nbsp;a costa de esa ley entre los que se encuentran los agresores de abusos sexuales que por su culpa ha habido que indultar a los que hoy se encuentran beneficiados de su mal\u00edsima gesti\u00f3n, pero por mucho que pague a agencias para que olviden la Ley de \u201cs\u00f3lo s\u00ed es s\u00ed\u201d nadie&nbsp; podr\u00e1&nbsp; mirarla a la cara, &nbsp;porque a las mujeres precisamente las ha da\u00f1ado&nbsp; y las ha vuelto a retrotraer a principios de siglo y cu\u00e1ntas mujeres madres de chicas violadas&nbsp; hoy existen&nbsp; menospreciadas en su dignidad por una ley&nbsp; de una mujer impresentable.<\/p>\n","protected":false},"excerpt":{"rendered":"<p>&nbsp;&nbsp;&nbsp;&nbsp;&nbsp;&nbsp; &nbsp;&nbsp;Un a\u00f1o m\u00e1s hemos comprobado las movilizaciones que miles de mujeres en toda Espa\u00f1a y acogidas a los distintos colectivos feministas han te\u00f1ido las calles de morado y&nbsp; quienes observen esos movimientos no entender\u00e1n en absoluto c\u00f3mo unos colectivos&nbsp; que se apuntan a todo centran en Madrid dos manifestaciones&nbsp; que cada una &nbsp;&nbsp;haci\u00e9ndolo por [&hellip;]<\/p>\n","protected":false},"author":1,"featured_media":0,"comment_status":"open","ping_status":"open","sticky":false,"template":"","format":"standard","meta":{"footnotes":""},"categories":[1],"tags":[],"class_list":["post-4727","post","type-post","status-publish","format-standard","hentry","category-sin-categoria"],"_links":{"self":[{"href":"https:\/\/elblogdejoseblasfernandez.com\/index.php?rest_route=\/wp\/v2\/posts\/4727","targetHints":{"allow":["GET"]}}],"collection":[{"href":"https:\/\/elblogdejoseblasfernandez.com\/index.php?rest_route=\/wp\/v2\/posts"}],"about":[{"href":"https:\/\/elblogdejoseblasfernandez.com\/index.php?rest_route=\/wp\/v2\/types\/post"}],"author":[{"embeddable":true,"href":"https:\/\/elblogdejoseblasfernandez.com\/index.php?rest_route=\/wp\/v2\/users\/1"}],"replies":[{"embeddable":true,"href":"https:\/\/elblogdejoseblasfernandez.com\/index.php?rest_route=%2Fwp%2Fv2%2Fcomments&post=4727"}],"version-history":[{"count":1,"href":"https:\/\/elblogdejoseblasfernandez.com\/index.php?rest_route=\/wp\/v2\/posts\/4727\/revisions"}],"predecessor-version":[{"id":4728,"href":"https:\/\/elblogdejoseblasfernandez.com\/index.php?rest_route=\/wp\/v2\/posts\/4727\/revisions\/4728"}],"wp:attachment":[{"href":"https:\/\/elblogdejoseblasfernandez.com\/index.php?rest_route=%2Fwp%2Fv2%2Fmedia&parent=4727"}],"wp:term":[{"taxonomy":"category","embeddable":true,"href":"https:\/\/elblogdejoseblasfernandez.com\/index.php?rest_route=%2Fwp%2Fv2%2Fcategories&post=4727"},{"taxonomy":"post_tag","embeddable":true,"href":"https:\/\/elblogdejoseblasfernandez.com\/index.php?rest_route=%2Fwp%2Fv2%2Ftags&post=4727"}],"curies":[{"name":"wp","href":"https:\/\/api.w.org\/{rel}","templated":true}]}}