{"id":4730,"date":"2025-03-17T16:04:17","date_gmt":"2025-03-17T15:04:17","guid":{"rendered":"http:\/\/elblogdejoseblasfernandez.com\/?p=4730"},"modified":"2025-03-17T16:04:17","modified_gmt":"2025-03-17T15:04:17","slug":"en-recuerdo-de-cuando-espana-se-paro-hace-cinco-anos","status":"publish","type":"post","link":"https:\/\/elblogdejoseblasfernandez.com\/?p=4730","title":{"rendered":"EN RECUERDO DE CUANDO ESPA\u00d1A SE PAR\u00d3 HACE CINCO A\u00d1OS"},"content":{"rendered":"\n<p>&nbsp;&nbsp;&nbsp;&nbsp;&nbsp;&nbsp; &nbsp;&nbsp;El 14 de marzo de 2020 los espa\u00f1oles sufrimos el Decreto del Estado de Alarma &nbsp;que el Presidente Pedro S\u00e1nchez declar\u00f3 en todo el territorio nacional y desde aqu\u00e9l momento nos encerraron a cal y canto porque el COVID-19 estaba descargando entre nosotros&nbsp; todo su maleficio y&nbsp; la confusi\u00f3n &nbsp;de la que no saldr\u00edamos durante a\u00f1os&nbsp; y en la que a\u00fan existen tristes secuelas, &nbsp;porque ni fuimos bien dirigidos sanitariamente &nbsp;ni tuvimos&nbsp; los conocimientos espec\u00edficos y claros de lo que se nos ven\u00eda encima. La emergencia sanitaria generada por el coronavirus&nbsp; y tras el Decreto del Estado de Alarma, el cual nos lleg\u00f3 de un d\u00eda para&nbsp; otro, nos hace hoy desde el recuerdo verificar con mayor acierto todo lo ocurrido, pues&nbsp; el Parlamento se cerr\u00f3 tambi\u00e9n y estuvimos en manos de un Ministro de Sanidad&nbsp; y de los Consejeros del ramo que en cada CCAA nos dec\u00edan c\u00f3mo estaba la estad\u00edstica&nbsp; de mortalidad &nbsp;&nbsp;y&nbsp; c\u00f3mo&nbsp; ten\u00edamos suspendidos todos los derechos, incluido&nbsp; el de &nbsp;no poder ver a nuestros seres queridos,&nbsp; a nuestros muertos &nbsp;y ni saber d\u00f3nde se encontraban.<\/p>\n\n\n\n<p>&nbsp;&nbsp;&nbsp;&nbsp;&nbsp;&nbsp;&nbsp;&nbsp; Espa\u00f1a experiment\u00f3 un paro de tal envergadura que&nbsp; luego todas las normas que hab\u00edan dado al respecto el Gobierno fueron declaradas inconstitucionales, pues&nbsp; d\u00eda a d\u00eda se iba viendo los tristes resultados de aqu\u00e9l cierre a cal y canto del pa\u00eds y c\u00f3mo&nbsp; nos bas\u00e1bamos en muchas de las medidas&nbsp; de &nbsp;aqu\u00e9l enga\u00f1o&nbsp; que los chinos nos hicieron, pues la paralizaci\u00f3n del pa\u00eds &nbsp;dio el triste resultado del Tribunal Constitucional &nbsp;que no se hab\u00eda usado el instrumento adecuado&nbsp; para restringir de forma tan dr\u00e1stica los derechos de los ciudadanos. Es decir, un fracaso absoluto para un Gobierno escondido en el que &nbsp;&nbsp;&nbsp;d\u00eda a d\u00eda se marcaba un real decreto-ley para anularlo al d\u00eda siguiente&nbsp; y&nbsp; al estar el Parlamento cerrado, las Comisiones Permanentes de ambas C\u00e1maras decid\u00edan&nbsp; escuchar &nbsp;\u201cla voz de su amo\u201d &nbsp;para &nbsp;trasladarla al pueblo espa\u00f1ol. Fue curioso porque hasta se estren\u00f3 el 25 de&nbsp; marzo&nbsp; del 2020 el voto telem\u00e1tico, porque los propios parlamentarios&nbsp; ten\u00edan tal miedo a la situaci\u00f3n que aquellas medidas&nbsp; m\u00e1s exigentes que se planteaban se hac\u00edan de manera telem\u00e1tica&nbsp; y como siempre ERC, JxCat, EHBildu, BNG&nbsp; y la CUP se absten\u00edan&nbsp; para hacer como hoy, &nbsp;escurrir el bulto, pero crear miedo y pidiendo&nbsp; inclusive la paralizaci\u00f3n de todas las actividades del pa\u00eds, es decir, una quiebra de todo como siempre han hecho.<\/p>\n\n\n\n<p>&nbsp;&nbsp;&nbsp;&nbsp;&nbsp;&nbsp;&nbsp;&nbsp; &nbsp;Han sido recuerdos&nbsp; inolvidables. La universidad se paraliz\u00f3 de tal manera que&nbsp; durante dos a\u00f1os los ex\u00e1menes y clases eran telem\u00e1ticos y no asist\u00eda nadie a clase, para luego aprobar esos cursos y tener el fruto de hoy donde&nbsp; muchos de aquellos egresados&nbsp; son incapaces de ejercer una profesi\u00f3n, &nbsp;porque o bien copiaron o bien&nbsp; solo salieron adelante con el m\u00ednimo esfuerzo. Algo igual ocurri\u00f3 en los colegios e institutos, lo cual hoy lo estamos pagando a un precio muy alto.<\/p>\n\n\n\n<p>&nbsp;&nbsp;&nbsp;&nbsp;&nbsp;&nbsp;&nbsp;&nbsp; Tenemos que tener presente que el Gobierno estuvo c\u00f3modo porque el Parlamento no funcionaba, lo hac\u00eda s\u00f3lo a base de decretos y miedo y mientras ni las estad\u00edsticas funcionaban y ni siquiera se sab\u00eda que las mascarillas pod\u00edan ser un parapeto para frenar el coronavirus. Es decir,&nbsp;&nbsp; hoy, a los cinco a\u00f1os de aqu\u00e9l desastre sanitario &nbsp;y pol\u00edtico y d\u00f3nde&nbsp; un m\u00e9dico epidemiol\u00f3gico llamado Fernando Sim\u00f3n Soria&nbsp; le encomendaron&nbsp; la coordinaci\u00f3n de alertas y, en especial,&nbsp; por mandato del Ministro de Sanidad, se dedic\u00f3 a &nbsp;asustarnos en cada momento, del cual hoy poco se sabe y tan s\u00f3lo tenemos el mal recuerdo de un detractor de malas noticias y que sin fundamento&nbsp; sanitario &nbsp;intoxic\u00f3 a toda Espa\u00f1a.<\/p>\n\n\n\n<p>\u00a0\u00a0\u00a0\u00a0\u00a0\u00a0\u00a0\u00a0 Estos cinco a\u00f1os han servido para que no haya control presupuestario, para que Europa\u00a0 nos diera centenares\u00a0 de millones de euros que a\u00fan no se han devuelto y para que un mont\u00f3n de corruptos se aprovecharan de la pandemia y se hicieran ricos y lo que es peor, el mercado de trabajo se llen\u00f3 de ERTES,\u00a0 el funcionamiento del mercado econ\u00f3mico se paraliz\u00f3\u00a0 y las empresas perdieron\u00a0 no solamente los talentos de sus trabajadores, sino que cerraron ruinosamente porque el mercado no era \u00e1gil ni funcionaba y lo que es\u00a0 el peor recuerdo a tener en cuenta son las miles de personas que fallecieron tanto en residencias como en hospitales, \u00a0porque\u00a0 ni exist\u00edan medios para salir de la pandemia, ni las vacunas estuvieron preparadas como debi\u00f3 ocurrir en un pa\u00eds desarrollado\u00a0 y con futuro. Hubo profesionales que perdieron la vida en este tr\u00e1nsito como hubo funcionarios de administraciones que dieron la cara y otros miles se escondieron sin aparecer por el trabajo, cre\u00e1ndose la cita previa\u00a0 la cual descaradamente todav\u00eda hoy existe\u00a0 hasta en los\u00a0 bancos y cajas de ahorros. Es decir,\u00a0 un desastre en el recuerdo donde por mi profesi\u00f3n tengo que alzar la voz y decir que el colectivo\u00a0 y los colegios de Graduados Sociales de Espa\u00f1a trabajaron a puerta cerrada tramitando jur\u00eddicamente \u00a0y dej\u00e1ndose la piel tantos millones de ERTES\u00a0 como se hicieron y que gracias a ellos el mercado de trabajo que estaba parado y anestesiado pudo percibir prestaciones por desempleo, mientras que tambi\u00e9n esos compa\u00f1eros \u00a0y colaboradores de \u00e9stos \u00a0dejaron sus vidas en solitario en sus despachos y algunos tambi\u00e9n perdieron la vida. En consecuencia esta profesi\u00f3n que este a\u00f1o cumple cien a\u00f1os fue declarada esencial y reconocida por la sociedad civil espa\u00f1ola, \u00a0porque de no existir estos profesionales del Derecho no solamente se hubiesen parado las empresas, sino que los trabajadores de las mismas \u00a0y sus familiares, incluidos los aut\u00f3nomos, no hubiesen tenido\u00a0 ni para comer.<strong>\u00a0\u00a0\u00a0\u00a0\u00a0\u00a0\u00a0\u00a0\u00a0\u00a0\u00a0 <\/strong><\/p>\n\n\n\n<p>           Para terminar, una p\u00e9sima gesti\u00f3n, una mala organizaci\u00f3n y un recuerdo para todos los que perdieron la vida, pero seria bueno que para un caso similar que pudiese venir, \u00a0se preparase a la poblaci\u00f3n\u00a0 y a los pol\u00edticos que gobiernan, \u00a0para que otras pandemias, \u00a0si ocurriesen\u00a0 sean conducidas con mayor rigor, con m\u00e1s preparaci\u00f3n\u00a0 y no\u00a0 parar todo un pa\u00eds para darnos cinco a\u00f1os de retraso.<\/p>\n","protected":false},"excerpt":{"rendered":"<p>&nbsp;&nbsp;&nbsp;&nbsp;&nbsp;&nbsp; &nbsp;&nbsp;El 14 de marzo de 2020 los espa\u00f1oles sufrimos el Decreto del Estado de Alarma &nbsp;que el Presidente Pedro S\u00e1nchez declar\u00f3 en todo el territorio nacional y desde aqu\u00e9l momento nos encerraron a cal y canto porque el COVID-19 estaba descargando entre nosotros&nbsp; todo su maleficio y&nbsp; la confusi\u00f3n &nbsp;de la que no saldr\u00edamos [&hellip;]<\/p>\n","protected":false},"author":1,"featured_media":0,"comment_status":"open","ping_status":"open","sticky":false,"template":"","format":"standard","meta":{"footnotes":""},"categories":[1],"tags":[],"class_list":["post-4730","post","type-post","status-publish","format-standard","hentry","category-sin-categoria"],"_links":{"self":[{"href":"https:\/\/elblogdejoseblasfernandez.com\/index.php?rest_route=\/wp\/v2\/posts\/4730","targetHints":{"allow":["GET"]}}],"collection":[{"href":"https:\/\/elblogdejoseblasfernandez.com\/index.php?rest_route=\/wp\/v2\/posts"}],"about":[{"href":"https:\/\/elblogdejoseblasfernandez.com\/index.php?rest_route=\/wp\/v2\/types\/post"}],"author":[{"embeddable":true,"href":"https:\/\/elblogdejoseblasfernandez.com\/index.php?rest_route=\/wp\/v2\/users\/1"}],"replies":[{"embeddable":true,"href":"https:\/\/elblogdejoseblasfernandez.com\/index.php?rest_route=%2Fwp%2Fv2%2Fcomments&post=4730"}],"version-history":[{"count":1,"href":"https:\/\/elblogdejoseblasfernandez.com\/index.php?rest_route=\/wp\/v2\/posts\/4730\/revisions"}],"predecessor-version":[{"id":4731,"href":"https:\/\/elblogdejoseblasfernandez.com\/index.php?rest_route=\/wp\/v2\/posts\/4730\/revisions\/4731"}],"wp:attachment":[{"href":"https:\/\/elblogdejoseblasfernandez.com\/index.php?rest_route=%2Fwp%2Fv2%2Fmedia&parent=4730"}],"wp:term":[{"taxonomy":"category","embeddable":true,"href":"https:\/\/elblogdejoseblasfernandez.com\/index.php?rest_route=%2Fwp%2Fv2%2Fcategories&post=4730"},{"taxonomy":"post_tag","embeddable":true,"href":"https:\/\/elblogdejoseblasfernandez.com\/index.php?rest_route=%2Fwp%2Fv2%2Ftags&post=4730"}],"curies":[{"name":"wp","href":"https:\/\/api.w.org\/{rel}","templated":true}]}}