{"id":4794,"date":"2025-10-27T11:37:16","date_gmt":"2025-10-27T10:37:16","guid":{"rendered":"https:\/\/elblogdejoseblasfernandez.com\/?p=4794"},"modified":"2025-10-27T11:37:16","modified_gmt":"2025-10-27T10:37:16","slug":"los-autonomos-acorralados-y-sin-oxigeno","status":"publish","type":"post","link":"https:\/\/elblogdejoseblasfernandez.com\/?p=4794","title":{"rendered":"LOS AUT\u00d3NOMOS ACORRALADOS Y SIN OX\u00cdGENO"},"content":{"rendered":"\n<p>&nbsp;&nbsp;&nbsp;&nbsp;&nbsp;&nbsp; &nbsp;&nbsp;Como en este pa\u00eds cada d\u00eda que nos levantamos se nos da un susto, el pasado 15 de octubre, la Ministra Elma Saiz nos participa que&nbsp; est\u00e1 defendiendo una propuesta del Gobierno para actualizar las cuotas de los trabajadores aut\u00f3nomos a partir de 2026 en el marco del sistema de cotizaci\u00f3n por ingresos reales, &nbsp;aprobado en 2022. Es decir, que la buena Ministra de Seguridad Social&nbsp; y Migraciones nos quiere favorecer en la desigualdad en la que estamos metidos los aut\u00f3nomos y&nbsp; nos va a dar m\u00e1s protecci\u00f3n porque&nbsp; como el papel todo lo admite, el aut\u00f3nomo con ingresos de 3000 euros mensuales, que ahora en caso de paro cobrar\u00eda 770 euros, pasar\u00eda a percibir m\u00e1s del doble&nbsp; y as\u00ed una larga carta a los Reyes Magos sobre la prestaci\u00f3n&nbsp; de maternidad o paternidad. En este mundo del trabajo, donde ya los funcionarios nos ganan a los aut\u00f3nomos, en lugar de cuidarlos y mimarlos, pues aumentan las cuotas en funci\u00f3n de los ingresos netos sin olvidar&nbsp; que las pensiones est\u00e1n topadas&nbsp;&nbsp; y que estamos ante un claro incremento para recaudar m\u00e1s dinero, desconociendo la Sra. Saiz que ni la propuesta est\u00e1 basada en la justicia y menos en la protecci\u00f3n social.<\/p>\n\n\n\n<p>&nbsp;&nbsp;&nbsp;&nbsp;&nbsp;&nbsp;&nbsp;&nbsp; El trabajador aut\u00f3nomo ya se ha convertido en una especie a extinguir, pues sablazos como los que nos piensan dar no los comparte nadie y menos cuando el ejecutivo, ante la falta econ\u00f3mica para poder sustentar la quiebra de las pensiones, quiere meterle la mano en el bolsillo a los m\u00e1s de 3,4 millones de aut\u00f3nomos&nbsp; y llevar a cabo una recolecta colectiva donde por d\u00eda no sabe o no quiere conocer que los aut\u00f3nomos est\u00e1n teniendo una sangr\u00eda tal y desde luego el impacto tan negativo que va a tener en este sector es claramente preocupante. Es cierto que muchos dirigentes de los trabajadores aut\u00f3nomos pidieron en su d\u00eda cotizar por lo que realmente se gana y lo hicieron sin saber las consecuencias que eso tra\u00eda consigo, pues&nbsp; hicieron un brindis al sol para querer aumentar las pensiones, pero en un porcentaje muy alto y en m\u00e1s del 60% el aut\u00f3nomo no se sub\u00eda las cuotas voluntariamente porque no le daba la gana y ahora la Sra. Ministra, cogiendo el 60% de los aut\u00f3nomos de los tramos m\u00e1s bajos decide sobrecotizar ampar\u00e1ndose en &nbsp;la \u201cprotecci\u00f3n del futuro\u201d.<\/p>\n\n\n\n<p>&nbsp;&nbsp;&nbsp;&nbsp;&nbsp;&nbsp;&nbsp;&nbsp; El trabajador aut\u00f3nomo es el empleador m\u00e1s castigado que tiene el mercado de trabajo porque como pymes&nbsp; que as\u00ed se les cataloga o tienen medios para poder sustentar&nbsp; a su propia plantilla. Tenemos el caso de c\u00f3mo para adaptar el registro horario que&nbsp; va a imponer el Gobierno, &nbsp;el 74,1% siguen haci\u00e9ndolo y lo har\u00e1n de forma manual porque no tienen dinero para adaptar sistemas inform\u00e1ticos&nbsp; que le hagan cumplir con esa imposici\u00f3n, &nbsp;&nbsp;que lo \u00fanico que se sabe es que se les persigue por el abuso del horario de trabajo, sin conocer que el coste y los programas inform\u00e1ticos est\u00e1n prohibitivos para estas pymes y no digamos el absentismo que las est\u00e1 vaciando de contenido, porque no se les protege ante ello &nbsp;y lo que ha conseguido la Sra. Saiz es poner a ese colectivo en pie de guerra, ya que esta propuesta de cotizaciones para el pr\u00f3ximo trienio es un insulto para&nbsp; los que est\u00e1n m\u00e1s precarizados, porque terminar\u00e1n peregrinando en busca de ayudas p\u00fablicas y de los servicios sociales que trabajar de sol a sol sin vacaciones, sin horario y sin medios y lo que es peor sin un tratamiento jur\u00eddico-laboral para pymes, cuando&nbsp; en otros pa\u00edses las empresas de menos de 15 y 10 trabajadores la relaci\u00f3n laboral no es igual&nbsp; que una multinacional o gran empresa, pero aqu\u00ed como lo que se pretende es recaudar, el ejecutivo&nbsp; con una ceguera total lo que est\u00e1 es soliviantando&nbsp; a m\u00e1s de 3,4 millones de aut\u00f3nomos&nbsp; y&nbsp; &nbsp;sacarles los cuartos, pero sin buscarles un incremento en sus ingresos o en&nbsp; un menor gasto, pues la Ministra se lo calla y ni sabe qu\u00e9 pensiones ser\u00e1n las del futuro.<\/p>\n\n\n\n<p>&nbsp;&nbsp;&nbsp;&nbsp;&nbsp;&nbsp;&nbsp;&nbsp; Por tanto, el anuncio de la subida de cuotas se hace no s\u00f3lo en un mal momento, sino en el peor de todos, porque&nbsp; la respuesta de los colectivos de aut\u00f3nomos donde tambi\u00e9n estamos las profesiones liberales, empezaran a reducir plantillas a facturar menos y llegar\u00e1n a su extinci\u00f3n y donde el mercado de trabajo se sostiene de las pymes en m\u00e1s del 90%, terminar\u00e1n&nbsp; claudicando, march\u00e1ndose&nbsp; y &nbsp;la expresi\u00f3n de que&nbsp; \u201cos vamos a subir las cuotas para protegeros\u201d&nbsp; ha desatado tal indignaci\u00f3n que&nbsp; al tiempo, &nbsp;de no corregirse, &nbsp;&nbsp;empezar\u00e1n con cierres de comercios que&nbsp; no tendr\u00e1 precedentes, porque la pol\u00e9mica est\u00e1 servida y&nbsp; ser aut\u00f3nomo ser\u00e1 pronto algo similar a las momias de Egipto.<strong>&nbsp;<\/strong><\/p>\n","protected":false},"excerpt":{"rendered":"<p>&nbsp;&nbsp;&nbsp;&nbsp;&nbsp;&nbsp; &nbsp;&nbsp;Como en este pa\u00eds cada d\u00eda que nos levantamos se nos da un susto, el pasado 15 de octubre, la Ministra Elma Saiz nos participa que&nbsp; est\u00e1 defendiendo una propuesta del Gobierno para actualizar las cuotas de los trabajadores aut\u00f3nomos a partir de 2026 en el marco del sistema de cotizaci\u00f3n por ingresos reales, [&hellip;]<\/p>\n","protected":false},"author":1,"featured_media":0,"comment_status":"open","ping_status":"open","sticky":false,"template":"","format":"standard","meta":{"footnotes":""},"categories":[1],"tags":[],"class_list":["post-4794","post","type-post","status-publish","format-standard","hentry","category-sin-categoria"],"_links":{"self":[{"href":"https:\/\/elblogdejoseblasfernandez.com\/index.php?rest_route=\/wp\/v2\/posts\/4794","targetHints":{"allow":["GET"]}}],"collection":[{"href":"https:\/\/elblogdejoseblasfernandez.com\/index.php?rest_route=\/wp\/v2\/posts"}],"about":[{"href":"https:\/\/elblogdejoseblasfernandez.com\/index.php?rest_route=\/wp\/v2\/types\/post"}],"author":[{"embeddable":true,"href":"https:\/\/elblogdejoseblasfernandez.com\/index.php?rest_route=\/wp\/v2\/users\/1"}],"replies":[{"embeddable":true,"href":"https:\/\/elblogdejoseblasfernandez.com\/index.php?rest_route=%2Fwp%2Fv2%2Fcomments&post=4794"}],"version-history":[{"count":1,"href":"https:\/\/elblogdejoseblasfernandez.com\/index.php?rest_route=\/wp\/v2\/posts\/4794\/revisions"}],"predecessor-version":[{"id":4795,"href":"https:\/\/elblogdejoseblasfernandez.com\/index.php?rest_route=\/wp\/v2\/posts\/4794\/revisions\/4795"}],"wp:attachment":[{"href":"https:\/\/elblogdejoseblasfernandez.com\/index.php?rest_route=%2Fwp%2Fv2%2Fmedia&parent=4794"}],"wp:term":[{"taxonomy":"category","embeddable":true,"href":"https:\/\/elblogdejoseblasfernandez.com\/index.php?rest_route=%2Fwp%2Fv2%2Fcategories&post=4794"},{"taxonomy":"post_tag","embeddable":true,"href":"https:\/\/elblogdejoseblasfernandez.com\/index.php?rest_route=%2Fwp%2Fv2%2Ftags&post=4794"}],"curies":[{"name":"wp","href":"https:\/\/api.w.org\/{rel}","templated":true}]}}