{"id":4804,"date":"2025-11-16T17:58:44","date_gmt":"2025-11-16T16:58:44","guid":{"rendered":"https:\/\/elblogdejoseblasfernandez.com\/?p=4804"},"modified":"2025-11-16T17:58:44","modified_gmt":"2025-11-16T16:58:44","slug":"caritas-suple-al-estado-del-bienestar","status":"publish","type":"post","link":"https:\/\/elblogdejoseblasfernandez.com\/?p=4804","title":{"rendered":"C\u00c1RITAS SUPLE AL ESTADO DEL BIENESTAR"},"content":{"rendered":"\n<p>&nbsp;&nbsp;&nbsp;&nbsp;&nbsp;&nbsp; &nbsp;&nbsp;De manera galopante la sociedad civil en Espa\u00f1a se est\u00e1 quebrando por el Estado del Bienestar. Est\u00e1n desapareciendo las clases medias y el rico cada vez m\u00e1s rico y el pobre&nbsp; se est\u00e1 desmoronando por debajo de la pobreza porque, a diario &nbsp;el desempleo sube&nbsp; y seguimos estando en Europa a la cola del paro,&nbsp; porque si los j\u00f3venes y mujeres no encuentran trabajo, &nbsp;nos estamos olvidando de la cantidad de despidos y creaci\u00f3n de falsos aut\u00f3nomos que las medidas del Gobierno est\u00e1n propiciando de manera desorbitada.<\/p>\n\n\n\n<p>&nbsp;&nbsp;&nbsp;&nbsp;&nbsp;&nbsp;&nbsp;&nbsp; La subida del Salario M\u00ednimo Interprofesional que la in\u00fatil Ministra, Yolanda D\u00edaz, ha impuesto solamente con el benepl\u00e1cito de unos sindicatos subvencionados y no&nbsp; de quienes lo pagan como son los empleadores, est\u00e1 provocando una crisis junto al hambre que no tiene precedentes, porque al subir ese salario para quedar ella contenta y crey\u00e9ndose que es una hero\u00edna, ha puesto de manifiesto el quebranto del mercado laboral, ya que &nbsp;ha equiparado a quienes no tienen responsabilidad y por eso estaban en un salario m\u00ednimo, &nbsp;con aquellos que tienen categor\u00edas profesionales cualificadas y estamos comprobando por minutos c\u00f3mo los convenios colectivos est\u00e1n propiciando mucho m\u00e1s a las categor\u00edas sin responsabilidad&nbsp; que a &nbsp;los&nbsp; superiores y mandos intermedios con responsabilidad que &nbsp;hoy ya est\u00e1n cobrando lo mismo, pues no es igual un pe\u00f3n que la de un oficial primera. Es decir, una injusticia que se avis\u00f3 y est\u00e1 dando unos resultados tan preocupantes que es una de las causas de una p\u00e9rdida masiva del empleo en Espa\u00f1a.<\/p>\n\n\n\n<p>&nbsp;&nbsp;&nbsp;&nbsp;&nbsp;&nbsp;&nbsp;&nbsp; La soluci\u00f3n est\u00e1 pasando por la creaci\u00f3n de empleo en precario. Es decir, medias jornadas, jornadas partidas y obligando si alguien quiere trabajar a que se haga falso aut\u00f3nomo y que apeche con sus responsabilidades fiscales y de Seguridad Social, sin olvidar los contratos indefinidos&nbsp; que ha sido otra herramienta para despidos masivos y&nbsp; encubiertos en los periodos de prueba y el enga\u00f1o de los fijos discontinuos que se sigue sin saber cu\u00e1ntos cobran el paro. Pues bien,&nbsp; estos lodos nos traen ahora un empobrecimiento de la poblaci\u00f3n, &nbsp;porque pese al regalo de las paguitas y el invento de salarios para contentar a&nbsp; los j\u00f3venes con &nbsp;la cultura, estamos comprobando que no sirven para&nbsp; nada. En definitiva, desaparecen empresas de toda la vida, los verdaderos aut\u00f3nomos se quedan solos sin trabajadores por el alto coste que estos tienen y no digamos la brecha que est\u00e1 acaeciendo&nbsp; como consecuencia del absentismo. Es decir, hay que ser muy valiente para montar una empresa y tener dos socios exigentes, cuales son Hacienda y la Seguridad Social; socios que no te perdonan y si te retrasas en un pago te embargan hasta las pesta\u00f1as.<\/p>\n\n\n\n<p>En definitiva, surge hoy una confederaci\u00f3n oficial de acci\u00f3n caritativa y social de la iglesia cat\u00f3lica, fundada en 1947, denominada CARITAS DIOCESANA, los cuales con una acci\u00f3n caritativa&nbsp; y social est\u00e1n respondiendo con eficacia a todas aquellas&nbsp; necesidades sociales porque ni los servicios sociales estatales, auton\u00f3micos y locales son capaces de hacer frente a tantas personas vulnerables, pues con un n\u00famero muy alto de voluntarios&nbsp;&nbsp; y de personas que tambi\u00e9n contratan, se han dedicado con amor a transformar&nbsp; una sociedad que nunca se esperaba que en un siglo XXI se situase&nbsp; para el desarrollo social y para la erradicaci\u00f3n de la pobreza, porque est\u00e1n atendiendo a las necesidades b\u00e1sicas m\u00e1s importantes como la alimentaci\u00f3n, el vestido y la vivienda, apoyo social y psicol\u00f3gico y creando programas espec\u00edficos para las familias y personas mayores que est\u00e1n en crisis.<\/p>\n\n\n\n<p>&nbsp;&nbsp;&nbsp;&nbsp;&nbsp;&nbsp;&nbsp;&nbsp; En los a\u00f1os 40 se denominaba beneficencia, lo cual en su historia atend\u00eda&nbsp; hasta a los enfermos, pero es impensable que&nbsp; 80 a\u00f1os despu\u00e9s est\u00e9n asistiendo bajo el paraguas de Caritas a tantas miles y miles de personas que no tienen qu\u00e9 llevarse a la boca, porque para colmo la cesta de la compra como una necesidad perentoria ha subido en dos a\u00f1os el 35%. As\u00ed no podemos seguir&nbsp; y el empobrecimiento de la sociedad es tan alarmante que necesariamente hace que Espa\u00f1a tenga que tener un cambio de rumbo porque vivir del aire no se puede y, por tanto, el Estado del Bienestar lo suple C\u00e1ritas con toda su legi\u00f3n de miembros de la Iglesia Cat\u00f3lica que est\u00e1n&nbsp; abortando necesidades por todas partes.<strong>&nbsp;&nbsp;&nbsp;&nbsp;&nbsp;&nbsp;&nbsp;&nbsp;&nbsp;&nbsp;&nbsp;<\/strong><\/p>\n","protected":false},"excerpt":{"rendered":"<p>&nbsp;&nbsp;&nbsp;&nbsp;&nbsp;&nbsp; &nbsp;&nbsp;De manera galopante la sociedad civil en Espa\u00f1a se est\u00e1 quebrando por el Estado del Bienestar. Est\u00e1n desapareciendo las clases medias y el rico cada vez m\u00e1s rico y el pobre&nbsp; se est\u00e1 desmoronando por debajo de la pobreza porque, a diario &nbsp;el desempleo sube&nbsp; y seguimos estando en Europa a la cola del [&hellip;]<\/p>\n","protected":false},"author":1,"featured_media":0,"comment_status":"open","ping_status":"open","sticky":false,"template":"","format":"standard","meta":{"footnotes":""},"categories":[1],"tags":[],"class_list":["post-4804","post","type-post","status-publish","format-standard","hentry","category-sin-categoria"],"_links":{"self":[{"href":"https:\/\/elblogdejoseblasfernandez.com\/index.php?rest_route=\/wp\/v2\/posts\/4804","targetHints":{"allow":["GET"]}}],"collection":[{"href":"https:\/\/elblogdejoseblasfernandez.com\/index.php?rest_route=\/wp\/v2\/posts"}],"about":[{"href":"https:\/\/elblogdejoseblasfernandez.com\/index.php?rest_route=\/wp\/v2\/types\/post"}],"author":[{"embeddable":true,"href":"https:\/\/elblogdejoseblasfernandez.com\/index.php?rest_route=\/wp\/v2\/users\/1"}],"replies":[{"embeddable":true,"href":"https:\/\/elblogdejoseblasfernandez.com\/index.php?rest_route=%2Fwp%2Fv2%2Fcomments&post=4804"}],"version-history":[{"count":1,"href":"https:\/\/elblogdejoseblasfernandez.com\/index.php?rest_route=\/wp\/v2\/posts\/4804\/revisions"}],"predecessor-version":[{"id":4805,"href":"https:\/\/elblogdejoseblasfernandez.com\/index.php?rest_route=\/wp\/v2\/posts\/4804\/revisions\/4805"}],"wp:attachment":[{"href":"https:\/\/elblogdejoseblasfernandez.com\/index.php?rest_route=%2Fwp%2Fv2%2Fmedia&parent=4804"}],"wp:term":[{"taxonomy":"category","embeddable":true,"href":"https:\/\/elblogdejoseblasfernandez.com\/index.php?rest_route=%2Fwp%2Fv2%2Fcategories&post=4804"},{"taxonomy":"post_tag","embeddable":true,"href":"https:\/\/elblogdejoseblasfernandez.com\/index.php?rest_route=%2Fwp%2Fv2%2Ftags&post=4804"}],"curies":[{"name":"wp","href":"https:\/\/api.w.org\/{rel}","templated":true}]}}