{"id":4806,"date":"2025-11-16T18:00:20","date_gmt":"2025-11-16T17:00:20","guid":{"rendered":"https:\/\/elblogdejoseblasfernandez.com\/?p=4806"},"modified":"2025-11-16T18:00:20","modified_gmt":"2025-11-16T17:00:20","slug":"el-siglo-de-oro-de-los-graduados-sociales","status":"publish","type":"post","link":"https:\/\/elblogdejoseblasfernandez.com\/?p=4806","title":{"rendered":"EL SIGLO DE ORO DE LOS GRADUADOS SOCIALES"},"content":{"rendered":"\n<p>&nbsp;&nbsp;&nbsp;&nbsp;&nbsp;&nbsp; &nbsp;&nbsp;Por Real Decreto de 17 de Agosto de 1925 se crearon las Escuelas Sociales y se promulgaron por Real Orden de 12 de Agosto de 1926, &nbsp;los estudios de Graduado Social con nivel superior. &nbsp;En esta larga historia, por Decreto de 21 de Julio de 1933, las Escuelas Sociales pasan a depender del Ministerio de Instrucci\u00f3n P\u00fablica y Bellas Artes y el 12 de Octubre del mismo a\u00f1o, por un Decreto de la Rep\u00fablica, &nbsp;vuelven los estudios a depender del Ministerio de Trabajo, ya que esta profesi\u00f3n tiene como herramientas b\u00e1sicas el control del mundo socio-laboral y de&nbsp; la Seguridad Social.<\/p>\n\n\n\n<p>&nbsp;&nbsp;&nbsp;&nbsp;&nbsp;&nbsp;&nbsp;&nbsp; Para ser prolijo en la historia, la Guerra Civil paraliz\u00f3 las ense\u00f1anzas en estas Escuelas Sociales hasta que por Orden de 4 de Marzo de 1940 se declaran las subsistencias de las mismas, siendo el gran impulsor el Catedr\u00e1tico de Derecho del Trabajo, D. Eugenio P\u00e9rez Botija, el cual pide que estas ense\u00f1anzas pasen a la Universidad. Pod\u00eda extenderme en una larga historia de reales decretos, \u00f3rdenes ministeriales y resoluciones de &nbsp;lo que significa esta bendita profesi\u00f3n que basa toda su plataforma de estudios en la Justicia Social, por lo que si de algo podemos estar orgullosos los Graduados Sociales es de estos dos valores importantes, resumidos en nuestro origen&nbsp; y en nuestra historia. Para muchos que hoy est\u00e1n satisfechos de haber cursado o estar cursando en la Universidad los Estudios del Grado en Relaciones Laborales y Recursos Humanos y que no han conocido quienes como yo&nbsp; tuvimos&nbsp;&nbsp; el grato y noble honor de pertenecer a las extinguidas Escuelas Sociales, no han bebido de esa fuente de riqueza continuada que all\u00e1, en el a\u00f1o 1925, estas Escuelas Sociales dieron tanto calor humano a la sociedad espa\u00f1ola que las generaciones venideras tendr\u00e1n que mirar siempre hacia esos hombres y mujeres que supieron desarrollar, d\u00eda a d\u00eda,&nbsp; el esp\u00edritu y el amor a lo Social, donde tantos catedr\u00e1ticos y profesores que est\u00e1n en nuestro recuerdo, velaron para que fu\u00e9semos semilla y protecci\u00f3n del mundo del trabajo, as\u00ed como contagiar&nbsp; a quienes sufr\u00edan carencias sociales&nbsp; de que la Justicia Social era y es el emblema&nbsp; por excelencia, pues con el paso del tiempo siempre estar\u00eda de moda. Estas Escuelas Sociales lanzaron a una Espa\u00f1a controvertida y transformada por el tiempo, a unos profesionales que supieron rebelarse ante tanta injusticia para hacer un equitativo reparto de lo que&nbsp; luego vendr\u00eda a denominarse \u201cEstado del Bienestar\u201d.<\/p>\n\n\n\n<p>&nbsp;&nbsp;&nbsp;&nbsp;&nbsp;&nbsp;&nbsp;&nbsp; En este siglo que hemos pasado, &nbsp;quiero recordar a todos aquellos que supieron imprimir el car\u00e1cter de lealtad y entrega a tantos y tantos alumnos que eligieron, voluntariamente, formarse en esas filas. A vosotros que supisteis hacer profesi\u00f3n gracias a la constancia y al empe\u00f1o de quienes han formado nuestros Colegios Profesionales y que tanto cari\u00f1o han puesto para llegar a este Centenario. Podr\u00eda enumerar a miles de profesores y miles de alumnos, porque con valent\u00eda&nbsp; hicimos un futuro comprometedor y consolidamos el mundo de las relaciones laborales pr\u00e1cticamente en exclusiva, sin olvidar a los distintos Ministros y Ministras de Trabajo que a lo largo de nuestra historia supieron acogernos con respeto y con perseverancia,&nbsp;&nbsp; a&nbsp; los ocho Presidentes&nbsp; habidos del Consejo General y&nbsp; a tantos Presidentes de Colegios que tuvieron la hidalgu\u00eda de hacer profesi\u00f3n&nbsp; all\u00ed donde iban y donde estaban, no ocultando nunca su profesi\u00f3n de Graduado Social, que con tanto amor&nbsp; y sacrificio se entregaron por esta maravillosa profesi\u00f3n, sirviendo y nunca sirvi\u00e9ndose del cargo, para que quienes acudieran a las filas de los Colegios&nbsp; supieran que el trabajo y la constancia era&nbsp; y es &nbsp;la tarjeta de visita de todos\/as.<\/p>\n\n\n\n<p>&nbsp;&nbsp;&nbsp;&nbsp;&nbsp;&nbsp;&nbsp;&nbsp; Los Graduados Sociales, al cumplir estos 100 a\u00f1os y que est\u00e1n ya acabando, somos para la sociedad como esa c\u00e9lula constante que avanza con rapidez y que no se detiene para mirar hacia atr\u00e1s; somos en definitiva una profesi\u00f3n que de no existir habr\u00eda que crearla, por lo que en este recuerdo al Centenario de las Escuelas Sociales y de esta Profesi\u00f3n estamos en plena actualidad.<\/p>\n\n\n\n<p>&nbsp;&nbsp;&nbsp;&nbsp;&nbsp;&nbsp;&nbsp;&nbsp; A quienes nos conocen habr\u00e1n visto nuestros logros profesionales d\u00eda a d\u00eda, pese a tantos \u201cpalos en las ruedas\u201d como nos han puesto, pero cu\u00e1nto trabajo se encierra y cu\u00e1nto silencio hemos tenido, aunque &nbsp;como el aceite sobre el agua, la capacidad del colectivo&nbsp; ha sabido&nbsp; aflorar una cultura social de la que siempre nos hemos hecho acreedores. Por ello, que las nuevas generaciones sigan nuestro camino pese a que tambi\u00e9n existen nuevas perspectivas universitarias desde que conseguimos la Licenciatura y luego el Grado y muchas veces sirvieron \u00e9stas para hacerse con otras y &nbsp;de una manera triste, porque algunos olvidaron sus or\u00edgenes, pero los que seguimos debemos estar orgullosos por lo que somos, sin tapujos, sin cambio de nombres y poniendo por delante&nbsp; nuestro t\u00edtulo, una vez colegiado, de que somos Graduados Sociales, por lo que tenemos que seguir prestos a combatir y eliminar las asperezas que se nos presenten.<\/p>\n\n\n\n<p>&nbsp;&nbsp;&nbsp;&nbsp;&nbsp;&nbsp;&nbsp;&nbsp; Como profesi\u00f3n jur\u00eddica hemos llegado a este siglo que yo lo llamo de oro, porque de oro somos y no alteraremos el metal por mucho combate que nos quieran hacer, porque&nbsp; con voluntad y vocaci\u00f3n que es lo que nos sobra, &nbsp;esperamos iniciar un siglo nuevo.<\/p>\n","protected":false},"excerpt":{"rendered":"<p>&nbsp;&nbsp;&nbsp;&nbsp;&nbsp;&nbsp; &nbsp;&nbsp;Por Real Decreto de 17 de Agosto de 1925 se crearon las Escuelas Sociales y se promulgaron por Real Orden de 12 de Agosto de 1926, &nbsp;los estudios de Graduado Social con nivel superior. &nbsp;En esta larga historia, por Decreto de 21 de Julio de 1933, las Escuelas Sociales pasan a depender del Ministerio [&hellip;]<\/p>\n","protected":false},"author":1,"featured_media":0,"comment_status":"open","ping_status":"open","sticky":false,"template":"","format":"standard","meta":{"footnotes":""},"categories":[1],"tags":[],"class_list":["post-4806","post","type-post","status-publish","format-standard","hentry","category-sin-categoria"],"_links":{"self":[{"href":"https:\/\/elblogdejoseblasfernandez.com\/index.php?rest_route=\/wp\/v2\/posts\/4806","targetHints":{"allow":["GET"]}}],"collection":[{"href":"https:\/\/elblogdejoseblasfernandez.com\/index.php?rest_route=\/wp\/v2\/posts"}],"about":[{"href":"https:\/\/elblogdejoseblasfernandez.com\/index.php?rest_route=\/wp\/v2\/types\/post"}],"author":[{"embeddable":true,"href":"https:\/\/elblogdejoseblasfernandez.com\/index.php?rest_route=\/wp\/v2\/users\/1"}],"replies":[{"embeddable":true,"href":"https:\/\/elblogdejoseblasfernandez.com\/index.php?rest_route=%2Fwp%2Fv2%2Fcomments&post=4806"}],"version-history":[{"count":1,"href":"https:\/\/elblogdejoseblasfernandez.com\/index.php?rest_route=\/wp\/v2\/posts\/4806\/revisions"}],"predecessor-version":[{"id":4807,"href":"https:\/\/elblogdejoseblasfernandez.com\/index.php?rest_route=\/wp\/v2\/posts\/4806\/revisions\/4807"}],"wp:attachment":[{"href":"https:\/\/elblogdejoseblasfernandez.com\/index.php?rest_route=%2Fwp%2Fv2%2Fmedia&parent=4806"}],"wp:term":[{"taxonomy":"category","embeddable":true,"href":"https:\/\/elblogdejoseblasfernandez.com\/index.php?rest_route=%2Fwp%2Fv2%2Fcategories&post=4806"},{"taxonomy":"post_tag","embeddable":true,"href":"https:\/\/elblogdejoseblasfernandez.com\/index.php?rest_route=%2Fwp%2Fv2%2Ftags&post=4806"}],"curies":[{"name":"wp","href":"https:\/\/api.w.org\/{rel}","templated":true}]}}