{"id":4813,"date":"2025-12-31T10:54:09","date_gmt":"2025-12-31T09:54:09","guid":{"rendered":"https:\/\/elblogdejoseblasfernandez.com\/?p=4813"},"modified":"2025-12-31T10:54:09","modified_gmt":"2025-12-31T09:54:09","slug":"el-tribunal-supremo-de-cadiz","status":"publish","type":"post","link":"https:\/\/elblogdejoseblasfernandez.com\/?p=4813","title":{"rendered":"EL TRIBUNAL SUPREMO DE C\u00c1DIZ"},"content":{"rendered":"\n<p>&nbsp;&nbsp;&nbsp;&nbsp;&nbsp;&nbsp; &nbsp;&nbsp;La ciudad de C\u00e1diz tiene una inimitable historia que pocas ciudades del mundo pueden alcanzarle en ese curriculum que posee, pues si bien se la conoce como la ciudad m\u00e1s antigua de occidente, no cabe duda que por otras muchas razones, tanto geogr\u00e1ficas, como pol\u00edticas es un referente a conservar por los fil\u00f3sofos e historiadores. Sin embargo, dentro de esa&nbsp; historia mencionada podemos recordar que Las Cortes de C\u00e1diz, &nbsp;promulgadas el 19 de marzo de 1812, donde el Rey Fernando VII era el titular de aquella Monarqu\u00eda espa\u00f1ola, estableci\u00f3&nbsp; en su art\u00edculo 259 que&nbsp; \u201c<em>Habr\u00eda en La Corte un Tribunal, que se llamar\u00e1 Supremo Tribunal de Justicia\u201d. <\/em>Tanto fue as\u00ed que en el Palacio de Reca\u00f1o de la capital gaditana se ubic\u00f3 ese Alto Tribunal para que&nbsp; promulgada y jurada la Constituci\u00f3n del 19 de marzo de 1812, el 17 de abril siguiente, por Decreto qued\u00f3 instaurado el Tribunal Supremo, &nbsp;aunque la guerra de la Independencia y el asedio de la ciudad de C\u00e1diz impidieron la eficacia&nbsp; de la nueva estructuraci\u00f3n constitucional de la Justicia. Es m\u00e1s, con el repliegue del invasor, dicen los documentos de la \u00e9poca, que se trasladaron a Madrid Las Cortes de C\u00e1diz, ya con car\u00e1cter de ordinarias, reuni\u00e9ndose el 15 de enero de 1814, en el Teatro llamado \u201cDe los Ca\u00f1os del Peral\u201d&nbsp; y siguiendo su laboral reformadora aprobaron el reglamento del Supremo Tribunal de Justicia, por Decreto de 13 de marzo de 1814, que no tuvo vigencia alguna por la inestabilidad de la situaci\u00f3n pol\u00edtica y porque&nbsp; el Rey Fernando VII \u201cEl Deseado\u201d, al regresar del exilio, derog\u00f3 la Constituci\u00f3n y&nbsp; todos los decretos de las Cortes. Es decir, que poco le dur\u00f3 a dicho rey la lealtad a aquellas Cortes de C\u00e1diz, porque poco hizo por todo y lo recordaremos como&nbsp; un rey mediocre y&nbsp; camale\u00f3nico.<\/p>\n\n\n\n<p>&nbsp;&nbsp;&nbsp;&nbsp;&nbsp;&nbsp;&nbsp;&nbsp; En esta breve historia no se puede olvidar que el hoy Tribunal Supremo emana, en ese r\u00e1pido repaso, de las Cortes de C\u00e1diz y que estuvo formado por Magistrados de&nbsp; todo orden y era extensivo a las colonias espa\u00f1olas, por lo que Hispanoam\u00e9rica tambi\u00e9n pertenec\u00eda judicialmente a la obediencia&nbsp; y administraci\u00f3n de justicia de todos los Tribunales de la pen\u00ednsula e islas adyacentes, como la propia Constituci\u00f3n de entonces as\u00ed lo se\u00f1al\u00f3.<\/p>\n\n\n\n<p>\u00a0\u00a0\u00a0\u00a0\u00a0\u00a0\u00a0\u00a0 Hoy, tras \u00a0m\u00e1s de \u00a0213 a\u00f1os de aqu\u00e9l acierto jur\u00eddico, C\u00e1diz tiene derecho a tener un lugar dedicado al Tribunal Supremo donde se \u00a0lleven a cabo \u00a0conferencias, estudios de jurisprudencias, charlas, congresos, etc., del mundo de la Justicia en su conjunto, donde profesionales del Derecho, operadores jur\u00eddicos, catedr\u00e1ticos, Ministerio Fiscal y la Judicatura en su conjunto, puedan tener un lugar de encuentro que refleje y contenga\u00a0 el recuerdo de aqu\u00e9l Alto Tribunal que tanto se a\u00f1ora y que\u00a0 en el Bicentenario de Las Cortes de C\u00e1diz ya se pens\u00f3 en este lugar (Palacio de Reca\u00f1o) donde se cre\u00f3 aquel Alto Tribunal y\u00a0 precisamente, siendo la Alcaldesa de la ciudad Te\u00f3fila Mart\u00ednez y accediendo a la idea que hoy se mantiene del colectivo de Graduados Sociales, \u00a0accedi\u00f3 a que en los bajos del Palacio se instalara un lugar que recordara este hist\u00f3rico legado, pero al cambiar la alcald\u00eda por un alcalde populista y desgraciadamente\u00a0 para la ciudad de C\u00e1diz lleno de inutilidad, decidi\u00f3 instalar en aqu\u00e9l Palacio el Museo de El Carnaval que luego llam\u00f3 \u201cCasa de El Carnaval\u201d, edificio\u00a0 sin contenido para esta faceta, pero que puso de manifiesto su ignorancia y que a\u00fan sigue cerrado.<strong>\u00a0\u00a0\u00a0\u00a0\u00a0\u00a0\u00a0\u00a0\u00a0\u00a0\u00a0<\/strong><\/p>\n\n\n\n<p>        Los Graduados Sociales queremos que en la nueva ubicaci\u00f3n de la futura Ciudad de la Justicia se cree\u00a0 un espacio para esta efem\u00e9rides\u00a0 con contenido jur\u00eddico de todo orden y para ello, se le ha pedido a la Junta de Andaluc\u00eda, propietaria del inmueble, \u00a0\u00a0que en ese lugar a construir se ubique el \u201cTribunal Supremo de C\u00e1diz\u201d, extremo que\u00a0 con acierto est\u00e1 recibiendo valoraciones positivas por todo el mundo jur\u00eddico, ya que no solamente ser\u00e1 un encuentro de juristas, sino de beneficios importantes para el turismo, la hosteler\u00eda y la ciudad en general, algo que si este legado lo tuviese cualquier otra \u00a0ciudad espa\u00f1ola ya estar\u00eda en marcha desde hace a\u00f1os, pero C\u00e1diz para algunos s\u00f3lo es Carnaval, Semana Santa y playas y as\u00ed la ciudad ni prospera, ni se expande, ni tiene posibilidades de aumentar la poblaci\u00f3n, pues se est\u00e1 quedando\u00a0 en una ciudad de mayores, la cual est\u00e1 vegetando por d\u00eda y desgraciadamente su futro no se vislumbra en el horizonte.<\/p>\n","protected":false},"excerpt":{"rendered":"<p>&nbsp;&nbsp;&nbsp;&nbsp;&nbsp;&nbsp; &nbsp;&nbsp;La ciudad de C\u00e1diz tiene una inimitable historia que pocas ciudades del mundo pueden alcanzarle en ese curriculum que posee, pues si bien se la conoce como la ciudad m\u00e1s antigua de occidente, no cabe duda que por otras muchas razones, tanto geogr\u00e1ficas, como pol\u00edticas es un referente a conservar por los fil\u00f3sofos e [&hellip;]<\/p>\n","protected":false},"author":1,"featured_media":0,"comment_status":"open","ping_status":"open","sticky":false,"template":"","format":"standard","meta":{"footnotes":""},"categories":[1],"tags":[],"class_list":["post-4813","post","type-post","status-publish","format-standard","hentry","category-sin-categoria"],"_links":{"self":[{"href":"https:\/\/elblogdejoseblasfernandez.com\/index.php?rest_route=\/wp\/v2\/posts\/4813","targetHints":{"allow":["GET"]}}],"collection":[{"href":"https:\/\/elblogdejoseblasfernandez.com\/index.php?rest_route=\/wp\/v2\/posts"}],"about":[{"href":"https:\/\/elblogdejoseblasfernandez.com\/index.php?rest_route=\/wp\/v2\/types\/post"}],"author":[{"embeddable":true,"href":"https:\/\/elblogdejoseblasfernandez.com\/index.php?rest_route=\/wp\/v2\/users\/1"}],"replies":[{"embeddable":true,"href":"https:\/\/elblogdejoseblasfernandez.com\/index.php?rest_route=%2Fwp%2Fv2%2Fcomments&post=4813"}],"version-history":[{"count":1,"href":"https:\/\/elblogdejoseblasfernandez.com\/index.php?rest_route=\/wp\/v2\/posts\/4813\/revisions"}],"predecessor-version":[{"id":4814,"href":"https:\/\/elblogdejoseblasfernandez.com\/index.php?rest_route=\/wp\/v2\/posts\/4813\/revisions\/4814"}],"wp:attachment":[{"href":"https:\/\/elblogdejoseblasfernandez.com\/index.php?rest_route=%2Fwp%2Fv2%2Fmedia&parent=4813"}],"wp:term":[{"taxonomy":"category","embeddable":true,"href":"https:\/\/elblogdejoseblasfernandez.com\/index.php?rest_route=%2Fwp%2Fv2%2Fcategories&post=4813"},{"taxonomy":"post_tag","embeddable":true,"href":"https:\/\/elblogdejoseblasfernandez.com\/index.php?rest_route=%2Fwp%2Fv2%2Ftags&post=4813"}],"curies":[{"name":"wp","href":"https:\/\/api.w.org\/{rel}","templated":true}]}}