{"id":4859,"date":"2026-03-01T12:39:05","date_gmt":"2026-03-01T11:39:05","guid":{"rendered":"https:\/\/elblogdejoseblasfernandez.com\/?p=4859"},"modified":"2026-03-01T12:39:05","modified_gmt":"2026-03-01T11:39:05","slug":"la-yoli-se-va-a-los-puertos","status":"publish","type":"post","link":"https:\/\/elblogdejoseblasfernandez.com\/?p=4859","title":{"rendered":"LA YOLI SE VA A\u00a0 LOS PUERTOS."},"content":{"rendered":"\n<p>&nbsp;&nbsp;&nbsp;&nbsp;&nbsp;&nbsp; &nbsp;&nbsp;La Ministra de Trabajo, que accedi\u00f3 al Gobierno de la Naci\u00f3n sustituyendo a Pablo Iglesias, &nbsp;nos anuncia que va a dar un paso al lado, tras ver cuestionado&nbsp; su liderazgo y capacidad de consenso. Es decir, se marcha de la pol\u00edtica activa con&nbsp; una trayectoria muy turbia por el bajo conocimiento que tiene de todo y de ser o creerse un gran activo pol\u00edtico, pasa a estar en la salida, porque es el mejor camino que le queda. Ha dicho que no ser\u00e1 candidata a las pr\u00f3ximas elecciones del 2027, algo que ella misma es consciente de que&nbsp; ni sirve para nada su candidatura&nbsp; ni su apoyo a la izquierda tiene fruto, sin embargo va&nbsp; a seguir trabajando en el Gobierno porque quiere cumplir el mandato de las urnas&nbsp; y l\u00f3gicamente no va a renunciar a lo m\u00e1s importante de hoy que es su buen sueldo de Vicepresidenta del Gobierno-Ministra de Trabajo (104.631,16 euros anuales), con escolta, asesores, secretarias y coladeras, gastos pagados, viajes a donde le parezca y un buen piso encima del Ministerio de Trabajo -por cierto piso que construy\u00f3 el R\u00e9gimen Franquista&nbsp; para sus Ministros- con m\u00e1s de 400 m2, con luz, calefacci\u00f3n, tel\u00e9fono, gas&nbsp; y agua gratis. Esta Ministra, que ha ignorado a la patronal permanentemente&nbsp; y que ha sido l\u00edder de la coalici\u00f3n SUMAR en 2023, ha visto las orejas al lobo y est\u00e1 convencida que lo mejor es una huida hacia adelante, por no decir \u201cme quito de en medio tras la que se avecina\u201d.<\/p>\n\n\n\n<p>&nbsp;&nbsp;&nbsp;&nbsp;&nbsp;&nbsp;&nbsp;&nbsp; Yolanda que ha sido&nbsp; en muchas ocasiones por su verborrea la risa de los partidos del Congreso y de todo aqu\u00e9l que la o\u00eda, a lo \u00fanico que se ha dedicado es a ponerse junto a los sindicatos, subir salarios a costa de los empresarios y creerse que ha hecho una gran reforma laboral; reforma que los que conocemos el pa\u00f1o, con la contrataci\u00f3n indefinida&nbsp; y la subida del SMI un 66%, as\u00ed como reconocer &nbsp;como dice ella los derechos de las trabajadoras del hogar, no ha sido m\u00e1s que una pantomima sin resultados, pero que&nbsp; ha conseguido algo importante, que el empleo indefinido se convierta a tiempo parcial, que la subida del SMI que pagan las empresas produzca desempleo y m\u00e1s a\u00fan, entre las f\u00e9minas y que las trabajadoras del hogar est\u00e9n como nunca en la econom\u00eda sumergida, sin olvidar&nbsp; la cantidad de aut\u00f3nomos que ha hecho desaparecer, as\u00ed como enga\u00f1arnos y seguir mintiendo sobre&nbsp; el tan cacareado asunto de los fijos discontinuos, que ni ella misma conoce los n\u00fameros reales de los parados existentes&nbsp; por este motivo, sin olvidar que con la subida del SMI, muchos embargos de salarios por deudas quedan sin practicarse.<\/p>\n\n\n\n<p>&nbsp;&nbsp;&nbsp;&nbsp;&nbsp;&nbsp;&nbsp;&nbsp; Desde luego, su carrera &nbsp;profesional &nbsp;como abogada laboralista, de la cual&nbsp; no ha dejado ninguna estela importante y ahora su carrera pol\u00edtica &nbsp;que&nbsp; ha sido de las &nbsp;m\u00e1s nefastas,&nbsp; debemos &nbsp;recordar como gran varapalo &nbsp;cuando el Congreso le tumb\u00f3 la reducci\u00f3n de la jornada laboral que vend\u00eda a boca llena &nbsp;con &nbsp;los votos del PP, VOX y JUNTS, &nbsp;porque&nbsp; se ha dedicado a vender humo y a usar el altavoz pol\u00edtico para hacer promesas y colocarse en contra del mercado laboral. Ya proviene&nbsp; de su tiempo en Galicia donde pas\u00f3 por varias coaliciones y sali\u00f3 con el rabo entre las piernas y el propio Gobierno y, concretamente, el PSOE la espera con los brazos abiertos porque su pr\u00f3ximo partido ser\u00e1 el que lidera S\u00e1nchez, es decir, primero en Galicia y ahora en Madrid, \u201ctermina como la comedia de Ubrique\u201d, porque&nbsp; la izquierda ya no la quiere y seguro estoy que su carrera de partido en partido&nbsp; va a terminar agarrada a un cargo que le d\u00e9 un buen sueldo&nbsp; y seguramente&nbsp; no se meta m\u00e1s en refundar a la izquierda porque por mucho que venda y compre nadie le har\u00e1 caso.<\/p>\n\n\n\n<p>&nbsp;&nbsp;&nbsp;&nbsp;&nbsp;&nbsp;&nbsp;&nbsp; Hoy, la pol\u00edtica est\u00e1 descompuesta. No hay uni\u00f3n para elegir candidatos, pero tener&nbsp; en un partido a una mujer de esta catadura, llena de inutilidad y hablar de todo sin saber de nada va a abrir un espacio aun&nbsp; mayor porque&nbsp; ni el tiempo ni el propio PSOE ser\u00e1 quien la acoja, pues &nbsp;la tarjeta de visita que deja al frente del Ministerio de Trabajo es de un calibre tan superfluo&nbsp; que si ella se cree haber sido la Ministra m\u00e1s progresista de la historia, habr\u00e1 que recordarle&nbsp; y el tiempo lo dir\u00e1 que es donde el mundo del trabajo se ha sentido m\u00e1s descapitalizado y sin proyectos&nbsp; que en los a\u00f1os de Yolanda D\u00edaz. Es curioso&nbsp; que abandona&nbsp; donde no cobra, pues si se considera que no es capaz de liderar nada en el 2027, lo normal, serio y digno es que se marche de todo, que le deje su lugar a otra persona, aunque sea por pocos meses, pero seguir ella de Ministra \u201cinventando\u201d proyectos y destruyendo el empleo de las mujeres y j\u00f3venes es algo que demuestra su incapacidad para gobernar, pero claro, la \u201cpela es la pela\u201d.<\/p>\n\n\n\n<p>&nbsp;&nbsp;&nbsp;&nbsp;&nbsp;&nbsp;&nbsp;&nbsp; En resumen y dentro de muy poco,&nbsp; la veremos en las listas del PSOE exigiendo un cargo y queriendo&nbsp; tener un vitalicio&nbsp; para seguir sin dar un golpe al agua.<\/p>\n","protected":false},"excerpt":{"rendered":"<p>&nbsp;&nbsp;&nbsp;&nbsp;&nbsp;&nbsp; &nbsp;&nbsp;La Ministra de Trabajo, que accedi\u00f3 al Gobierno de la Naci\u00f3n sustituyendo a Pablo Iglesias, &nbsp;nos anuncia que va a dar un paso al lado, tras ver cuestionado&nbsp; su liderazgo y capacidad de consenso. Es decir, se marcha de la pol\u00edtica activa con&nbsp; una trayectoria muy turbia por el bajo conocimiento que tiene de [&hellip;]<\/p>\n","protected":false},"author":1,"featured_media":0,"comment_status":"open","ping_status":"open","sticky":false,"template":"","format":"standard","meta":{"footnotes":""},"categories":[1],"tags":[],"class_list":["post-4859","post","type-post","status-publish","format-standard","hentry","category-sin-categoria"],"_links":{"self":[{"href":"https:\/\/elblogdejoseblasfernandez.com\/index.php?rest_route=\/wp\/v2\/posts\/4859","targetHints":{"allow":["GET"]}}],"collection":[{"href":"https:\/\/elblogdejoseblasfernandez.com\/index.php?rest_route=\/wp\/v2\/posts"}],"about":[{"href":"https:\/\/elblogdejoseblasfernandez.com\/index.php?rest_route=\/wp\/v2\/types\/post"}],"author":[{"embeddable":true,"href":"https:\/\/elblogdejoseblasfernandez.com\/index.php?rest_route=\/wp\/v2\/users\/1"}],"replies":[{"embeddable":true,"href":"https:\/\/elblogdejoseblasfernandez.com\/index.php?rest_route=%2Fwp%2Fv2%2Fcomments&post=4859"}],"version-history":[{"count":1,"href":"https:\/\/elblogdejoseblasfernandez.com\/index.php?rest_route=\/wp\/v2\/posts\/4859\/revisions"}],"predecessor-version":[{"id":4860,"href":"https:\/\/elblogdejoseblasfernandez.com\/index.php?rest_route=\/wp\/v2\/posts\/4859\/revisions\/4860"}],"wp:attachment":[{"href":"https:\/\/elblogdejoseblasfernandez.com\/index.php?rest_route=%2Fwp%2Fv2%2Fmedia&parent=4859"}],"wp:term":[{"taxonomy":"category","embeddable":true,"href":"https:\/\/elblogdejoseblasfernandez.com\/index.php?rest_route=%2Fwp%2Fv2%2Fcategories&post=4859"},{"taxonomy":"post_tag","embeddable":true,"href":"https:\/\/elblogdejoseblasfernandez.com\/index.php?rest_route=%2Fwp%2Fv2%2Ftags&post=4859"}],"curies":[{"name":"wp","href":"https:\/\/api.w.org\/{rel}","templated":true}]}}