{"id":4866,"date":"2026-03-08T16:04:51","date_gmt":"2026-03-08T15:04:51","guid":{"rendered":"https:\/\/elblogdejoseblasfernandez.com\/?p=4866"},"modified":"2026-03-08T16:04:51","modified_gmt":"2026-03-08T15:04:51","slug":"el-8m-sigue-siendo-un-brindis-al-sol","status":"publish","type":"post","link":"https:\/\/elblogdejoseblasfernandez.com\/?p=4866","title":{"rendered":"EL 8M SIGUE SIENDO UN BRINDIS AL SOL"},"content":{"rendered":"\n<p>&nbsp;&nbsp;&nbsp;&nbsp;&nbsp;&nbsp; &nbsp;&nbsp;El 8 de Marzo se celebra el D\u00eda Internacional de la Mujer, fecha&nbsp; que ha sido proclamada por las Naciones Unidas para que&nbsp; las mujeres reivindiquen sus derechos y conmemoren su lucha por la igualdad y no olvidando esa uni\u00f3n que deben tener, &nbsp;donde no importe&nbsp; ni su procedencia, su raza, su profesi\u00f3n, &nbsp;ni su nivel de ingresos. Es decir, que se ha&nbsp; descafeinado&nbsp; tanto ese d\u00eda que hoy parece como si fuera un premio por ser mujer y, sin embargo, las ideas principales del feminismo&nbsp; est\u00e1n ah\u00ed para que&nbsp; se reivindiquen, se utilicen, se hagan manifestaciones, pero&nbsp; hoy la sociedad civil no est\u00e1&nbsp; consistentemente construida para que esta reivindicaci\u00f3n sea no de un solo d\u00eda, sino de todos los d\u00edas del a\u00f1o, porque los derechos de la mujer afortunadamente, cada vez son mayores, pero lo que no se puede es creer que con esta celebraci\u00f3n la mujer en su totalidad y en su conjunto,&nbsp; s\u00f3lo una vez al a\u00f1o tenga derechos.<\/p>\n\n\n\n<p>&nbsp;&nbsp;&nbsp;&nbsp;&nbsp;&nbsp;&nbsp;&nbsp; Efectivamente, se han ido creando perfiles&nbsp; como el de las listas &nbsp;o candidatos de &nbsp;los partidos pol\u00edticos, de Consejos de Administraci\u00f3n, de Juntas de Gobierno, de Fundaciones y un largo etc\u00e9tera &nbsp;donde las mujeres tienen &nbsp;una cuota, algo&nbsp; que&nbsp; no entiendo si esa &nbsp;mujer o &nbsp;mujeres valen y son tan eficientes &nbsp;o m\u00e1s que los &nbsp;hombres, por tanto no &nbsp;deben entrar en un cupo, porque si esas listas est\u00e1n llenas de mujeres es porque no est\u00e1n limitadas por la cuota&nbsp; y sus actuaciones son m\u00e1s v\u00e1lidas que la de los hombres, por lo tanto, &nbsp;la cuota hoy no tiene sentido ni debe prevalecer, y no lo sigo yo, sino millones de mujeres que no est\u00e1n conformes con tal medida, porque&nbsp; se asimila la figura de la mujer a un objeto o parcela llamada cuota.<\/p>\n\n\n\n<p>&nbsp;&nbsp;&nbsp;&nbsp;&nbsp;&nbsp;&nbsp;&nbsp; Despu\u00e9s, este d\u00eda que es muy&nbsp; importante y que tiene hasta s\u00edmbolos en ese movimiento feminista no va de acuerdo con la realidad, porque la mujer ha entrado en una espiral igual que el hombre y afortunadamente &nbsp;ya somos conocedores de ese D\u00eda Internacional por mucho que nos lo quieran recordar, pero lo peor es c\u00f3mo se utiliza ese D\u00eda Internacional de la Mujer, porque muchos hombres miran para otro lado&nbsp; y siguen creyendo que con estos actos que se extienden por casi todo el mundo ya est\u00e1n justificados los derechos de las mujeres y no. Cuando hablamos de mujeres&nbsp; tenemos&nbsp; no quedar s\u00f3lo en una declaraci\u00f3n institucional, hay que reafirmar el compromiso con la igualdad de g\u00e9nero, pero no es una celebraci\u00f3n de felicitaci\u00f3n, sino que se trata de una reivindicaci\u00f3n y una lucha por la igualdad real.<\/p>\n\n\n\n<p>&nbsp;&nbsp;&nbsp;&nbsp;&nbsp;&nbsp;&nbsp;&nbsp; Estamos acudiendo a centenares de mesas redondas, &nbsp;conferencias, tribunas, encuentros &nbsp;y art\u00edculos sobre el D\u00eda del 8M y quiero&nbsp; apostar por muchas mujeres que se encuentran olvidadas &nbsp;y siguen en la l\u00ednea del segundo plano. De hecho, existen pa\u00edses que&nbsp; precisamente ahora&nbsp; est\u00e1n&nbsp; en todas las noticias y telediarios donde la mujer es un cero a la izquierda y no digamos en el tercer mundo, &nbsp;donde s\u00f3lo est\u00e1n para la procreaci\u00f3n y sin visos de avanzar en nada, por lo que es ah\u00ed donde el mundo debe reivindicar a estas mujeres lesionadas en todos sus derechos y hacerlas igual o de mayor calado ante el machismo. Sin embargo, en el primer mundo y en este caso, en&nbsp; Espa\u00f1a, nos olvidamos de esas mujeres aut\u00f3nomas&nbsp; que ejercen una profesi\u00f3n liberal&nbsp; y que son a&nbsp; la vez madres, hijas y esposas, llevando todo para delante y aparentando una igualdad que no tienen, porque una profesi\u00f3n liberal o&nbsp; una&nbsp; mujer aut\u00f3noma no tiene horario alguno, su relaci\u00f3n laboral es la que ella se imponga, la desconexi\u00f3n digital para ellas no existe&nbsp; y tampoco pueden apagar el m\u00f3vil cuando salen de un trabajo porque ese trabajo o autoempleo no tiene fecha&nbsp; ni guarda horario alguno, por lo que cualquier mujer con la categor\u00eda de funcionaria o trabajadora por cuenta ajena, puede apagar su m\u00f3vil a la salida del trabajo, no tiene por qu\u00e9 coger el tel\u00e9fono ni atender ninguna instrucci\u00f3n, pero la mujer aut\u00f3noma tiene que coger todas las comunicaciones&nbsp; que la administraci\u00f3n le env\u00ede sea&nbsp; la hora que sea, tiene que buscar clientes y servirlos&nbsp; con la \u00e9tica y&nbsp; dedicaci\u00f3n&nbsp; que exigen, &nbsp;porque de lo contrario se quedan sin clientes, no pueden programar vacaciones ni fechas para acudir a las tutor\u00edas de sus hijos, por ejemplo, &nbsp;cosa que las otras s\u00ed lo hacen. Es decir, la propia administraci\u00f3n a sabiendas de esto acosa&nbsp; a las &nbsp;profesionales con sus comunicados y sus advertencias, &nbsp;&nbsp;mientras que si es empresaria tiene &nbsp;que dar sus derechos a sus trabajadores, pero para ellas no existen ninguno. Por tanto, bonito d\u00eda el 8M, pero qu\u00e9 d\u00eda m\u00e1s incompleto cuando en esa misma fecha tienen que trabajar&nbsp; sin horario ni fecha de calendario las madres de familia, las mujeres aut\u00f3nomas, las profesionales liberales y todo lo que dependa de sus propios ingresos, pero eso se cuenta, lo sabemos y, por tanto, ellas siguen sin ser &nbsp;iguales.<\/p>\n","protected":false},"excerpt":{"rendered":"<p>&nbsp;&nbsp;&nbsp;&nbsp;&nbsp;&nbsp; &nbsp;&nbsp;El 8 de Marzo se celebra el D\u00eda Internacional de la Mujer, fecha&nbsp; que ha sido proclamada por las Naciones Unidas para que&nbsp; las mujeres reivindiquen sus derechos y conmemoren su lucha por la igualdad y no olvidando esa uni\u00f3n que deben tener, &nbsp;donde no importe&nbsp; ni su procedencia, su raza, su profesi\u00f3n, &nbsp;ni [&hellip;]<\/p>\n","protected":false},"author":1,"featured_media":0,"comment_status":"open","ping_status":"open","sticky":false,"template":"","format":"standard","meta":{"footnotes":""},"categories":[1],"tags":[],"class_list":["post-4866","post","type-post","status-publish","format-standard","hentry","category-sin-categoria"],"_links":{"self":[{"href":"https:\/\/elblogdejoseblasfernandez.com\/index.php?rest_route=\/wp\/v2\/posts\/4866","targetHints":{"allow":["GET"]}}],"collection":[{"href":"https:\/\/elblogdejoseblasfernandez.com\/index.php?rest_route=\/wp\/v2\/posts"}],"about":[{"href":"https:\/\/elblogdejoseblasfernandez.com\/index.php?rest_route=\/wp\/v2\/types\/post"}],"author":[{"embeddable":true,"href":"https:\/\/elblogdejoseblasfernandez.com\/index.php?rest_route=\/wp\/v2\/users\/1"}],"replies":[{"embeddable":true,"href":"https:\/\/elblogdejoseblasfernandez.com\/index.php?rest_route=%2Fwp%2Fv2%2Fcomments&post=4866"}],"version-history":[{"count":1,"href":"https:\/\/elblogdejoseblasfernandez.com\/index.php?rest_route=\/wp\/v2\/posts\/4866\/revisions"}],"predecessor-version":[{"id":4867,"href":"https:\/\/elblogdejoseblasfernandez.com\/index.php?rest_route=\/wp\/v2\/posts\/4866\/revisions\/4867"}],"wp:attachment":[{"href":"https:\/\/elblogdejoseblasfernandez.com\/index.php?rest_route=%2Fwp%2Fv2%2Fmedia&parent=4866"}],"wp:term":[{"taxonomy":"category","embeddable":true,"href":"https:\/\/elblogdejoseblasfernandez.com\/index.php?rest_route=%2Fwp%2Fv2%2Fcategories&post=4866"},{"taxonomy":"post_tag","embeddable":true,"href":"https:\/\/elblogdejoseblasfernandez.com\/index.php?rest_route=%2Fwp%2Fv2%2Ftags&post=4866"}],"curies":[{"name":"wp","href":"https:\/\/api.w.org\/{rel}","templated":true}]}}