{"id":4868,"date":"2026-03-15T20:01:52","date_gmt":"2026-03-15T19:01:52","guid":{"rendered":"https:\/\/elblogdejoseblasfernandez.com\/?p=4868"},"modified":"2026-03-15T20:01:52","modified_gmt":"2026-03-15T19:01:52","slug":"la-clase-media-hoy-se-ahoga-en-espana","status":"publish","type":"post","link":"https:\/\/elblogdejoseblasfernandez.com\/?p=4868","title":{"rendered":"LA CLASE MEDIA, HOY, SE AHOGA EN ESPA\u00d1A."},"content":{"rendered":"\n<p>&nbsp;&nbsp;&nbsp;&nbsp;&nbsp;&nbsp; &nbsp;&nbsp;Denominar a la clase media era como estar orgulloso de quien hab\u00eda prosperado con sacrificio y aqu\u00e9l que siendo ahorrador&nbsp; y mirando por sus intereses y su trabajo prosperaba poco a poco y, de alguna forma, se clasificaba en la sociedad civil espa\u00f1ola como quien pertenec\u00eda&nbsp; con honor a una denominada clase media. En definitiva,&nbsp; se trataba de quienes sus ingresos&nbsp; se encontraban entre el 75% y el 200% de la media de la renta nacional y&nbsp; su clase social trataba de superarse a diario para que su entorno familiar&nbsp; fueran personas de orden y de constancia en el futuro y as\u00ed pod\u00edan con dificultades, pero con sacrificios codearse a diario con lo que se denominaba clase alta.<\/p>\n\n\n\n<p>&nbsp;&nbsp;&nbsp;&nbsp;&nbsp;&nbsp;&nbsp;&nbsp; Los espa\u00f1oles, a partir de los a\u00f1os 60, fueron verdaderos ahorradores&nbsp; y eficientes trabajadores para que &nbsp;incluso en los a\u00f1os de emigraci\u00f3n de la mano de obra, elevaran la vida econ\u00f3mica de sus familias para que con dificultades&nbsp; y&nbsp; grandes esfuerzos pudieran tener&nbsp; un veh\u00edculo utilitario, unas vacaciones decentes e intentaban en su gran mayor\u00eda que los hijos de la clase media tuviesen un t\u00edtulo universitario o un trabajo por vocaci\u00f3n que en muchos casos eran &nbsp;aut\u00f3nomos, &nbsp;que en las distintas&nbsp; parcelas del comercio y de la industria fueran gente seria que incluso firmando muchos efectos bancarios de la \u00e9poca&nbsp; y ejercitando muchas horas extraordinarias sacaron adelante a una Espa\u00f1a dif\u00edcil y comprometida, pero llena de ilusiones.<\/p>\n\n\n\n<p>&nbsp;&nbsp;&nbsp;&nbsp;&nbsp;&nbsp;&nbsp;&nbsp; En estos momentos tenemos a la vista una posible repetici\u00f3n de la crisis del petr\u00f3leo de 1973, es decir, fue una de las mayores crisis existentes&nbsp; en el siglo pasado&nbsp; que por culpa del \u201coro negro\u201d&nbsp; nos ralentizaron&nbsp; en muchos casos el poder seguir adelante, &nbsp;pues quienes utilizaban el petr\u00f3leo como arma&nbsp; ruin para hundir a pa\u00edses&nbsp; en prosperidad, consiguieron un aumento terrible del desempleo, quiebra de empresas y hundimiento de familias si bien, la clase media supo aguantar y sostener con los impuestos de su trabajo un pa\u00eds que no&nbsp; consiguieron derrumbar. Hoy,&nbsp; por una mala administraci\u00f3n y gesti\u00f3n tanto econ\u00f3mica como laboral, ha empezado a disminuir el poder adquisitivo de los salarios, &nbsp;porque estos no crecen lo suficiente por la falta de &nbsp;productividad, pero mientras los impuestos no paran de subir, incluyendo la inflaci\u00f3n que es el denominado impuesto de los pobres, la situaci\u00f3n econ\u00f3mica no se vislumbra nada clara, porque el \u00edndice general del precio de los alimentos ha crecido en estos \u00faltimos 5 a\u00f1os un 38% y la presi\u00f3n fiscal ya lleva arrastrado en el 2025 un r\u00e9cord de 37,9% del PIB, es decir, tres puntos m\u00e1s que cuando el actual gobierno lleg\u00f3 en 2018 y no digamos&nbsp; del IRPF que ha subido desmesuradamente para todas las rentas y que est\u00e1 &nbsp;en esos momentos en un 14,4% de media.<\/p>\n\n\n\n<p>La clase media est\u00e1 desapareciendo por minutos, &nbsp;porque&nbsp; si miramos el precio de la vivienda&nbsp; ha subido un 69% y los de segunda mano, un 45% y claro, los precios del alquiler se sit\u00faan en un 46% m\u00e1s que los salarios y el IPC, por lo que la riqueza media&nbsp; ha disminuido en todas las franjas de edad a los menores de 65 a\u00f1os y, en definitiva,&nbsp; cada vez hay menos hogares en propiedad para la ciudadan\u00eda.<\/p>\n\n\n\n<p>&nbsp;&nbsp;&nbsp;&nbsp;&nbsp;&nbsp;&nbsp;&nbsp; Espa\u00f1a es en estos momentos el pa\u00eds n\u00famero 4 con m\u00e1s personas en riesgo de pobreza, o como se llama ahora, exclusi\u00f3n social, porque mientras Europa se sit\u00faa en el 11%, Espa\u00f1a est\u00e1 pr\u00e1cticamente en el 16%, sin olvidar la nefasta reforma laboral &nbsp;que hace que Espa\u00f1a lidere el desempleo juvenil en Europa, llegando ya al 25%, lo que dificulta seriamente la edad de emancipaci\u00f3n&nbsp; y las rentas de la clase media se encuentran totalmente estancadas y sus trabajadores&nbsp; no llegan a duplicar&nbsp; el SMI.<\/p>\n\n\n\n<p>&nbsp;&nbsp;&nbsp;&nbsp;&nbsp;&nbsp;&nbsp;&nbsp; Toda esta situaci\u00f3n, &nbsp;&nbsp;donde los aut\u00f3nomos &nbsp;y profesionales est\u00e1n desapareciendo por miles cada quincena, lleva a que si las pymes son las creadoras de empleo, la bajada es espectacular para nuevas contrataciones y, por tanto, la juventud que hoy se encuentra adscrita en sus estudios a la Universidad, no quiere ejercer profesi\u00f3n alguna y s\u00f3lo busca oposiciones para vivir de la paga segura, paga que se lleva a cabo con nuestros impuestos&nbsp; y si no se llevan a cabo medidas urgentes&nbsp; para premiar el ahorro y en especial, la inversi\u00f3n productiva, la clase media se est\u00e1 muriendo.<\/p>\n\n\n\n<p>&nbsp;&nbsp;&nbsp;&nbsp;&nbsp;&nbsp;&nbsp;&nbsp; Con estos mimbres &nbsp;y una bajada del turismo&nbsp; como se puede esperar y sin conocer c\u00f3mo va a terminar el conflicto en el que EEUU&nbsp; est\u00e1 metiendo a la OTAN a\u00fan se pone m\u00e1s delicada la situaci\u00f3n, por lo que si supimos superar la pandemia del COVID, la pandemia que se avecina del \u201coro negro\u201d va a hundir&nbsp; a todo aqu\u00e9l que se mueva y los resultados ser\u00e1n&nbsp; irreversibles.<\/p>\n","protected":false},"excerpt":{"rendered":"<p>&nbsp;&nbsp;&nbsp;&nbsp;&nbsp;&nbsp; &nbsp;&nbsp;Denominar a la clase media era como estar orgulloso de quien hab\u00eda prosperado con sacrificio y aqu\u00e9l que siendo ahorrador&nbsp; y mirando por sus intereses y su trabajo prosperaba poco a poco y, de alguna forma, se clasificaba en la sociedad civil espa\u00f1ola como quien pertenec\u00eda&nbsp; con honor a una denominada clase media. En [&hellip;]<\/p>\n","protected":false},"author":1,"featured_media":0,"comment_status":"open","ping_status":"open","sticky":false,"template":"","format":"standard","meta":{"footnotes":""},"categories":[1],"tags":[],"class_list":["post-4868","post","type-post","status-publish","format-standard","hentry","category-sin-categoria"],"_links":{"self":[{"href":"https:\/\/elblogdejoseblasfernandez.com\/index.php?rest_route=\/wp\/v2\/posts\/4868","targetHints":{"allow":["GET"]}}],"collection":[{"href":"https:\/\/elblogdejoseblasfernandez.com\/index.php?rest_route=\/wp\/v2\/posts"}],"about":[{"href":"https:\/\/elblogdejoseblasfernandez.com\/index.php?rest_route=\/wp\/v2\/types\/post"}],"author":[{"embeddable":true,"href":"https:\/\/elblogdejoseblasfernandez.com\/index.php?rest_route=\/wp\/v2\/users\/1"}],"replies":[{"embeddable":true,"href":"https:\/\/elblogdejoseblasfernandez.com\/index.php?rest_route=%2Fwp%2Fv2%2Fcomments&post=4868"}],"version-history":[{"count":1,"href":"https:\/\/elblogdejoseblasfernandez.com\/index.php?rest_route=\/wp\/v2\/posts\/4868\/revisions"}],"predecessor-version":[{"id":4869,"href":"https:\/\/elblogdejoseblasfernandez.com\/index.php?rest_route=\/wp\/v2\/posts\/4868\/revisions\/4869"}],"wp:attachment":[{"href":"https:\/\/elblogdejoseblasfernandez.com\/index.php?rest_route=%2Fwp%2Fv2%2Fmedia&parent=4868"}],"wp:term":[{"taxonomy":"category","embeddable":true,"href":"https:\/\/elblogdejoseblasfernandez.com\/index.php?rest_route=%2Fwp%2Fv2%2Fcategories&post=4868"},{"taxonomy":"post_tag","embeddable":true,"href":"https:\/\/elblogdejoseblasfernandez.com\/index.php?rest_route=%2Fwp%2Fv2%2Ftags&post=4868"}],"curies":[{"name":"wp","href":"https:\/\/api.w.org\/{rel}","templated":true}]}}