{"id":49,"date":"2009-02-27T21:14:54","date_gmt":"2009-02-27T21:14:54","guid":{"rendered":""},"modified":"2012-11-21T04:39:09","modified_gmt":"2012-11-21T03:39:09","slug":"28-de-febrero-dia-de-andalucia","status":"publish","type":"post","link":"https:\/\/elblogdejoseblasfernandez.com\/?p=49","title":{"rendered":"28 de febrero: D\u00eda de Andaluc\u00eda"},"content":{"rendered":"<p style=\"text-align: justify;\">Preguntaba esta ma\u00f1ana a unos amigos andaluces si verdaderamente significaba para ellos mucho el \u201cD\u00eda de Andaluc\u00eda\u201d. Es m\u00e1s, les pregunt\u00e9 si lo celebrar\u00edan como era el mandato de nuestro Estatuto, o de lo contrario, era un d\u00eda de tantos de los que ten\u00edamos que vivir. Desgraciadamente las respuestas fueron curiosas, mientras que para la mayor\u00eda significaba no ir a trabajar, pero con la \u201cdesgracia\u201d de que ca\u00eda en s\u00e1bado y que \u201cpara ese viaje no les hac\u00eda falta alforjas\u201d, otros me preguntaban si por coincidir en s\u00e1bado la fiesta la trasladar\u00edan al lunes, pero que no era m\u00e1s que el \u00faltimo d\u00eda de \u201cfebrerillo el loco\u201d y lo \u00fanico bueno que ten\u00eda era que cobrar\u00edan tras un largo mes, donde para muchos el Carnaval les hab\u00eda tocado el bolsillo, pero que ni celebraban nada ni significaba m\u00e1s que un d\u00eda de tantos.<\/p>\n<p style=\"text-align: justify;\">Efectivamente. Este es el d\u00eda que muchos andaluces utilizar\u00e1n su jornada para hacer lo mismo de siempre y quienes creen en aqu\u00e9l 28 de febrero, donde nuestra Comunidad Aut\u00f3noma eligi\u00f3 ser libre, celebraremos con alg\u00fan recuerdo especial lo que eso significa. Creo que no hay conciencia clara de esta fiesta auton\u00f3mica y considero que pese a la madurez de muchos andaluces, el D\u00eda de Andaluc\u00eda no es m\u00e1s que eso: un d\u00eda festivo.<\/p>\n<p style=\"text-align: justify;\">Yo acudir\u00e9 a celebrarlo, pero no porque me lo imponga mi cargo p\u00fablico, es porque con mi asistencia a los actos que se celebren contagiar\u00e9 a algunos de que los andaluces nos hemos levantado para ser mejores cada d\u00eda, pero la r\u00e9mora del paro, la econom\u00eda, el endeudamiento y el fracaso escolar que nos invade, sin olvidar las mal\u00edsimas prestaciones que recibimos de la Junta de Andaluc\u00eda, incluidas las de la asistencia sanitaria, la tenemos que dejar a un lado para recordar que los andaluces somos algo m\u00e1s de lo que algunos creen, por lo que las ocho provincias que componen nuestro territorio tenemos que unirnos para decir \u201cbasta ya\u201d, pues teniendo una poblaci\u00f3n casi igual que Portugal, no podemos dejarnos llevar por la corriente y morir en el intento. Espero que el difunto Blas Infante sea recordado por lo que fue, pero creo que para muchos y, en especial, para un determinado partido pol\u00edtico casi en extinci\u00f3n, todo quedar\u00e1 en el env\u00edo de un ramo de flores a su estatua, cuya plaza lleva su nombre, pero otros hasta lo confundir\u00e1n conmigo, pues curiosamente no es la primera vez que recibo cartas cuyo destinatario es \u201cJos\u00e9 Blas Infante\u201d. \u00a1Vivir para ver!<\/p>\n","protected":false},"excerpt":{"rendered":"<p>Preguntaba esta ma\u00f1ana a unos amigos andaluces si verdaderamente significaba para ellos mucho el \u201cD\u00eda de Andaluc\u00eda\u201d. Es m\u00e1s, les pregunt\u00e9 si lo celebrar\u00edan como era el mandato de nuestro Estatuto, o de lo contrario, era un d\u00eda de tantos de los que ten\u00edamos que vivir. Desgraciadamente las respuestas fueron curiosas, mientras que para la [&hellip;]<\/p>\n","protected":false},"author":1,"featured_media":0,"comment_status":"open","ping_status":"open","sticky":false,"template":"","format":"standard","meta":{"footnotes":""},"categories":[6,4],"tags":[],"class_list":["post-49","post","type-post","status-publish","format-standard","hentry","category-actualidad","category-vida-publica"],"_links":{"self":[{"href":"https:\/\/elblogdejoseblasfernandez.com\/index.php?rest_route=\/wp\/v2\/posts\/49","targetHints":{"allow":["GET"]}}],"collection":[{"href":"https:\/\/elblogdejoseblasfernandez.com\/index.php?rest_route=\/wp\/v2\/posts"}],"about":[{"href":"https:\/\/elblogdejoseblasfernandez.com\/index.php?rest_route=\/wp\/v2\/types\/post"}],"author":[{"embeddable":true,"href":"https:\/\/elblogdejoseblasfernandez.com\/index.php?rest_route=\/wp\/v2\/users\/1"}],"replies":[{"embeddable":true,"href":"https:\/\/elblogdejoseblasfernandez.com\/index.php?rest_route=%2Fwp%2Fv2%2Fcomments&post=49"}],"version-history":[{"count":3,"href":"https:\/\/elblogdejoseblasfernandez.com\/index.php?rest_route=\/wp\/v2\/posts\/49\/revisions"}],"predecessor-version":[{"id":561,"href":"https:\/\/elblogdejoseblasfernandez.com\/index.php?rest_route=\/wp\/v2\/posts\/49\/revisions\/561"}],"wp:attachment":[{"href":"https:\/\/elblogdejoseblasfernandez.com\/index.php?rest_route=%2Fwp%2Fv2%2Fmedia&parent=49"}],"wp:term":[{"taxonomy":"category","embeddable":true,"href":"https:\/\/elblogdejoseblasfernandez.com\/index.php?rest_route=%2Fwp%2Fv2%2Fcategories&post=49"},{"taxonomy":"post_tag","embeddable":true,"href":"https:\/\/elblogdejoseblasfernandez.com\/index.php?rest_route=%2Fwp%2Fv2%2Ftags&post=49"}],"curies":[{"name":"wp","href":"https:\/\/api.w.org\/{rel}","templated":true}]}}