{"id":50,"date":"2009-03-03T21:32:34","date_gmt":"2009-03-03T21:32:34","guid":{"rendered":""},"modified":"2012-11-21T04:38:52","modified_gmt":"2012-11-21T03:38:52","slug":"juan-carlos-campo-sera-un-buen-secretario-de-estado-de-justicia","status":"publish","type":"post","link":"https:\/\/elblogdejoseblasfernandez.com\/?p=50","title":{"rendered":"Juan Carlos Campo ser\u00e1 un buen Secretario de Estado de Justicia"},"content":{"rendered":"<p style=\"text-align: justify;\">El reciente nombramiento del Consejo de Ministros del hasta ahora Magistrado de la Audiencia Provincial de C\u00e1diz, Juan Carlos Campo Moreno, me ha producido una gran alegr\u00eda, pues estoy convencido de que llevar\u00e1 con gran profesionalidad el nuevo cargo que no es nada f\u00e1cil. Juan Carlos Campo, que durante su etapa de vocal del Consejo General del Poder Judicial, tuvo grandes aciertos y muchas dificultades, pues fue siete a\u00f1os de constantes controversias y luchas internas dentro del propio Consejo, fue en Septiembre del pasado 2008 propuesto candidato a Magistrado del Tribunal Constitucional por el Senado, esa C\u00e1mara Alta que tantos recuerdos tiene para m\u00ed y que tambi\u00e9n conoce de controvertidos nombramientos, algunas veces por imperativo de los partidos pol\u00edticos.<\/p>\n<p style=\"text-align: justify;\">Juan Carlos Campo es un gran profesional y por eso y porque es amigo de los amigos quiero desearle lo mejor en ese dif\u00edcil Ministerio de Justicia y pido a su mujer, Susana Jim\u00e9nez, que sepa m\u00e1s que nunca llevar con resignaci\u00f3n esta nueva etapa que no ser\u00e1 f\u00e1cil, pues se ha montado en un tren que ya estaba en marcha: quitar los entuertos del anterior Ministro y de altos cargos de la corriente de Bermejo no le ser\u00e1 nada f\u00e1cil, pero pondr\u00e1 esfuerzo y trabajo que es lo importante. Por eso, quiero dejar en mi blog la carta que le he dirigido en el d\u00eda de hoy, pues a\u00fan cuando pol\u00edticamente podemos militar en distintos frentes, nunca nos podr\u00e1 apartar ni la sensatez ni el sentido com\u00fan de quienes queremos una mejor Justicia, y por ello, transcribo m\u00e1s abajo, mi felicitaci\u00f3n, que la hago por cierto como Presidente del Colegio de Graduados Sociales de C\u00e1diz:<\/p>\n<p style=\"text-align: justify;\">\u201dMi querido amigo Juan Carlos:<\/p>\n<p style=\"text-align: justify;\">La noticia de tu nombramiento como nuevo Secretario de Estado de Justicia nos ha llenado de satisfacci\u00f3n a todos los Graduados Sociales y, en especial, a m\u00ed por ser consciente de tus m\u00e9ritos alcanzados y por tu constante trabajo en algo que eres sobradamente conocedor, la Justicia.<\/p>\n<p style=\"text-align: justify;\">Son muchos los a\u00f1os que hace que nos conocemos y no digamos la vieja amistad que con tu esposa me une, pero independientemente de ello quiero en nombre del colectivo que represento ponernos a tu disposici\u00f3n y a la del Ministro para que todo aquello que sea beneficioso para el mundo judicial tome nueva vida y nuevos proyectos que hagan de quienes estamos inmersos en ella un mundo mejor, de mayor credibilidad y, en especial, un mundo lleno de mejores y mayores metas para la sociedad actual.<\/p>\n<p style=\"text-align: justify;\">Sabes que te considero un hombre trabajador y que siempre acudiste a eventos de mi profesi\u00f3n e, incluso, el m\u00edo propio, cosa que siempre te agradecer\u00e9 y me gustar\u00eda ser un fiel colaborador de tus proyectos. Siento no haber podido estar ayer d\u00eda 3 en tu toma de posesi\u00f3n y me hubiese gustado, pero no quitar\u00e1 ello el que te hagamos una visita cuando est\u00e9s m\u00e1s sosegado y podamos plantearte muchas reivindicaciones que nuestro colectivo posee y que t\u00fa durante la etapa de vocal del Consejo General del Poder Judicial las conoc\u00edas sobradamente, pero espero llegar\u00e1 ese d\u00eda en el que abusando de nuestra amistad y con el Consejo General de Graduados Sociales mantengamos un encuentro para refrescar temas que han quedado pendientes de resolver por el anterior titular de la cartera de Justicia y que ahora con tu llegada y la del nuevo Ministro, estamos convencidos que podemos sacarlo adelante.<\/p>\n<p style=\"text-align: justify;\">Te hago llegar los mejores deseos de \u00e9xitos en esta nueva etapa. Que la salud te acompa\u00f1e y que no olvides que a\u00fan cuando los cargos son cargas, siempre que pongas voluntad, valores y entrega en tu trabajo, tendr\u00e1s el reconocimiento claro y patente de quienes a diario te tienen en estima como es mi caso y espero que cuando nos veamos pueda transmitirte y darte no s\u00f3lo el abrazo sincero de los Graduados Sociales de esta provincia y Andaluc\u00eda, sino el m\u00edo que ir\u00e1 acompa\u00f1ado de un deseo ferviente de \u00e9xitos y logros en beneficio de toda la sociedad a la que nos debemos.<\/p>\n<p style=\"text-align: justify;\">Con mi afecto personal,<\/p>\n<p style=\"text-align: justify;\">Fdo.: Jos\u00e9 Blas Fern\u00e1ndez S\u00e1nchez<br \/>\nPresidente\u201d<\/p>\n","protected":false},"excerpt":{"rendered":"<p>El reciente nombramiento del Consejo de Ministros del hasta ahora Magistrado de la Audiencia Provincial de C\u00e1diz, Juan Carlos Campo Moreno, me ha producido una gran alegr\u00eda, pues estoy convencido de que llevar\u00e1 con gran profesionalidad el nuevo cargo que no es nada f\u00e1cil. Juan Carlos Campo, que durante su etapa de vocal del Consejo [&hellip;]<\/p>\n","protected":false},"author":1,"featured_media":0,"comment_status":"open","ping_status":"open","sticky":false,"template":"","format":"standard","meta":{"footnotes":""},"categories":[6,3],"tags":[],"class_list":["post-50","post","type-post","status-publish","format-standard","hentry","category-actualidad","category-vida-profesional"],"_links":{"self":[{"href":"https:\/\/elblogdejoseblasfernandez.com\/index.php?rest_route=\/wp\/v2\/posts\/50","targetHints":{"allow":["GET"]}}],"collection":[{"href":"https:\/\/elblogdejoseblasfernandez.com\/index.php?rest_route=\/wp\/v2\/posts"}],"about":[{"href":"https:\/\/elblogdejoseblasfernandez.com\/index.php?rest_route=\/wp\/v2\/types\/post"}],"author":[{"embeddable":true,"href":"https:\/\/elblogdejoseblasfernandez.com\/index.php?rest_route=\/wp\/v2\/users\/1"}],"replies":[{"embeddable":true,"href":"https:\/\/elblogdejoseblasfernandez.com\/index.php?rest_route=%2Fwp%2Fv2%2Fcomments&post=50"}],"version-history":[{"count":3,"href":"https:\/\/elblogdejoseblasfernandez.com\/index.php?rest_route=\/wp\/v2\/posts\/50\/revisions"}],"predecessor-version":[{"id":560,"href":"https:\/\/elblogdejoseblasfernandez.com\/index.php?rest_route=\/wp\/v2\/posts\/50\/revisions\/560"}],"wp:attachment":[{"href":"https:\/\/elblogdejoseblasfernandez.com\/index.php?rest_route=%2Fwp%2Fv2%2Fmedia&parent=50"}],"wp:term":[{"taxonomy":"category","embeddable":true,"href":"https:\/\/elblogdejoseblasfernandez.com\/index.php?rest_route=%2Fwp%2Fv2%2Fcategories&post=50"},{"taxonomy":"post_tag","embeddable":true,"href":"https:\/\/elblogdejoseblasfernandez.com\/index.php?rest_route=%2Fwp%2Fv2%2Ftags&post=50"}],"curies":[{"name":"wp","href":"https:\/\/api.w.org\/{rel}","templated":true}]}}