{"id":52,"date":"2009-03-09T22:06:13","date_gmt":"2009-03-09T22:06:13","guid":{"rendered":""},"modified":"2012-11-21T04:37:40","modified_gmt":"2012-11-21T03:37:40","slug":"medalla-del-trimilenario-para-el-bar-andalucia","status":"publish","type":"post","link":"https:\/\/elblogdejoseblasfernandez.com\/?p=52","title":{"rendered":"Medalla del Trimilenario para el Bar Andaluc\u00eda"},"content":{"rendered":"<p style=\"text-align: justify;\">Hoy, en el Sal\u00f3n de Plenos del Ayuntamiento de C\u00e1diz y siguiendo el mandato del acuerdo plenario sobre distinciones y entrega de medallas a distintos estamentos gaditanos, corporaciones o comercios, se ha entregado una especial distinci\u00f3n, como es \u201cLA MEDALLA DEL TRIMILENARIO\u201d al BAR ANDALUCIA. No quiero desmerecer las restantes distinciones que se han otorgado, pero \u00e9sta ha tra\u00eddo para m\u00ed muchos recuerdos, no s\u00f3lo de mi infancia, sino de mi adolescencia y juventud, pues en dicha cafeter\u00eda se fraguaron muchos pensamientos, proyectos e ideas que luego muchos de ellos se hicieron realidad.<\/p>\n<p style=\"text-align: justify;\">La cercan\u00eda de esta cafeter\u00eda con el n\u00famero 5 de la calle Doctor Dacarrete que fue donde yo nac\u00ed, hicieron que en mi retina se quedaran impresas muchas \u201cfotos\u201d de eventos de mi vida y de mi familia, pues recuerdo c\u00f3mo el propietario fundador de dicha cafeter\u00eda, Raimundo Rodr\u00edguez Mart\u00edn, para muchos D. Raimundo, tuvo cuatro hijos que crecieron a la vez m\u00eda y precisamente el mayor, tambi\u00e9n Raimundo o \u201cMundi\u201d para los amigos, estudiamos juntos en el Colegio de San Felipe Neri. \u201cMundi\u201d tuvo una muerte desafortunada al igual que su hermano Jos\u00e9 Luis tan trabajador y siempre en la caja del bar junto a Ernesto, ya que su hermana Manoli, por ser mujer y de aquellos tiempos, nunca pis\u00f3 la barra del bar porque no estaba eso bien visto. Sin embargo hoy, Manoli desde Valencia habr\u00e1 recordado los inicios de su padre y Ernesto el que regenta hoy dicho negocio familiar, ha estado emocionado no s\u00f3lo recordando aquellos tiempos, sino a tantos camareros que pasaron durante su dilatada vida laboral por aquel centro de trabajo.<\/p>\n<p style=\"text-align: justify;\">Recuerdo especial para Manolo el encargado y los camareros Juan, aquel hombre de pelo blanco y grueso que prestaba a los estudiantes peque\u00f1as cantidades a cuenta, o Rafael Pastoril, camarero simp\u00e1tico y enjutado que contaba sus vivencias de aquellos a\u00f1os de la sala de fiestas \u201cEl Trocadero\u201d, no sin antes acordarme de Pepe, el camarero, ese hombre cuyo hermano fue uno de los pioneros de las Mutualidades Laborales y que llevaba a gala ser el enlace sindical de los trabajadores. Era todo un ejemplo de caballerosidad, formalidad y buen hacer. As\u00ed, podr\u00eda descifrar nombres y nombres que aguantaron nuestras tertulias despu\u00e9s de comer. Recuerdo con cari\u00f1o aquellos contertulios que nos reun\u00edamos, como Frank, Valent\u00edn de la Varga, \u201cel Sanga\u201d, \u201cel Mosquera\u201d, Manolo Moreno, Pepe V\u00e1zquez, Rogelio \u201cel s\u00e1tiro\u201d, Manolo y Santos Barrios, los de \u201cAkron\u201d, Eduardo el de \u201cDuboys\u201d, sin olvidar a Jaime Riera que fue el que hizo m\u00e1s fotograf\u00edas de soldados y de reclutas que nunca entregaba porque todos se licenciaron antes de la recogida de \u00e9stas, as\u00ed como tantos y tantos que con un caf\u00e9 de cuatro pesetas, por estar sentados en la mesa, nos tir\u00e1bamos las tardes enteras. \u00bfCu\u00e1ntos proyectos hicimos?. Recuerdo que cuando Guinea Ecuatorial se hizo independiente y acab\u00e1bamos de terminar algunos los estudios le escribimos una carta al Presidente Macias, para que nos colocara de lo que fuese. Cu\u00e1l fue nuestra sorpresa ante la contestaci\u00f3n de aqu\u00e9l dictador desconocido que nos dijo que ya nos avisar\u00eda. A\u00fan hoy le estamos esperando.<\/p>\n<p style=\"text-align: justify;\">Y cu\u00e1ntas veces desde aquella ventana de la Plaza de las Flores, donde los coches aparcaban alrededor de ella y donde una t\u00f3mbola con discos de Gila nos amenizaba permanentemente, hab\u00eda en la misma un locutor al que a\u00fan hoy se dedica como buen trabajador a su negocio. Era para nosotros \u201cCachito\u201d, pero su nombre de pila Jos\u00e9 M\u00aa. Hoy es quien graba todos los plenos en el Ayuntamiento. \u00a1Qu\u00e9 tiempos aquellos!. Desde aquellas ventanas ten\u00edamos pegado a la fachada uno de tantos puestos de helados de los que entonces la empresa Frigo instalaba en la v\u00eda p\u00fablica y la chica que los vend\u00eda, a la cual la llam\u00e1bamos \u201cla churrete\u201d, mientras uno le comentaba los \u00faltimos acontecimientos de la vida, otro con arte de \u201cmangante\u201d, le quitaba los cucuruchos de chocolate. Era la picaresca y la poca edad, la que nos hac\u00eda pensar lo impensable; como aquella noche que estando sentados en la ventana parte de los contertulios, alguien aparc\u00f3 su \u201cseiscientos\u201d muy cerca de nosotros con la coincidencia de que un empleado municipal regaba la plaza de las flores. Ni cortos ni perezosos le pedimos que nos lavara el coche con aquella manguera que te tiraba de espaldas y con la mala suerte para el conductor que aparc\u00f3 su veh\u00edculo que dej\u00f3 el cristal de la ventanilla bajado; menuda sorpresa se llev\u00f3 aquel hombre cuando fue a coger su veh\u00edculo y el agua sal\u00eda por debajo de las puertas. A\u00fan recuerdo aquel duro enfrentamiento entre quien regaba y quien fue mojado. As\u00ed se fraguaron tantos y tantos recuerdos en esa cafeter\u00eda. Es m\u00e1s, recuerdo que enfrente, por Columela, estaba ubicada la tienda de \u201cEscobar\u201d a quien llam\u00e1bamos con calificativo cari\u00f1oso \u201clos pu\u00f1etitas\u201d y recuerdo la puntual apertura de aquella tienda. Era tanto, que a las cuatro en punto de la tarde abr\u00edan las puertas del comercio y una rampa de madera se deslizaba entre escalones y todos a la vez le cant\u00e1bamos el himno nacional: \u00a1era para vernos!!!<\/p>\n<p style=\"text-align: justify;\">En definitiva, quiero agradecer al Bar Andaluc\u00eda cu\u00e1ntas vivencias nos hizo pasar, cu\u00e1ntos carnavales vivimos, cu\u00e1ntas veces \u201cla Cirila\u201d nos bailaba y le d\u00e1bamos la copita de manzanilla y cu\u00e1ntas Semanas Santas nos tragamos en aquellas sillas, sin dejar pasar c\u00f3mo todos los artistas hoy llamados de la copla actuaban en el Teatro Andaluc\u00eda y all\u00ed en el bar tomaban sus refrigerios en los descansos de las sesiones. Recuerdo especialmente a Marif\u00e9 de Triana que siempre que la ve\u00edamos nos firmaba aut\u00f3grafos, pues no era para menos.<\/p>\n<p style=\"text-align: justify;\">Podr\u00eda llevarme hablando d\u00edas y d\u00edas. Cu\u00e1ntas veces cambi\u00e1bamos impresiones con Fernando Qui\u00f1\u00f3nes y con tantos y tantos artistas que por all\u00ed pasaron, hasta incluso recuerdo alguno de aqu\u00e9l grupo denominado \u201cGRAPO\u201d que tambi\u00e9n fue asiduo contertulio de muchas efem\u00e9rides. Es decir, todos los colores del arco pol\u00edtico y tantas personas que ya no est\u00e1n entre nosotros.<\/p>\n<p style=\"text-align: justify;\">FELICIDADES Ernesto porque has hecho recordar tantas cosas que han desaparecido, pero t\u00fa sigues ah\u00ed, poniendo paellas a los americanos y viendo generaciones tras generaciones que posiblemente no llegar\u00e1n a tener en el recuerdo lo que yo hoy tengo del Bar Andaluc\u00eda.<\/p>\n","protected":false},"excerpt":{"rendered":"<p>Hoy, en el Sal\u00f3n de Plenos del Ayuntamiento de C\u00e1diz y siguiendo el mandato del acuerdo plenario sobre distinciones y entrega de medallas a distintos estamentos gaditanos, corporaciones o comercios, se ha entregado una especial distinci\u00f3n, como es \u201cLA MEDALLA DEL TRIMILENARIO\u201d al BAR ANDALUCIA. No quiero desmerecer las restantes distinciones que se han otorgado, [&hellip;]<\/p>\n","protected":false},"author":1,"featured_media":0,"comment_status":"open","ping_status":"open","sticky":false,"template":"","format":"standard","meta":{"footnotes":""},"categories":[6],"tags":[],"class_list":["post-52","post","type-post","status-publish","format-standard","hentry","category-actualidad"],"_links":{"self":[{"href":"https:\/\/elblogdejoseblasfernandez.com\/index.php?rest_route=\/wp\/v2\/posts\/52","targetHints":{"allow":["GET"]}}],"collection":[{"href":"https:\/\/elblogdejoseblasfernandez.com\/index.php?rest_route=\/wp\/v2\/posts"}],"about":[{"href":"https:\/\/elblogdejoseblasfernandez.com\/index.php?rest_route=\/wp\/v2\/types\/post"}],"author":[{"embeddable":true,"href":"https:\/\/elblogdejoseblasfernandez.com\/index.php?rest_route=\/wp\/v2\/users\/1"}],"replies":[{"embeddable":true,"href":"https:\/\/elblogdejoseblasfernandez.com\/index.php?rest_route=%2Fwp%2Fv2%2Fcomments&post=52"}],"version-history":[{"count":3,"href":"https:\/\/elblogdejoseblasfernandez.com\/index.php?rest_route=\/wp\/v2\/posts\/52\/revisions"}],"predecessor-version":[{"id":558,"href":"https:\/\/elblogdejoseblasfernandez.com\/index.php?rest_route=\/wp\/v2\/posts\/52\/revisions\/558"}],"wp:attachment":[{"href":"https:\/\/elblogdejoseblasfernandez.com\/index.php?rest_route=%2Fwp%2Fv2%2Fmedia&parent=52"}],"wp:term":[{"taxonomy":"category","embeddable":true,"href":"https:\/\/elblogdejoseblasfernandez.com\/index.php?rest_route=%2Fwp%2Fv2%2Fcategories&post=52"},{"taxonomy":"post_tag","embeddable":true,"href":"https:\/\/elblogdejoseblasfernandez.com\/index.php?rest_route=%2Fwp%2Fv2%2Ftags&post=52"}],"curies":[{"name":"wp","href":"https:\/\/api.w.org\/{rel}","templated":true}]}}