{"id":53,"date":"2009-03-11T21:33:11","date_gmt":"2009-03-11T21:33:11","guid":{"rendered":""},"modified":"2012-11-21T04:37:25","modified_gmt":"2012-11-21T03:37:25","slug":"y-si-los-politicos-se-metieran-a-periodistas","status":"publish","type":"post","link":"https:\/\/elblogdejoseblasfernandez.com\/?p=53","title":{"rendered":"\u00bfY si los pol\u00edticos se metieran a periodistas?"},"content":{"rendered":"<p style=\"text-align: justify;\">El actual periodismo espa\u00f1ol tambi\u00e9n est\u00e1 cuestionado en raz\u00f3n de quienes gobiernan o mandan en las redacciones de \u00e9stos. Est\u00e1 claro que dar nombres de peri\u00f3dicos es identificarlos bien con la derecha o la izquierda, o bien saber de antemano que la noticia es tendenciosa a favor de quienes les pagan. Sin embargo, los periodistas siguen teniendo un importante poder en la sociedad, ya que depende de ellos gran parte de la vida de los pol\u00edticos cuando se ponen a redactar o dar noticias que muchas veces no contrastadas confunden a la opini\u00f3n p\u00fablica. Es m\u00e1s, es frecuente o\u00edr hablar en el ambiente pol\u00edtico que depende quien da la noticia as\u00ed ser\u00e1 \u00e9sta y esto ocurre igual en la radio y la televisi\u00f3n. Y no hablemos de si la televisi\u00f3n es p\u00fablica, que dependiendo qui\u00e9n la gobierna todas las noticias ser\u00e1n muy favorables y poco agr\u00edas para el color pol\u00edtico que las dirige.<\/p>\n<p style=\"text-align: justify;\">Hoy la prensa escrita se lee cada vez menos, pues la inmediatez de los peri\u00f3dicos digitales ha tra\u00eddo la revoluci\u00f3n en la noticia y no hablemos de los SMS que a diario recibimos en los m\u00f3viles donde conocemos al momento lo ocurrido en el fin del mundo. \u00a0Pero como muchas veces quienes escriben no lo hacen acertadamente o intencionadamente aniquilan al pol\u00edtico de turno, se me ocurre una idea para ponerla en marcha durante una semana, que ser\u00eda que al igual que los periodistas vigilan las actuaciones de gesti\u00f3n y pol\u00edticas de quienes representan siglas de importantes partidos, por qu\u00e9 no durante una semana fuesen los pol\u00edticos los que, buscando noticias sensacionalistas \u201cpersiguiesen\u201d a algunos periodistas y los lectores supiesen la vida y milagro de estos, c\u00f3mo escriben, su imparcialidad, su buena pluma, su buen saber, etc., para que tambi\u00e9n fueran controlados por quien durante muchos a\u00f1os han sido su punto de mira, pues lo injusto es que muchos de los que escriben se basan en conjeturas y sin recordar de que quien se habla es tambi\u00e9n persona y su noticia sesgada tiene un efecto multiplicador, no s\u00f3lo para esa persona sino para sus familias y colaboradores. Por supuesto, existen excelentes profesionales de la informaci\u00f3n que no s\u00f3lo dicen la verdad por encima de todo, sino que hasta le quitan \u201chierro\u201d a muchas acusaciones veladas que otros hacen.<\/p>\n<p style=\"text-align: justify;\">Yo, como tambi\u00e9n soy pol\u00edtico, me ofrezco a que cualquier redacci\u00f3n de la prensa local, provincial o regional me dejase el bol\u00edgrafo del periodista para que como humanos que son los someti\u00e9ramos a esa \u201ctortura\u201d de opini\u00f3n en la que muchos de nosotros estamos inmersos todos los d\u00edas. Es decir, convertirnos en redactores por unos d\u00edas y que ellos cogieran la gesti\u00f3n p\u00fablica o de oposici\u00f3n. Entonces seguramente nos dar\u00edamos cuenta de lo dif\u00edcil que es el papel de cada uno y entonces cada cual desde su espacio sabr\u00edamos valorar que tanto uno como otro tienen un dif\u00edcil y duro papel. De todas formas, desde aqu\u00ed mi felicitaci\u00f3n a esos grandes profesionales de la informaci\u00f3n, porque gracias a ellos sabemos lo que pasa a nuestro alrededor y lo que es m\u00e1s, dependiendo de quien sea tambi\u00e9n nos hacen ser mejores y comprender que la sociedad adolece de muchas carencias.<\/p>\n","protected":false},"excerpt":{"rendered":"<p>El actual periodismo espa\u00f1ol tambi\u00e9n est\u00e1 cuestionado en raz\u00f3n de quienes gobiernan o mandan en las redacciones de \u00e9stos. Est\u00e1 claro que dar nombres de peri\u00f3dicos es identificarlos bien con la derecha o la izquierda, o bien saber de antemano que la noticia es tendenciosa a favor de quienes les pagan. Sin embargo, los periodistas [&hellip;]<\/p>\n","protected":false},"author":1,"featured_media":0,"comment_status":"open","ping_status":"open","sticky":false,"template":"","format":"standard","meta":{"footnotes":""},"categories":[6],"tags":[],"class_list":["post-53","post","type-post","status-publish","format-standard","hentry","category-actualidad"],"_links":{"self":[{"href":"https:\/\/elblogdejoseblasfernandez.com\/index.php?rest_route=\/wp\/v2\/posts\/53","targetHints":{"allow":["GET"]}}],"collection":[{"href":"https:\/\/elblogdejoseblasfernandez.com\/index.php?rest_route=\/wp\/v2\/posts"}],"about":[{"href":"https:\/\/elblogdejoseblasfernandez.com\/index.php?rest_route=\/wp\/v2\/types\/post"}],"author":[{"embeddable":true,"href":"https:\/\/elblogdejoseblasfernandez.com\/index.php?rest_route=\/wp\/v2\/users\/1"}],"replies":[{"embeddable":true,"href":"https:\/\/elblogdejoseblasfernandez.com\/index.php?rest_route=%2Fwp%2Fv2%2Fcomments&post=53"}],"version-history":[{"count":3,"href":"https:\/\/elblogdejoseblasfernandez.com\/index.php?rest_route=\/wp\/v2\/posts\/53\/revisions"}],"predecessor-version":[{"id":557,"href":"https:\/\/elblogdejoseblasfernandez.com\/index.php?rest_route=\/wp\/v2\/posts\/53\/revisions\/557"}],"wp:attachment":[{"href":"https:\/\/elblogdejoseblasfernandez.com\/index.php?rest_route=%2Fwp%2Fv2%2Fmedia&parent=53"}],"wp:term":[{"taxonomy":"category","embeddable":true,"href":"https:\/\/elblogdejoseblasfernandez.com\/index.php?rest_route=%2Fwp%2Fv2%2Fcategories&post=53"},{"taxonomy":"post_tag","embeddable":true,"href":"https:\/\/elblogdejoseblasfernandez.com\/index.php?rest_route=%2Fwp%2Fv2%2Ftags&post=53"}],"curies":[{"name":"wp","href":"https:\/\/api.w.org\/{rel}","templated":true}]}}