{"id":54,"date":"2009-03-13T21:33:51","date_gmt":"2009-03-13T21:33:51","guid":{"rendered":""},"modified":"2012-11-21T04:37:09","modified_gmt":"2012-11-21T03:37:09","slug":"empieza-a-caminar-un-nuevo-consejo-andaluz-para-los-graduados-sociales","status":"publish","type":"post","link":"https:\/\/elblogdejoseblasfernandez.com\/?p=54","title":{"rendered":"Empieza a caminar un nuevo Consejo Andaluz para los graduados sociales"},"content":{"rendered":"<p style=\"text-align: justify;\">Lo que hasta ahora era un Consejo formado por los ocho Presidentes de los Colegios de Andaluc\u00eda y que sin personalidad jur\u00eddica propia actuaba en defensa de los intereses de los Graduados Sociales, ayer d\u00eda 12 de Marzo y una vez aprobados sus Estatutos por la Junta de Andaluc\u00eda y, concretamente por la Consejer\u00eda de Justicia, tuvieron un emotivo encuentro en la ciudad de Granada para Jurar o Prometer sus cargos quienes de forma colegiada inician una andadura oficial, pues la anterior lo comprend\u00eda un equipo humano de Presidentes de Colegios con muchas ganas de luchar por la profesi\u00f3n.<\/p>\n<p>La capital granadina y en su Palacio de la Real Chanciller\u00eda acogi\u00f3 a todos los Graduados Sociales de Andaluc\u00eda. All\u00ed se notaban las caras de ilusi\u00f3n y de ganas de trabajar de quienes a\u00fan siendo veteranos, su andadura se hac\u00eda de manera oficial. Tuvo palabras muy emotivas para todos los Graduados Sociales el Presidente del TSJA, Augusto M\u00e9ndez de Lugo, el cual tom\u00f3 posesi\u00f3n a cada uno de los nuevos miembros y en especial a su nueva Presidenta, Lola Bejarano, compa\u00f1era de Huelva que estoy seguro va a poner todo su buen hacer en esta nave que ha levantado sus velas para caminar en la b\u00fasqueda de los proyectos emprendidos.<\/p>\n<p>Gracias a los Presidentes de las Salas de lo Social de los TSJ de Sevilla, Granada y M\u00e1laga. Gracias al Fiscal Jefe del Tribunal Superior de Justicia de Andaluc\u00eda y gracias a los Presidentes de los Consejos Andaluces de Abogados y Procuradores que nos acompa\u00f1aron. Gracias en general a todos los que hemos visto en el BOJA otra vieja aspiraci\u00f3n que ayer se consum\u00f3.<\/p>\n<p>Todo lo relatado es una realidad palpable. Es decir, una historia que nace ahora, pero quiero recordar con cari\u00f1o y es mi obligaci\u00f3n como Decano de todos los Presidentes de Andaluc\u00eda y de Espa\u00f1a a Manolo Garc\u00eda Villalba que inici\u00f3 como Presidente los primeros pasos del Consejo Andaluz, a Bienvenido Garc\u00eda, malague\u00f1o y gran amigo que tambi\u00e9n trabaj\u00f3 incansablemente, a Paco del Rosal, cordob\u00e9s que supo dar un impulso importante a los andaluces y, por \u00faltimo, a Paco Rodr\u00edguez Novez, Presidente de Ja\u00e9n que bajo su mandato se consiguieron muchos logros con la Consejer\u00eda de Empleo y que por su nobleza y trabajo supo poner al Consejo en el lugar que hoy tiene y mucho le agradezco que fuera quien me encomend\u00f3 la dura tarea de confeccionar los Estatutos que hoy tenemos, por lo que mi querida Lola, tenemos que celebrar con aquellos Presidentes que gracias a Dios viven y que impulsaron nuestro Consejo un acto de agradecimiento por todo lo que hicieron por nosotros.<\/p>\n","protected":false},"excerpt":{"rendered":"<p>Lo que hasta ahora era un Consejo formado por los ocho Presidentes de los Colegios de Andaluc\u00eda y que sin personalidad jur\u00eddica propia actuaba en defensa de los intereses de los Graduados Sociales, ayer d\u00eda 12 de Marzo y una vez aprobados sus Estatutos por la Junta de Andaluc\u00eda y, concretamente por la Consejer\u00eda de [&hellip;]<\/p>\n","protected":false},"author":1,"featured_media":0,"comment_status":"open","ping_status":"open","sticky":false,"template":"","format":"standard","meta":{"footnotes":""},"categories":[3],"tags":[],"class_list":["post-54","post","type-post","status-publish","format-standard","hentry","category-vida-profesional"],"_links":{"self":[{"href":"https:\/\/elblogdejoseblasfernandez.com\/index.php?rest_route=\/wp\/v2\/posts\/54","targetHints":{"allow":["GET"]}}],"collection":[{"href":"https:\/\/elblogdejoseblasfernandez.com\/index.php?rest_route=\/wp\/v2\/posts"}],"about":[{"href":"https:\/\/elblogdejoseblasfernandez.com\/index.php?rest_route=\/wp\/v2\/types\/post"}],"author":[{"embeddable":true,"href":"https:\/\/elblogdejoseblasfernandez.com\/index.php?rest_route=\/wp\/v2\/users\/1"}],"replies":[{"embeddable":true,"href":"https:\/\/elblogdejoseblasfernandez.com\/index.php?rest_route=%2Fwp%2Fv2%2Fcomments&post=54"}],"version-history":[{"count":4,"href":"https:\/\/elblogdejoseblasfernandez.com\/index.php?rest_route=\/wp\/v2\/posts\/54\/revisions"}],"predecessor-version":[{"id":556,"href":"https:\/\/elblogdejoseblasfernandez.com\/index.php?rest_route=\/wp\/v2\/posts\/54\/revisions\/556"}],"wp:attachment":[{"href":"https:\/\/elblogdejoseblasfernandez.com\/index.php?rest_route=%2Fwp%2Fv2%2Fmedia&parent=54"}],"wp:term":[{"taxonomy":"category","embeddable":true,"href":"https:\/\/elblogdejoseblasfernandez.com\/index.php?rest_route=%2Fwp%2Fv2%2Fcategories&post=54"},{"taxonomy":"post_tag","embeddable":true,"href":"https:\/\/elblogdejoseblasfernandez.com\/index.php?rest_route=%2Fwp%2Fv2%2Ftags&post=54"}],"curies":[{"name":"wp","href":"https:\/\/api.w.org\/{rel}","templated":true}]}}