{"id":55,"date":"2009-03-18T21:22:45","date_gmt":"2009-03-18T21:22:45","guid":{"rendered":""},"modified":"2012-11-21T04:36:43","modified_gmt":"2012-11-21T03:36:43","slug":"el-eco-de-mis-cuarenta-anos-como-graduado-social","status":"publish","type":"post","link":"https:\/\/elblogdejoseblasfernandez.com\/?p=55","title":{"rendered":"El eco de mis cuarenta a\u00f1os como graduado social"},"content":{"rendered":"<p style=\"text-align: justify;\">Cuando los a\u00f1os se cumplen para algunos es ser a\u00f1ejo en todo aquello que la vida le ha marcado, sin embargo para otros, como es mi caso, parece que fue ayer cuando termin\u00e9 en aquella Escuela Social de Granada la carrera de Graduado Social que precisamente era poco conocida como tal profesi\u00f3n libre.<br \/>\nPor ello, a los 40 a\u00f1os de vida profesional he tenido luces y sombras, pero afortunadamente muchas satisfacciones que me han hecho hoy recordar a personas que ya no est\u00e1n junto a m\u00ed, o por el contrario, que han hecho de m\u00ed ser lo que soy, con mis pros y con mis contras.<\/p>\n<p style=\"text-align: justify;\">Diario de C\u00e1diz, el pasado d\u00eda 17 de Marzo y gracias a la magn\u00edfica pluma de Melchor Mateo, ha trasladado a muchos lectores cu\u00e1nto he sentido y qui\u00e9nes me impulsaron a tener la profesi\u00f3n que hoy tengo. Es verdad que mi primer recuerdo es para quien me ayud\u00f3 y me ense\u00f1\u00f3, como fue Nicol\u00e1s Flores; aqu\u00e9l hombre que por razones pol\u00edticas estuvo a\u00f1os privado de libertad y al salir por aquel indulto de la pena de muerte decidimos nuestra andadura con aquel despacho denominado \u201cFLORES Y FERN\u00c1NDEZ\u201d. \u00a1Qu\u00e9 tiempos!. Sin embargo, no quiero olvidar a otros muchos amigos y compa\u00f1eros que juntos supimos hacer noble una profesi\u00f3n y juntos hemos llegado al a\u00f1o 2009 donde cuarentones en la profesi\u00f3n ya somos parte de la historia del colectivo.<\/p>\n<p style=\"text-align: justify;\">Quiero desde aqu\u00ed dar las gracias a mi madre, que supo comprender mi traslado de no estudiar lo que a ella le hubiese gustado, pero s\u00ed me admiti\u00f3 lo que me gustaba a m\u00ed. Eso es de reconocer. O mi padre, que sin discutirme nunca nada entendi\u00f3 que si aquella profesi\u00f3n me gustaba, pues que la hiciese, pues su mejor herencia para m\u00ed era verme dotado de unos estudios. Lo dem\u00e1s lo han puesto quienes me crearon esta vocaci\u00f3n y quienes durante muchos a\u00f1os me han ayudado a estar aqu\u00ed. Tambi\u00e9n quiero dar las gracias a Onda C\u00e1diz por la magn\u00edfica entrevista que me hizo F\u00e1tima, ya que supo trasladar al televidente an\u00e9cdotas y vivencias bajo mi expresi\u00f3n y bajo el calor que yo le puse a las preguntas que me hizo.<\/p>\n<p style=\"text-align: justify;\">En resumidas cuentas, no quiero hablar de m\u00ed, pero s\u00ed quiero dejar constancia de todos aquellos y aquellas que me ayudaron, que me comprendieron y que han sabido aguantar mis defectos e incomprensiones. Por eso, para ellos brindo estos 40 a\u00f1os de profesi\u00f3n. Curiosamente, al simultanear la pol\u00edtica con mi profesi\u00f3n, todo ha sido m\u00e1s dif\u00edcil. El adversario pol\u00edtico sab\u00eda que poniendo en duda mi compatibilidad me har\u00eda da\u00f1o. Me han dicho de todo, han intentado atacarme no s\u00f3lo en el terreno profesional, sino personal y humano. Ah\u00ed s\u00ed que puedo escribir una novela, pero ser\u00eda triste, con nombres y apellidos de personas que ca\u00edan sin darse cuenta en la villan\u00eda, pero as\u00ed y todo sigo aqu\u00ed, con las manos limpias, la conciencia tranquila y el deber cumplido y afortunadamente, mi \u00fanico patrimonio es lo que mi profesi\u00f3n me ha dado, porque de la pol\u00edtica ni nunca estuve liberado, ni me sirvi\u00f3 para vivir, Por eso, si tengo que dejarla lo har\u00e9 tal y como vine. Eso s\u00ed con el recuerdo de haber hecho una gesti\u00f3n en beneficio de la colectividad y anteponiendo a cualquier otro inter\u00e9s el inter\u00e9s general.<\/p>\n<p>He hecho de todo o casi de todo, pero mi gran emblema es el de mi profesi\u00f3n: la Justicia Social, por lo que tanto he luchado y por lo que seguir\u00e9 haci\u00e9ndolo. Por eso le digo a mi profesi\u00f3n gritando fuertemente: GRADUADO SOCIAL, GRACIAS.<\/p>\n","protected":false},"excerpt":{"rendered":"<p>Cuando los a\u00f1os se cumplen para algunos es ser a\u00f1ejo en todo aquello que la vida le ha marcado, sin embargo para otros, como es mi caso, parece que fue ayer cuando termin\u00e9 en aquella Escuela Social de Granada la carrera de Graduado Social que precisamente era poco conocida como tal profesi\u00f3n libre. Por ello, [&hellip;]<\/p>\n","protected":false},"author":1,"featured_media":0,"comment_status":"open","ping_status":"open","sticky":false,"template":"","format":"standard","meta":{"footnotes":""},"categories":[3],"tags":[],"class_list":["post-55","post","type-post","status-publish","format-standard","hentry","category-vida-profesional"],"_links":{"self":[{"href":"https:\/\/elblogdejoseblasfernandez.com\/index.php?rest_route=\/wp\/v2\/posts\/55","targetHints":{"allow":["GET"]}}],"collection":[{"href":"https:\/\/elblogdejoseblasfernandez.com\/index.php?rest_route=\/wp\/v2\/posts"}],"about":[{"href":"https:\/\/elblogdejoseblasfernandez.com\/index.php?rest_route=\/wp\/v2\/types\/post"}],"author":[{"embeddable":true,"href":"https:\/\/elblogdejoseblasfernandez.com\/index.php?rest_route=\/wp\/v2\/users\/1"}],"replies":[{"embeddable":true,"href":"https:\/\/elblogdejoseblasfernandez.com\/index.php?rest_route=%2Fwp%2Fv2%2Fcomments&post=55"}],"version-history":[{"count":3,"href":"https:\/\/elblogdejoseblasfernandez.com\/index.php?rest_route=\/wp\/v2\/posts\/55\/revisions"}],"predecessor-version":[{"id":555,"href":"https:\/\/elblogdejoseblasfernandez.com\/index.php?rest_route=\/wp\/v2\/posts\/55\/revisions\/555"}],"wp:attachment":[{"href":"https:\/\/elblogdejoseblasfernandez.com\/index.php?rest_route=%2Fwp%2Fv2%2Fmedia&parent=55"}],"wp:term":[{"taxonomy":"category","embeddable":true,"href":"https:\/\/elblogdejoseblasfernandez.com\/index.php?rest_route=%2Fwp%2Fv2%2Fcategories&post=55"},{"taxonomy":"post_tag","embeddable":true,"href":"https:\/\/elblogdejoseblasfernandez.com\/index.php?rest_route=%2Fwp%2Fv2%2Ftags&post=55"}],"curies":[{"name":"wp","href":"https:\/\/api.w.org\/{rel}","templated":true}]}}