{"id":56,"date":"2009-03-24T21:55:06","date_gmt":"2009-03-24T21:55:06","guid":{"rendered":""},"modified":"2012-11-21T04:36:29","modified_gmt":"2012-11-21T03:36:29","slug":"la-seguridad-social-empieza-a-perder-peso","status":"publish","type":"post","link":"https:\/\/elblogdejoseblasfernandez.com\/?p=56","title":{"rendered":"La Seguridad Social empieza a perder peso"},"content":{"rendered":"<p style=\"text-align: justify;\">Han sido varias las veces que en este blog he dejado constancia de la gran preocupaci\u00f3n que me supone el camino por el que transcurren las cuentas de la S.Social, pero cuando hoy veo en algunos peri\u00f3dicos que el super\u00e1vit del que tanto se ha alardeado cae un 26,8% hasta febrero, la preocupaci\u00f3n no solo aumenta, sino que incluso las piernas me tiemblan de pensar si estamos m\u00e1s cerca del \u201ccorralito argentino\u201d o del Estado del Bienestar.<\/p>\n<p style=\"text-align: justify;\">La Seguridad Social obtuvo en los primeros meses del presente a\u00f1o 2009 un super\u00e1vit de 5.532,37 millones de euros frente a los 7.561,20 del pasado a\u00f1o y por el mismo periodo de tiempo. Es decir, que a\u00fan cuando existe un saldo positivo, la merma de ingresos es como consecuencia del aumento progresivo de gastos que se est\u00e1 teniendo en el sistema. De todo esto, me preocupa un cap\u00edtulo que equivocadamente se est\u00e1 utilizando. Es el gasto de la Incapacidad Temporal, la cual ascendi\u00f3 un 8,42% m\u00e1s, as\u00ed como las prestaciones por maternidad, paternidad y riesgo durante el embarazo que se elevaron en el 6,41%; extremos que estamos observando c\u00f3mo quienes no poseen prestaci\u00f3n por desempleo al terminar un contrato de trabajo, caen en la din\u00e1mica de la Incapacidad Temporal y no digamos el importe que por accidentes de trabajo est\u00e1n pagando las mutuas. Es decir, en lugar de que el desempleo absorba entre sus gastos los propios de esta prestaci\u00f3n, se est\u00e1 consintiendo que corra por el mismo sendero la Incapacidad Temporal, pero como es l\u00f3gico, con cargo al Sistema de la Seguridad Social.<\/p>\n<p style=\"text-align: justify;\">En resumen, el futuro est\u00e1 en profunda crisis si hablamos de la hucha de las pensiones, por lo que en pol\u00edtica social el sendero marcado a corto plazo no es nada esperanzador.<\/p>\n","protected":false},"excerpt":{"rendered":"<p>Han sido varias las veces que en este blog he dejado constancia de la gran preocupaci\u00f3n que me supone el camino por el que transcurren las cuentas de la S.Social, pero cuando hoy veo en algunos peri\u00f3dicos que el super\u00e1vit del que tanto se ha alardeado cae un 26,8% hasta febrero, la preocupaci\u00f3n no solo [&hellip;]<\/p>\n","protected":false},"author":1,"featured_media":0,"comment_status":"open","ping_status":"open","sticky":false,"template":"","format":"standard","meta":{"footnotes":""},"categories":[6],"tags":[],"class_list":["post-56","post","type-post","status-publish","format-standard","hentry","category-actualidad"],"_links":{"self":[{"href":"https:\/\/elblogdejoseblasfernandez.com\/index.php?rest_route=\/wp\/v2\/posts\/56","targetHints":{"allow":["GET"]}}],"collection":[{"href":"https:\/\/elblogdejoseblasfernandez.com\/index.php?rest_route=\/wp\/v2\/posts"}],"about":[{"href":"https:\/\/elblogdejoseblasfernandez.com\/index.php?rest_route=\/wp\/v2\/types\/post"}],"author":[{"embeddable":true,"href":"https:\/\/elblogdejoseblasfernandez.com\/index.php?rest_route=\/wp\/v2\/users\/1"}],"replies":[{"embeddable":true,"href":"https:\/\/elblogdejoseblasfernandez.com\/index.php?rest_route=%2Fwp%2Fv2%2Fcomments&post=56"}],"version-history":[{"count":3,"href":"https:\/\/elblogdejoseblasfernandez.com\/index.php?rest_route=\/wp\/v2\/posts\/56\/revisions"}],"predecessor-version":[{"id":554,"href":"https:\/\/elblogdejoseblasfernandez.com\/index.php?rest_route=\/wp\/v2\/posts\/56\/revisions\/554"}],"wp:attachment":[{"href":"https:\/\/elblogdejoseblasfernandez.com\/index.php?rest_route=%2Fwp%2Fv2%2Fmedia&parent=56"}],"wp:term":[{"taxonomy":"category","embeddable":true,"href":"https:\/\/elblogdejoseblasfernandez.com\/index.php?rest_route=%2Fwp%2Fv2%2Fcategories&post=56"},{"taxonomy":"post_tag","embeddable":true,"href":"https:\/\/elblogdejoseblasfernandez.com\/index.php?rest_route=%2Fwp%2Fv2%2Ftags&post=56"}],"curies":[{"name":"wp","href":"https:\/\/api.w.org\/{rel}","templated":true}]}}