{"id":59,"date":"2009-04-20T20:51:48","date_gmt":"2009-04-20T20:51:48","guid":{"rendered":""},"modified":"2012-11-21T04:35:24","modified_gmt":"2012-11-21T03:35:24","slug":"el-nazareno-los-graduados-sociales-los-notarios-los-abogados-y-los-procuradores","status":"publish","type":"post","link":"https:\/\/elblogdejoseblasfernandez.com\/?p=59","title":{"rendered":"El nazareno, los graduados sociales, los notarios, los abogados y los procuradores"},"content":{"rendered":"<p style=\"text-align: justify;\">A la vuelta de mi viaje a Roma le\u00ed, correspondiente al Domingo de Ramos, una nota aparecida sobre la Semana Santa denominada \u201cEl Guardabrisas\u201d y perteneciente al Diario de C\u00e1diz. En esta nota, el autor relataba con asombro que los abogados, procuradores y notarios no ir\u00edan en la procesi\u00f3n del Nazareno porque iban los graduados sociales. A dicha procesi\u00f3n acud\u00ed por invitaci\u00f3n de su Hermano Mayor, al igual que lo hizo la Corporaci\u00f3n Municipal con la Alcaldesa a la cabeza de la misma, as\u00ed como otras Instituciones y el representante del Colegio de Notarios, pues \u00e9ste tiene todav\u00eda clase y estilo y no se presta a ning\u00fan juego de ning\u00fan mediocre. Es decir, que pese a mi condici\u00f3n de primer Teniente de Alcalde del Ayuntamiento gaditano, lo hice como Presidente del Colegio de Graduados Sociales y sumamente orgulloso de ir en su nombre. Esta mamarrachada de algunos de no querer acudir a una procesi\u00f3n a la que se les invita porque van otros como es el caso del colectivo al que represento, no deja de ser no s\u00f3lo rid\u00edculo, sino algo sin precedentes, pues aqu\u00ed quien invita es una Cofrad\u00eda, cuya Junta de Gobierno es soberana y, por supuesto, el no acudir dos Corporaciones como lo hicieron, dicen muy poco de quienes las representan, porque seguro estoy de que ambos colectivos no saben ni conocen lo que alguno de sus Decanos por envidia, odio o celos deciden a sus espaldas.<\/p>\n<p style=\"text-align: justify;\">Soy, independientemente de lo que soy, cristiano y nunca entender\u00e9 c\u00f3mo quienes acuden a una procesi\u00f3n en nuestra ciudad toman actitudes no s\u00f3lo muy poco acorde con un desfile procesional, sino que se miran el ombligo y se creen campeones del mundo.\u00a0Al Nazareno de Santa Mar\u00eda le acompa\u00f1a todo su barrio, C\u00e1diz, sus representantes y se le acompa\u00f1a porque es el Regidor Perpetuo de la ciudad y no le hace falta nadie para llevarle la Cruz y menos esos que miran por encima del hombro a otros, crey\u00e9ndose m\u00e1s que el resto, por lo que desde mi blog y a t\u00edtulo personal, les recuerdo que la humildad y los valores \u00e9ticos que hay que tener en estos casos se pierden con actitudes como las vistas. Al final fueron los notarios, fueron los graduados sociales, fue la Corporaci\u00f3n Municipal, fueron las Asociaciones de Vecinos, fueron otras Instituciones y a nadie m\u00e1s se les ech\u00f3 de menos. Esto se llama hacer el rid\u00edculo, con perd\u00f3n.<\/p>\n","protected":false},"excerpt":{"rendered":"<p>A la vuelta de mi viaje a Roma le\u00ed, correspondiente al Domingo de Ramos, una nota aparecida sobre la Semana Santa denominada \u201cEl Guardabrisas\u201d y perteneciente al Diario de C\u00e1diz. En esta nota, el autor relataba con asombro que los abogados, procuradores y notarios no ir\u00edan en la procesi\u00f3n del Nazareno porque iban los graduados [&hellip;]<\/p>\n","protected":false},"author":1,"featured_media":0,"comment_status":"open","ping_status":"open","sticky":false,"template":"","format":"standard","meta":{"footnotes":""},"categories":[6,4],"tags":[],"class_list":["post-59","post","type-post","status-publish","format-standard","hentry","category-actualidad","category-vida-publica"],"_links":{"self":[{"href":"https:\/\/elblogdejoseblasfernandez.com\/index.php?rest_route=\/wp\/v2\/posts\/59","targetHints":{"allow":["GET"]}}],"collection":[{"href":"https:\/\/elblogdejoseblasfernandez.com\/index.php?rest_route=\/wp\/v2\/posts"}],"about":[{"href":"https:\/\/elblogdejoseblasfernandez.com\/index.php?rest_route=\/wp\/v2\/types\/post"}],"author":[{"embeddable":true,"href":"https:\/\/elblogdejoseblasfernandez.com\/index.php?rest_route=\/wp\/v2\/users\/1"}],"replies":[{"embeddable":true,"href":"https:\/\/elblogdejoseblasfernandez.com\/index.php?rest_route=%2Fwp%2Fv2%2Fcomments&post=59"}],"version-history":[{"count":2,"href":"https:\/\/elblogdejoseblasfernandez.com\/index.php?rest_route=\/wp\/v2\/posts\/59\/revisions"}],"predecessor-version":[{"id":551,"href":"https:\/\/elblogdejoseblasfernandez.com\/index.php?rest_route=\/wp\/v2\/posts\/59\/revisions\/551"}],"wp:attachment":[{"href":"https:\/\/elblogdejoseblasfernandez.com\/index.php?rest_route=%2Fwp%2Fv2%2Fmedia&parent=59"}],"wp:term":[{"taxonomy":"category","embeddable":true,"href":"https:\/\/elblogdejoseblasfernandez.com\/index.php?rest_route=%2Fwp%2Fv2%2Fcategories&post=59"},{"taxonomy":"post_tag","embeddable":true,"href":"https:\/\/elblogdejoseblasfernandez.com\/index.php?rest_route=%2Fwp%2Fv2%2Ftags&post=59"}],"curies":[{"name":"wp","href":"https:\/\/api.w.org\/{rel}","templated":true}]}}