{"id":60,"date":"2009-05-04T21:36:12","date_gmt":"2009-05-04T21:36:12","guid":{"rendered":""},"modified":"2012-11-21T04:35:08","modified_gmt":"2012-11-21T03:35:08","slug":"hacia-donde-nos-lleva-el-gobierno","status":"publish","type":"post","link":"https:\/\/elblogdejoseblasfernandez.com\/?p=60","title":{"rendered":"\u00bfHacia d\u00f3nde nos lleva el gobierno?"},"content":{"rendered":"<p style=\"text-align: justify;\">Cuando Espa\u00f1a se encontraba en plena fase de crecimiento, tuvo la oportunidad de absorber m\u00e1s de cinco millones de inmigrantes de Europa del Este, Am\u00e9rica Latina y del norte de \u00c1frica, independientemente de generar mayor empleo a los j\u00f3venes de nuestro pa\u00eds. Ahora estos mismos trabajadores han descubierto la palabra crisis y seg\u00fan los datos oficiales nuestro mercado de trabajo supera los cuatro millones de parados, tasa que est\u00e1 en el 17,5% de la poblaci\u00f3n activa duplicando a la media de la Uni\u00f3n Europea, donde desgraciadamente Espa\u00f1a destruye nueve mil empleos diarios, lleg\u00e1ndose en pocos meses a una cifra fuera de todo lugar que se apuntar\u00e1 a los cinco millones de parados. Es decir, el 20% de la poblaci\u00f3n activa, siendo por tanto, la \u201ccampeona del paro\u201d de la Europa Occidental.<\/p>\n<p style=\"text-align: justify;\">Esto no funciona. Los Sindicatos que tambi\u00e9n utilizan la demagogia no se ponen de acuerdo sobre la naturaleza del problema. Hay miles de convenios colectivos parados porque las mesas negociadoras no dan cr\u00e9dito a la deflaci\u00f3n existente. Aumenta por d\u00eda la econom\u00eda sumergida y desde el estallido de la burbuja inmobiliaria cada vez nos empiezan a visitar menos extranjeros.<\/p>\n<p style=\"text-align: justify;\">L\u00f3gicamente, el Gobierno no hab\u00eda previsto lo que est\u00e1 ocurriendo. Ha empezado a soltar dinero y a endeudar a Espa\u00f1a a diestro y siniestro. Todav\u00eda tenemos en nuestras mentes y lo pagaremos en la Renta pr\u00f3xima, aquellos in\u00fatiles 400 euros que cre\u00f3 un d\u00e9ficit de m\u00e1s de 6.000 millones de euros. Mientras aumentaba el desempleo, los salarios reales tambi\u00e9n lo hac\u00edan como nunca, cuando debi\u00f3 ocurrir lo contrario. Los ERES est\u00e1n vaciando a las empresas y los trabajadores permanentes y temporales est\u00e1n teniendo peligrosos efectos econ\u00f3micos y sociales, pues los temporales son los m\u00e1s sacrificados y mayores v\u00edctimas de los despidos, por lo general mujeres y j\u00f3venes. Por eso Zapatero habla de proteger los derechos de los trabajadores, pero en pura realidad lo que est\u00e1 diciendo es que s\u00f3lo pretende defender a los que tienen un empleo fijo.<\/p>\n<p style=\"text-align: justify;\">Los Sindicatos est\u00e1n mudos y Zapatero los ha colmado de subvenciones pese a la recesi\u00f3n, por lo que tienen razones para callar, ya que en esta nueva era socialista las arcas de las organizaciones sindicales han aumentado un 34% m\u00e1s; l\u00f3gicamente aumento superior al IPC, pues desde el 2006 al 2009 los presupuestos de las Centrales mayoritarias han sobrepasado el 4,7%, algo que quienes trabajan y sufren una crisis no llegan a entender. Con esta tesis es l\u00f3gico que digan que las medidas del gobierno les parecen \u201cadecuadas\u201d y \u201cque no saldr\u00e1n a la calle mientras no haya una merma en los derechos de los trabajadores\u201d, lo que viene a definirse con esta afirmaci\u00f3n que la p\u00e9rdida de puestos de trabajo no supone un menoscabo de ning\u00fan derecho. Cosa que parece una d\u00e9bil defensa, mientras que nueve mil personas al d\u00eda engrosan las colas del INEM. En estos momentos, los Sindicatos est\u00e1n aparcados, salvo en una preocupaci\u00f3n importante, cual es, el ofrecimiento de cursos formativos. Ahora se entiende que haya razones para callar, pero la crisis nos est\u00e1 pasando una dura factura y las medidas que le quedan al Gobierno por poner en marcha ya son medidas para una poblaci\u00f3n empobrecida, pues los m\u00e1s de cuatro millones que forman el desempleo en nuestro pa\u00eds, tienen nombres y apellidos de personas que est\u00e1n pasando hambre, personas que en silencio ya no poseen ni prestaci\u00f3n econ\u00f3mica, personas que tienen que ser atendidas por centros de la Iglesia para cubrir sus m\u00ednimas necesidades de hipoteca, comida, vestidos y tantas necesidades perentorias.<br \/>\nEl Gobierno sabe perfectamente que esto va mal. Sabe perfectamente que el gas se le ha ido como a las cervezas que se quedan abiertas y sin beber. El Gobierno sabe que las entidades financieras guardan el dinero para hacerse m\u00e1s fuertes y el Gobierno sabe que la crisis de las Cajas de Ahorros y de algunos Bancos es imparable y puede tener efectos muy perniciosos, pero sin embargo, no hace nada por escuchar a quienes entienden que es necesaria una reforma laboral, a quienes entienden que el Sistema de Pensiones puede llegar a la quiebra y a quienes entienden que el crear empleo no lo realiza el sector p\u00fablico. Eso lo sabe el Gobierno, pero parece que en paralelo no quiere ir hacia donde camina Europa. El dinero no se mueve, quienes lo tienen lo guardan y nuestro endeudamiento es cada d\u00eda mayor. La econom\u00eda tiene que volver a ser decente y no estar secuestrada, pues en un estado de crisis como el nuestro la administraci\u00f3n debe hacer frente a los problemas que tienen m\u00e1s del 90% de las empresas, pero aqu\u00ed ni se piensa en el ma\u00f1ana y ni se trabaja en el presente, por lo que las PYMES como creadoras de empleo, ya no tienen oxigeno. De buenas palabras estamos cansados y si no queremos arriesgarnos a una mayor crisis tenemos que hablar a los ciudadanos con la verdad, pues la morosidad, el desempleo y la depresi\u00f3n econ\u00f3mica est\u00e1n haciendo algo sin precedentes.<\/p>\n<p style=\"text-align: justify;\">Mucha tinta se est\u00e1 corriendo sobre la crisis, pero ning\u00fan proyecto nos est\u00e1 alentando a pensar que esto acabar\u00e1 a medio plazo, por ello, no se puede estar como Ner\u00f3n tocando el arpa mientras Roma ard\u00eda. Hay que buscar soluciones y quien las tiene que poner en marcha es quien gobierna. Con demagogia, enga\u00f1os y ocultando la verdad s\u00f3lo estamos abocados a que el 2009 termine con la escalofriante cifra de m\u00e1s de cinco millones de parados. Y, \u00bfqui\u00e9n paga eso?. Al final, d\u00e9ficit, endeudamiento y tumbas de empresas, por no decir que en el camino estas tambi\u00e9n arrastran de los trabajadores, como es l\u00f3gico, por lo que habr\u00e1 que preguntarse que \u00bfhacia d\u00f3nde nos lleva el Gobierno?.<\/p>\n","protected":false},"excerpt":{"rendered":"<p>Cuando Espa\u00f1a se encontraba en plena fase de crecimiento, tuvo la oportunidad de absorber m\u00e1s de cinco millones de inmigrantes de Europa del Este, Am\u00e9rica Latina y del norte de \u00c1frica, independientemente de generar mayor empleo a los j\u00f3venes de nuestro pa\u00eds. Ahora estos mismos trabajadores han descubierto la palabra crisis y seg\u00fan los datos [&hellip;]<\/p>\n","protected":false},"author":1,"featured_media":0,"comment_status":"open","ping_status":"open","sticky":false,"template":"","format":"standard","meta":{"footnotes":""},"categories":[6],"tags":[],"class_list":["post-60","post","type-post","status-publish","format-standard","hentry","category-actualidad"],"_links":{"self":[{"href":"https:\/\/elblogdejoseblasfernandez.com\/index.php?rest_route=\/wp\/v2\/posts\/60","targetHints":{"allow":["GET"]}}],"collection":[{"href":"https:\/\/elblogdejoseblasfernandez.com\/index.php?rest_route=\/wp\/v2\/posts"}],"about":[{"href":"https:\/\/elblogdejoseblasfernandez.com\/index.php?rest_route=\/wp\/v2\/types\/post"}],"author":[{"embeddable":true,"href":"https:\/\/elblogdejoseblasfernandez.com\/index.php?rest_route=\/wp\/v2\/users\/1"}],"replies":[{"embeddable":true,"href":"https:\/\/elblogdejoseblasfernandez.com\/index.php?rest_route=%2Fwp%2Fv2%2Fcomments&post=60"}],"version-history":[{"count":2,"href":"https:\/\/elblogdejoseblasfernandez.com\/index.php?rest_route=\/wp\/v2\/posts\/60\/revisions"}],"predecessor-version":[{"id":550,"href":"https:\/\/elblogdejoseblasfernandez.com\/index.php?rest_route=\/wp\/v2\/posts\/60\/revisions\/550"}],"wp:attachment":[{"href":"https:\/\/elblogdejoseblasfernandez.com\/index.php?rest_route=%2Fwp%2Fv2%2Fmedia&parent=60"}],"wp:term":[{"taxonomy":"category","embeddable":true,"href":"https:\/\/elblogdejoseblasfernandez.com\/index.php?rest_route=%2Fwp%2Fv2%2Fcategories&post=60"},{"taxonomy":"post_tag","embeddable":true,"href":"https:\/\/elblogdejoseblasfernandez.com\/index.php?rest_route=%2Fwp%2Fv2%2Ftags&post=60"}],"curies":[{"name":"wp","href":"https:\/\/api.w.org\/{rel}","templated":true}]}}