{"id":606,"date":"2009-05-05T18:20:18","date_gmt":"2009-05-05T16:20:18","guid":{"rendered":"http:\/\/elblogdejoseblasfernandez.com\/?p=606"},"modified":"2012-11-23T20:20:51","modified_gmt":"2012-11-23T19:20:51","slug":"consulta-sobre-eres","status":"publish","type":"post","link":"https:\/\/elblogdejoseblasfernandez.com\/?p=606","title":{"rendered":"Consulta: cargo sindical y ERE"},"content":{"rendered":"<blockquote><p><span style=\"color: #993300;\"><strong>Mi hermano es delegado de personal de una empresa textil en C\u00e1ceres, ahora est\u00e1n despidiendo a toda la plantilla por medio de un ERE lo que hace que salgan todos al desempleo. Solicito conocer si mi hermano al ser cargo sindical tiene derecho a quedarse y no puede ser despedido o por el contrario es como si se tratara de un trabajador mas. Gracias Juan Barranco R\u00edos<\/strong><\/span><\/p><\/blockquote>\n<p>Su hermano al tener la condici\u00f3n de Delegado de Personal deber\u00e1 ser el \u00faltimo en ser despedido,por cuanto que debe ser el garante frente al resto de compa\u00f1eros de cuanto se lleve a cabo por la empresa y velar por el cumplimiento de todos los requisitos en esa situaci\u00f3n de ERE.<\/p>\n","protected":false},"excerpt":{"rendered":"<p>Mi hermano es delegado de personal de una empresa textil en C\u00e1ceres, ahora est\u00e1n despidiendo a toda la plantilla por medio de un ERE lo que hace que salgan todos al desempleo. Solicito conocer si mi hermano al ser cargo sindical tiene derecho a quedarse y no puede ser despedido o por el contrario es [&hellip;]<\/p>\n","protected":false},"author":1,"featured_media":0,"comment_status":"open","ping_status":"open","sticky":false,"template":"","format":"standard","meta":{"footnotes":""},"categories":[11],"tags":[],"class_list":["post-606","post","type-post","status-publish","format-standard","hentry","category-consultas"],"_links":{"self":[{"href":"https:\/\/elblogdejoseblasfernandez.com\/index.php?rest_route=\/wp\/v2\/posts\/606","targetHints":{"allow":["GET"]}}],"collection":[{"href":"https:\/\/elblogdejoseblasfernandez.com\/index.php?rest_route=\/wp\/v2\/posts"}],"about":[{"href":"https:\/\/elblogdejoseblasfernandez.com\/index.php?rest_route=\/wp\/v2\/types\/post"}],"author":[{"embeddable":true,"href":"https:\/\/elblogdejoseblasfernandez.com\/index.php?rest_route=\/wp\/v2\/users\/1"}],"replies":[{"embeddable":true,"href":"https:\/\/elblogdejoseblasfernandez.com\/index.php?rest_route=%2Fwp%2Fv2%2Fcomments&post=606"}],"version-history":[{"count":4,"href":"https:\/\/elblogdejoseblasfernandez.com\/index.php?rest_route=\/wp\/v2\/posts\/606\/revisions"}],"predecessor-version":[{"id":608,"href":"https:\/\/elblogdejoseblasfernandez.com\/index.php?rest_route=\/wp\/v2\/posts\/606\/revisions\/608"}],"wp:attachment":[{"href":"https:\/\/elblogdejoseblasfernandez.com\/index.php?rest_route=%2Fwp%2Fv2%2Fmedia&parent=606"}],"wp:term":[{"taxonomy":"category","embeddable":true,"href":"https:\/\/elblogdejoseblasfernandez.com\/index.php?rest_route=%2Fwp%2Fv2%2Fcategories&post=606"},{"taxonomy":"post_tag","embeddable":true,"href":"https:\/\/elblogdejoseblasfernandez.com\/index.php?rest_route=%2Fwp%2Fv2%2Ftags&post=606"}],"curies":[{"name":"wp","href":"https:\/\/api.w.org\/{rel}","templated":true}]}}