{"id":65,"date":"2009-06-15T22:19:05","date_gmt":"2009-06-15T22:19:05","guid":{"rendered":""},"modified":"2012-11-21T04:33:26","modified_gmt":"2012-11-21T03:33:26","slug":"pero-cuanto-nos-va-a-costar-la-luz","status":"publish","type":"post","link":"https:\/\/elblogdejoseblasfernandez.com\/?p=65","title":{"rendered":"Pero&#8230;\u00bfCu\u00e1nto nos va a costar la luz?"},"content":{"rendered":"<p style=\"text-align: justify;\">Hoy no voy a hablar de las dos bombillas del Ministro Miguel Sebasti\u00e1n, pues el regalo del Ministro de Industria ni lo he recibido ni creo que casi nadie, pues seg\u00fan mis noticias hay m\u00e1s de 300.000 bombillas de bajo consumo en correos sin repartir.\u00a0Pero esa gran oferta del Ministro no tiene nada que ver con la puesta en marcha el d\u00eda 1 de Julio de la liberalizaci\u00f3n del sector el\u00e9ctrico, pues ante tanta incertidumbre y existiendo m\u00e1s de 25 millones de abonados nadie conoce cu\u00e1nto nos va a costar la luz a partir de dicho d\u00eda. S\u00ed conocemos que desde que entr\u00f3 el Sr. Zapatero en el gobierno la electricidad ha subido un 40%, para ser m\u00e1s concreto y como \u00faltimo refregonazo o calambrazo, ya que hablamos de electricidad, el 1 de Enero nos subi\u00f3 un 3% y ahora en Julio lo har\u00e1 otro 3,5%., mientras quienes consuman m\u00e1s de 10 Kw., o menos de 10 tendr\u00e1 que empezar a elegir una comercializadora y no digamos de quienes consuman hasta 3Kw y tengan que acudir a la tarifa TUR (Tarifa de \u00daltimo Recurso), la cual dicen que quedar\u00e1 congelada tras la subida de Julio por dos a\u00f1os y quienes consideren que tienen la pensi\u00f3n m\u00ednima, toda la familia en paro, o familia numerosa, pues tendr\u00e1n el bono social. En definitiva, una situaci\u00f3n que se nos presenta para los consumidores totalmente desconocida, donde los grandes, medianos y peque\u00f1os deber\u00e1n elegir suministrador y donde nadie sabe cu\u00e1nto nos va a costar la luz. Una nueva situaci\u00f3n provocada por quienes a la altura que estamos no saben ni por donde ir ni a donde van.<\/p>\n","protected":false},"excerpt":{"rendered":"<p>Hoy no voy a hablar de las dos bombillas del Ministro Miguel Sebasti\u00e1n, pues el regalo del Ministro de Industria ni lo he recibido ni creo que casi nadie, pues seg\u00fan mis noticias hay m\u00e1s de 300.000 bombillas de bajo consumo en correos sin repartir.\u00a0Pero esa gran oferta del Ministro no tiene nada que ver [&hellip;]<\/p>\n","protected":false},"author":1,"featured_media":0,"comment_status":"open","ping_status":"open","sticky":false,"template":"","format":"standard","meta":{"footnotes":""},"categories":[6],"tags":[],"class_list":["post-65","post","type-post","status-publish","format-standard","hentry","category-actualidad"],"_links":{"self":[{"href":"https:\/\/elblogdejoseblasfernandez.com\/index.php?rest_route=\/wp\/v2\/posts\/65","targetHints":{"allow":["GET"]}}],"collection":[{"href":"https:\/\/elblogdejoseblasfernandez.com\/index.php?rest_route=\/wp\/v2\/posts"}],"about":[{"href":"https:\/\/elblogdejoseblasfernandez.com\/index.php?rest_route=\/wp\/v2\/types\/post"}],"author":[{"embeddable":true,"href":"https:\/\/elblogdejoseblasfernandez.com\/index.php?rest_route=\/wp\/v2\/users\/1"}],"replies":[{"embeddable":true,"href":"https:\/\/elblogdejoseblasfernandez.com\/index.php?rest_route=%2Fwp%2Fv2%2Fcomments&post=65"}],"version-history":[{"count":2,"href":"https:\/\/elblogdejoseblasfernandez.com\/index.php?rest_route=\/wp\/v2\/posts\/65\/revisions"}],"predecessor-version":[{"id":545,"href":"https:\/\/elblogdejoseblasfernandez.com\/index.php?rest_route=\/wp\/v2\/posts\/65\/revisions\/545"}],"wp:attachment":[{"href":"https:\/\/elblogdejoseblasfernandez.com\/index.php?rest_route=%2Fwp%2Fv2%2Fmedia&parent=65"}],"wp:term":[{"taxonomy":"category","embeddable":true,"href":"https:\/\/elblogdejoseblasfernandez.com\/index.php?rest_route=%2Fwp%2Fv2%2Fcategories&post=65"},{"taxonomy":"post_tag","embeddable":true,"href":"https:\/\/elblogdejoseblasfernandez.com\/index.php?rest_route=%2Fwp%2Fv2%2Ftags&post=65"}],"curies":[{"name":"wp","href":"https:\/\/api.w.org\/{rel}","templated":true}]}}