{"id":68,"date":"2009-07-06T22:02:09","date_gmt":"2009-07-06T22:02:09","guid":{"rendered":""},"modified":"2012-11-21T04:32:43","modified_gmt":"2012-11-21T03:32:43","slug":"a-f-a-n-a-s","status":"publish","type":"post","link":"https:\/\/elblogdejoseblasfernandez.com\/?p=68","title":{"rendered":"A.F.A.N.A.S"},"content":{"rendered":"<p style=\"text-align: justify;\">La Asociaci\u00f3n de AFANAS en esa gran labor de trabajar por los ni\u00f1os con disminuci\u00f3n ps\u00edquica est\u00e1 preparando un almanaque para el 2010 donde figuren distintos grupos profesionales gaditanos divididos por meses. Es decir, cada mes saldr\u00e1 una fotograf\u00eda de las personas que trabajan en la seguridad ciudadana, la sanidad, los deportes, la justicia, la hosteler\u00eda, etc., etc., etc.,. La idea es magn\u00edfica, desinteresada y altruista y el fin de recaudar fondos para los proyectos de esta Asociaci\u00f3n de ayuda a minusv\u00e1lidos ps\u00edquicos pone de relieve el trabajo que vienen haciendo desde la gerencia y, concretamente, su titular Jos\u00e9 Luis Torrej\u00f3n.<\/p>\n<p style=\"text-align: justify;\">Sin embargo, alguien ha querido empa\u00f1ar uno de estos meses de su almanaque. \u00a0Y me refiero al Decano de Colegios de Abogados de C\u00e1diz, que en esa permanente b\u00fasqueda de confrontaci\u00f3n con los Graduados Sociales no ha querido participar, ya que el Presidente de este Colegio sal\u00eda como vulgarmente se dice \u201cen la misma foto\u201d. Cada vez entiendo menos los gestos y posturas de algunos que en lugar de mirar el inter\u00e9s general, en este caso el de unos ni\u00f1os con necesidad, ha mirado su ego y hasta se permiti\u00f3 vetar a quienes no est\u00e9n como \u00e9l o no sean como \u00e9l quiere. Pues mire usted, Sr. Jare\u00f1o, no voy a polemizar con su actitud, pues yo tambi\u00e9n har\u00eda da\u00f1o a estos ni\u00f1os y no es mi deseo en absoluto, pues ellos est\u00e1n por encima de usted, de su digna profesi\u00f3n y de quienes como usted quieren boicotear, pero para recordarle su fr\u00e1gil memoria le dir\u00e9 que soy Presidente de una muy digna Profesi\u00f3n tanto o m\u00e1s que la suya, la cual es jur\u00eddica, que nos ponemos toga igual que la suya y que por mi condici\u00f3n de Presidente llevo pu\u00f1etas en mis bocamangas, al igual que usted, por lo que si el que yo posea la Cruz de San Raimundo de Pe\u00f1afort, concedida por un Ministro socialista como usted y que la llevo a gala le sigue doliendo, le dir\u00e9 que tiene usted con su actitud un resentimiento tal que le hace ser lo que es usted, una persona dolida.<\/p>\n<p style=\"text-align: justify;\">PD.: Se me olvidaba recordarle que en el acto de la imposici\u00f3n de la Medalla de San Raimundo de Pe\u00f1afort al Fiscal de Medio Ambiente, \u00c1ngel N\u00fa\u00f1ez S\u00e1nchez, intent\u00f3 usted desplazarme de mi sill\u00f3n en la Audiencia, pero mire por donde, le vieron algunos ojitos y se llevaron la sorpresa de que donde me quiso usted poner no era mi sitio, por lo que pese a su dolor y resentimiento me sent\u00e9 donde el protocolo me indicaba.<\/p>\n<p style=\"text-align: justify;\">Su actitud sigue siendo infantil y mi calificaci\u00f3n hacia usted no es m\u00e1s que de desprecio.<\/p>\n","protected":false},"excerpt":{"rendered":"<p>La Asociaci\u00f3n de AFANAS en esa gran labor de trabajar por los ni\u00f1os con disminuci\u00f3n ps\u00edquica est\u00e1 preparando un almanaque para el 2010 donde figuren distintos grupos profesionales gaditanos divididos por meses. Es decir, cada mes saldr\u00e1 una fotograf\u00eda de las personas que trabajan en la seguridad ciudadana, la sanidad, los deportes, la justicia, la [&hellip;]<\/p>\n","protected":false},"author":1,"featured_media":0,"comment_status":"open","ping_status":"open","sticky":false,"template":"","format":"standard","meta":{"footnotes":""},"categories":[6,3],"tags":[],"class_list":["post-68","post","type-post","status-publish","format-standard","hentry","category-actualidad","category-vida-profesional"],"_links":{"self":[{"href":"https:\/\/elblogdejoseblasfernandez.com\/index.php?rest_route=\/wp\/v2\/posts\/68","targetHints":{"allow":["GET"]}}],"collection":[{"href":"https:\/\/elblogdejoseblasfernandez.com\/index.php?rest_route=\/wp\/v2\/posts"}],"about":[{"href":"https:\/\/elblogdejoseblasfernandez.com\/index.php?rest_route=\/wp\/v2\/types\/post"}],"author":[{"embeddable":true,"href":"https:\/\/elblogdejoseblasfernandez.com\/index.php?rest_route=\/wp\/v2\/users\/1"}],"replies":[{"embeddable":true,"href":"https:\/\/elblogdejoseblasfernandez.com\/index.php?rest_route=%2Fwp%2Fv2%2Fcomments&post=68"}],"version-history":[{"count":2,"href":"https:\/\/elblogdejoseblasfernandez.com\/index.php?rest_route=\/wp\/v2\/posts\/68\/revisions"}],"predecessor-version":[{"id":542,"href":"https:\/\/elblogdejoseblasfernandez.com\/index.php?rest_route=\/wp\/v2\/posts\/68\/revisions\/542"}],"wp:attachment":[{"href":"https:\/\/elblogdejoseblasfernandez.com\/index.php?rest_route=%2Fwp%2Fv2%2Fmedia&parent=68"}],"wp:term":[{"taxonomy":"category","embeddable":true,"href":"https:\/\/elblogdejoseblasfernandez.com\/index.php?rest_route=%2Fwp%2Fv2%2Fcategories&post=68"},{"taxonomy":"post_tag","embeddable":true,"href":"https:\/\/elblogdejoseblasfernandez.com\/index.php?rest_route=%2Fwp%2Fv2%2Ftags&post=68"}],"curies":[{"name":"wp","href":"https:\/\/api.w.org\/{rel}","templated":true}]}}