{"id":69,"date":"2009-07-10T20:57:50","date_gmt":"2009-07-10T20:57:50","guid":{"rendered":""},"modified":"2012-11-21T04:32:15","modified_gmt":"2012-11-21T03:32:15","slug":"vacaciones-estivales","status":"publish","type":"post","link":"https:\/\/elblogdejoseblasfernandez.com\/?p=69","title":{"rendered":"Vacaciones estivales"},"content":{"rendered":"<p style=\"text-align: justify;\">Pese a la crisis que nos azota, ya muchos espa\u00f1oles han comenzado sus vacaciones estivales, las cuales, tal vez por la econom\u00eda van a ser m\u00e1s cortas que otros a\u00f1os, o bien entrar\u00e1n en esas vacaciones de tortilla de patatas, todo el d\u00eda en la playa, paseos hasta el \u201cChato\u201d y tomarnos todo lo m\u00e1s un refresco por la orilla de la Caleta. \u00a0Sin embargo, las vacaciones cuando van a estar en el momento m\u00e1s alto y atractivo ser\u00e1 en ese mes de Agosto gaditano, donde con el fresquito por las tardes y paseando por la Alameda o Paseo Mar\u00edtimo, sean las que nos a\u00f1oren la vuelta al trabajo o nos preparen para caer en esa depresi\u00f3n pos-vacacional como hoy se llama.<\/p>\n<p style=\"text-align: justify;\">De nuevo la deflaci\u00f3n nos ha recordado que estamos en ella, lo que hace que el gastar poco nos tenga atormentados, pues seguimos sin saber qu\u00e9 ocurrir\u00e1 para el pr\u00f3ximo Oto\u00f1o, donde no sabemos si ser\u00e1 \u201ccalentito\u201d o si los Sindicatos, con valent\u00eda y coraje les planten cara a este Gobierno para decirle \u201cbasta ya\u201d, pues los m\u00e1s de cuatro millones de parados que est\u00e1n, por desgracia de vacaciones todo el a\u00f1o, es una espada de Damocles que no sabemos c\u00f3mo va a terminar.<\/p>\n<p style=\"text-align: justify;\">Mientras, en nuestro C\u00e1diz bendito manteniendo la caballita \u201cas\u00e1\u201d, la \u201cpiri\u00f1aca\u201d y el gazpacho, podremos decir que disfrutamos del verano y las vacaciones, pero ojito que vienen los colegios, hay que comprar los uniformes de los ni\u00f1os y la cosa hay que prepararla para cuando lleguen los polvorones que, desgraciadamente, para muchos no habr\u00e1 m\u00e1s que disgustos y sinsabores.<\/p>\n<p style=\"text-align: justify;\">Desde este blog, felices vacaciones a quienes la puedan coger y a quienes no, que sigan paseando por la playa, que, por cierto para el colesterol es muy bueno, pues los chicharrones y la manteca color\u00e1 hacen estragos en nuestras arterias.<\/p>\n","protected":false},"excerpt":{"rendered":"<p>Pese a la crisis que nos azota, ya muchos espa\u00f1oles han comenzado sus vacaciones estivales, las cuales, tal vez por la econom\u00eda van a ser m\u00e1s cortas que otros a\u00f1os, o bien entrar\u00e1n en esas vacaciones de tortilla de patatas, todo el d\u00eda en la playa, paseos hasta el \u201cChato\u201d y tomarnos todo lo m\u00e1s [&hellip;]<\/p>\n","protected":false},"author":1,"featured_media":0,"comment_status":"open","ping_status":"open","sticky":false,"template":"","format":"standard","meta":{"footnotes":""},"categories":[6],"tags":[],"class_list":["post-69","post","type-post","status-publish","format-standard","hentry","category-actualidad"],"_links":{"self":[{"href":"https:\/\/elblogdejoseblasfernandez.com\/index.php?rest_route=\/wp\/v2\/posts\/69","targetHints":{"allow":["GET"]}}],"collection":[{"href":"https:\/\/elblogdejoseblasfernandez.com\/index.php?rest_route=\/wp\/v2\/posts"}],"about":[{"href":"https:\/\/elblogdejoseblasfernandez.com\/index.php?rest_route=\/wp\/v2\/types\/post"}],"author":[{"embeddable":true,"href":"https:\/\/elblogdejoseblasfernandez.com\/index.php?rest_route=\/wp\/v2\/users\/1"}],"replies":[{"embeddable":true,"href":"https:\/\/elblogdejoseblasfernandez.com\/index.php?rest_route=%2Fwp%2Fv2%2Fcomments&post=69"}],"version-history":[{"count":2,"href":"https:\/\/elblogdejoseblasfernandez.com\/index.php?rest_route=\/wp\/v2\/posts\/69\/revisions"}],"predecessor-version":[{"id":541,"href":"https:\/\/elblogdejoseblasfernandez.com\/index.php?rest_route=\/wp\/v2\/posts\/69\/revisions\/541"}],"wp:attachment":[{"href":"https:\/\/elblogdejoseblasfernandez.com\/index.php?rest_route=%2Fwp%2Fv2%2Fmedia&parent=69"}],"wp:term":[{"taxonomy":"category","embeddable":true,"href":"https:\/\/elblogdejoseblasfernandez.com\/index.php?rest_route=%2Fwp%2Fv2%2Fcategories&post=69"},{"taxonomy":"post_tag","embeddable":true,"href":"https:\/\/elblogdejoseblasfernandez.com\/index.php?rest_route=%2Fwp%2Fv2%2Ftags&post=69"}],"curies":[{"name":"wp","href":"https:\/\/api.w.org\/{rel}","templated":true}]}}