{"id":71,"date":"2009-07-27T20:50:09","date_gmt":"2009-07-27T20:50:09","guid":{"rendered":""},"modified":"2012-11-21T04:31:35","modified_gmt":"2012-11-21T03:31:35","slug":"mientras-que-espana-arde-zapatero-toca-el-arpa","status":"publish","type":"post","link":"https:\/\/elblogdejoseblasfernandez.com\/?p=71","title":{"rendered":"Mientras que Espa\u00f1a arde Zapatero toca el arpa"},"content":{"rendered":"<p style=\"text-align: justify;\">En estos d\u00edas del verano de 2009 estamos presenciando centenares de incendios en toda nuestra geograf\u00eda espa\u00f1ola que est\u00e1n dejando arrasados a miles de montes y tierras que tardaran muchos a\u00f1os en ver crecer lo hoy perdido, pero lo peor es que tambi\u00e9n estos fuegos, unas veces intencionados y otros por falta de previsi\u00f3n, est\u00e1n arrasando vidas humanas de bomberos que en esa lucha constante por impedir que todo se pierda dejan sus vidas en el camino.<\/p>\n<p style=\"text-align: justify;\">Sin embargo hay otros \u201cfuegos\u201d muchos de ellos evitables y que est\u00e1n dejando a nuestra querida Espa\u00f1a totalmente arrasada y sin ning\u00fan brote verde, y me refiero a esta profunda crisis que si bien es mundial, no cabe duda de que el actual gobierno de Espa\u00f1a, siendo torpe en no preverla est\u00e1 siendo c\u00f3mplice tambi\u00e9n de las miles de empresas que est\u00e1n cayendo todos los d\u00edas y de c\u00f3mo el paro sube de manera dislocada. Precisamente en estos d\u00edas hemos visto c\u00f3mo el desempleo ya est\u00e1 en el 18% y c\u00f3mo m\u00e1s de 25.OOO pymes est\u00e1n al borde del cierre en este verano, lo que conlleva que ni puedan pagar n\u00f3minas de miles de trabajadores y que sean las grandes olvidadas de este gobierno socialista, preocupado m\u00e1s por las fusiones bancarias o de Cajas de ahorros e inyectando millones de euros a diestro y siniestro hipotecando a nuestra econom\u00eda por tantos a\u00f1os que ser\u00e1n nuestros nietos los que no sepan si sus abuelos vivieron con Alicia en el pa\u00eds de las maravillas mientras gobern\u00f3 ZP o es que nacieron en una Espa\u00f1a pobre y sin pilares de sostenibilidad.<\/p>\n<p style=\"text-align: justify;\">Estamos acudiendo a par\u00e1metros de asombro -aunque avisados por expertos-, y vemos como el gasto de las pensiones se ha disparado un 6,6% en un a\u00f1o, y eso es muy grave. El n\u00famero de pensionistas espa\u00f1oles se ha incrementado en 983.492 personas entre julio del 2008 y julio del 2009, por lo que los jubilados aumentan de manera desproporcinada, ya que ocho de cada diez pensionistas lo son por jubilaci\u00f3n, lo que pone de manifiesto que el envejecimiento demogr\u00e1fico y el efecto de la longevidad amenazan el equilibrio del sistema de protecci\u00f3n en nuestro pa\u00eds. Es muy peligroso lo que est\u00e1 ocurriendo, pues el n\u00famero de personas jubiladas supera los 5 millones frente a los 23 millones de trabajadores, cayendo vertiginosamente la afiliaci\u00f3n a la Seguridad Social y por tanto los ingresos por estos conceptos, lo que pone de relieve, como Bruselas nos est\u00e1 advirtiendo, de la mala salud de la Seguridad Social espa\u00f1ola, por lo que habr\u00e1 que buscar soluciones y no demagogia para paliar lo que se nos avecina, ya que aunque el Director del Banco de Espa\u00f1a lo viene diciendo, los voceros de ZP no quieren m\u00e1s que ocultar la realidad en la que estamos inmersos.<br \/>\nPero esto no acaba aqu\u00ed, estamos viviendo una falta de di\u00e1logo social entre patronal y sindicatos en la que nadie quiere ceder y todo ello unido a una falta de valent\u00eda por parte de los legisladores que no ha tenido precedentes en los \u00faltimos veinte a\u00f1os de la democracia. Esto no va bien, el paro no deja de crecer, los salarios s\u00f3lo tienen valor de poder adquisitivo para los funcionarios cuando el empleo p\u00fablico, precisamente, no genera empleo, pues es pagado con los impuestos de todos los espa\u00f1oles. En resumen, nos espera un escenario de recuperaci\u00f3n sin empleo y el Estado adeudaba en mayo 5O.OOO millones de euros, es decir 68 veces m\u00e1s que hace un a\u00f1o, lo que deja a la econom\u00eda espa\u00f1ola con la soga al cuello y sin contar c\u00f3mo la depresi\u00f3n econ\u00f3mica est\u00e1 teniendo ra\u00edces en el turismo imprevisibles, una de nuestras principales fuentes de ingresos, lo que hace y har\u00e1 tras el verano que el d\u00e9ficit se introduzca en una espiral de la que nunca se vea salida.<\/p>\n<p style=\"text-align: justify;\">Los sindicatos pudieron haber hecho una huelga general en su momento para que al menos alguien parara esta loca locomotora que va cuesta abajo y sin frenos, pero interes\u00f3 m\u00e1s su \u201cstatus\u201d de est\u00f3magos agradecidos que el inter\u00e9s general, por eso hoy vemos c\u00f3mo el 84,2% de la poblaci\u00f3n trabajadora no est\u00e1 afiliada a ning\u00fan sindicato y, mientras, el Gobierno le ha subido a la UGT, entre otras, un 50% las subvenciones, por lo que ya no existen ni sindicatos verticales de la \u00e9poca franquista ni los horizontales, es decir, s\u00f3lo existen los transversales porque aqu\u00ed cabe todo.<\/p>\n<p style=\"text-align: justify;\">ZP, tras un a\u00f1o de di\u00e1logo social frustrado, s\u00f3lo ha conseguido 1,7 millones de parados m\u00e1s, pues todo aqu\u00ed se ha roto. Ni empresarios ni sindicatos se han puesto de acuerdo y a quien le toca mover ficha ahora es al Gobierno, y que no achaque m\u00e1s que unos quieren el despido libre para contentar a los otros que est\u00e1n muy c\u00f3modos y se arrepentir\u00e1n muy pronto de no haber convocado una huelga general. La recesi\u00f3n econ\u00f3mica se est\u00e1 debatiendo en miles de Juzgados que est\u00e1n recibiendo un aumento pat\u00e9tico en el term\u00f3metro de la crisis, los concursos de acreedores se han triplicado, el Fondo de Garant\u00eda Salarial se ha desbordado en sus pagos, los Juzgados de lo Social s\u00f3lo se dedican a llevar a cabo ejecuciones por impago de las empresas y, precisamente, las pymes, que crean m\u00e1s del 85% de los puestos de trabajo, se las orilla y tantas promesas para esos aut\u00f3nomos con derecho a desempleo han quedado en nada. Es m\u00e1s, aqu\u00ed todo ha subido, pero para peor. No se habla de productividad, s\u00f3lo de la frase del ex ministro Solbes: \u201cque cada palo aguante su vela\u201d. Es curioso c\u00f3mo hasta los divorcios han bajado, pero precisamente porque en las separaciones nadie se puede quedar con el pago de la hipoteca y, en muchos casos, con los c\u00f3nyuges en el desempleo no tienen ni para el sustento del mantenimiento de los hijos.<\/p>\n<p style=\"text-align: justify;\">Estamos ante un triste horizonte y de perspectivas poco gratas. El Sr. Zapatero no sabe a d\u00f3nde mirar ni a d\u00f3nde acudir. Est\u00e1 sumamente nervioso de ver que Espa\u00f1a se le ha ido de las manos y que su gobierno no tiene credibilidad alguna, pues teme a unas elecciones anticipadas y m\u00e1s si en enero tiene que presidir la UE. Por lo que el des\u00e1nimo se ha apoderado de todos, la juventud no encuentra su espacio y s\u00f3lo queda una sociedad vac\u00eda de valores que no encuentra su sitio, mientras Zapatero se pone a tocar el arpa mirando de reojo c\u00f3mo Espa\u00f1a arde por los cuatro costados.<\/p>\n","protected":false},"excerpt":{"rendered":"<p>En estos d\u00edas del verano de 2009 estamos presenciando centenares de incendios en toda nuestra geograf\u00eda espa\u00f1ola que est\u00e1n dejando arrasados a miles de montes y tierras que tardaran muchos a\u00f1os en ver crecer lo hoy perdido, pero lo peor es que tambi\u00e9n estos fuegos, unas veces intencionados y otros por falta de previsi\u00f3n, est\u00e1n [&hellip;]<\/p>\n","protected":false},"author":1,"featured_media":0,"comment_status":"open","ping_status":"open","sticky":false,"template":"","format":"standard","meta":{"footnotes":""},"categories":[6],"tags":[],"class_list":["post-71","post","type-post","status-publish","format-standard","hentry","category-actualidad"],"_links":{"self":[{"href":"https:\/\/elblogdejoseblasfernandez.com\/index.php?rest_route=\/wp\/v2\/posts\/71","targetHints":{"allow":["GET"]}}],"collection":[{"href":"https:\/\/elblogdejoseblasfernandez.com\/index.php?rest_route=\/wp\/v2\/posts"}],"about":[{"href":"https:\/\/elblogdejoseblasfernandez.com\/index.php?rest_route=\/wp\/v2\/types\/post"}],"author":[{"embeddable":true,"href":"https:\/\/elblogdejoseblasfernandez.com\/index.php?rest_route=\/wp\/v2\/users\/1"}],"replies":[{"embeddable":true,"href":"https:\/\/elblogdejoseblasfernandez.com\/index.php?rest_route=%2Fwp%2Fv2%2Fcomments&post=71"}],"version-history":[{"count":2,"href":"https:\/\/elblogdejoseblasfernandez.com\/index.php?rest_route=\/wp\/v2\/posts\/71\/revisions"}],"predecessor-version":[{"id":539,"href":"https:\/\/elblogdejoseblasfernandez.com\/index.php?rest_route=\/wp\/v2\/posts\/71\/revisions\/539"}],"wp:attachment":[{"href":"https:\/\/elblogdejoseblasfernandez.com\/index.php?rest_route=%2Fwp%2Fv2%2Fmedia&parent=71"}],"wp:term":[{"taxonomy":"category","embeddable":true,"href":"https:\/\/elblogdejoseblasfernandez.com\/index.php?rest_route=%2Fwp%2Fv2%2Fcategories&post=71"},{"taxonomy":"post_tag","embeddable":true,"href":"https:\/\/elblogdejoseblasfernandez.com\/index.php?rest_route=%2Fwp%2Fv2%2Ftags&post=71"}],"curies":[{"name":"wp","href":"https:\/\/api.w.org\/{rel}","templated":true}]}}