{"id":75,"date":"2009-10-09T21:20:35","date_gmt":"2009-10-09T21:20:35","guid":{"rendered":""},"modified":"2012-11-21T04:30:28","modified_gmt":"2012-11-21T03:30:28","slug":"se-ha-ganado-la-batalla-del-recurso-de-suplicacion","status":"publish","type":"post","link":"https:\/\/elblogdejoseblasfernandez.com\/?p=75","title":{"rendered":"Se ha ganado la batalla del recurso de suplicaci\u00f3n"},"content":{"rendered":"<p style=\"text-align: justify;\">M\u00e1s que una batalla ha sido una guerra. \u00a1Cu\u00e1ntos y cu\u00e1ntos a\u00f1os atr\u00e1s ven\u00edamos los Graduados Sociales reivindicando el derecho a firmar el Recurso de Suplicaci\u00f3n ante el TSJ!.\u00a0Pues como se ha dicho en el debate parlamentario los d\u00edas 5 y 7 de Octubre pasado, era una realidad social el que este colectivo que confeccionaba y realizaba estos recursos tuviera que buscar a voleo la firma de un letrado para dar as\u00ed tr\u00e1mite a lo que todav\u00eda establece la Ley de Procedimiento Laboral. Fueron muchas veces las que en este asunto tuve hasta discusiones. Recuerdo que ha sido mi gran caballo de batalla durante los \u00faltimos ocho a\u00f1os, pues pese a tener el benepl\u00e1cito del Consejo General del Poder Judicial, de Catedr\u00e1ticos y de los propios abogados, siempre tuvimos un \u201cpero\u201d para estudiarlo en profundidad en otra ocasi\u00f3n. Ha llegado el momento principal: el pasado 7 de Octubre, tras el apoyo incondicional del actual Secretario de Estado de Justicia, del Portavoz del PSOE en el Senado y, como no, de Federico Trillo, llegamos a la conclusi\u00f3n de que este recurso era imparable para que lo hicieran de manera definitiva los Graduados Sociales. Hemos aprovechado el modificar la Ley Org\u00e1nica del Poder Judicial y con la nueva Ley de la Oficina Judicial, ah\u00ed se ha afincado una transacional que nos hace de pleno derecho ser la otra figura procesal, junto a los abogados que tienen que llevar a cabo estos recursos.<\/p>\n<p style=\"text-align: justify;\">Desde aqu\u00ed quiero dar las gracias a mi compa\u00f1ero parlamentario Agust\u00edn Conde, quien pese a las presiones de Carlos Carnicer, tambi\u00e9n ha trabajado para que esto saliese adelante, pues \u00e9l sab\u00eda mejor que nadie el inter\u00e9s que desde hace a\u00f1os yo manten\u00eda en este tema y ni que decir queda el buen papel que tambi\u00e9n ha realizado mi otro compa\u00f1ero, Joaqu\u00edn Ram\u00edrez, que como miembro de la Comisi\u00f3n de Justicia en el Senado, y precisamente, Abogado, ha dicho hasta la saciedad que el inter\u00e9s general est\u00e1 por encima de cualquier particular o colectivo y, precisamente, los abogados tienen que reconocer que en esta parcela los Graduados Sociales guardamos prestigio y sabemos lo que estamos haciendo. Gracias Joaqu\u00edn!.<\/p>\n<p style=\"text-align: justify;\">Comprendo el papel de Carlos Carnicer, pero no lo comparto. Ha querido, como se dice, \u201cmorir matando\u201d, pues con tal de eliminarnos hasta hac\u00edan concesiones para no tener ellos la exclusividad en esta materia. Pero lo peor, no es el Sr. Carnicer, son los mediocres que le han seguido con insultos velados, descalificaciones y hasta cartas coactivas de que no votar\u00edan m\u00e1s al Partido Popular si esto sal\u00eda adelante. De verg\u00fcenza!.<\/p>\n<p style=\"text-align: justify;\">Pero hoy me quedo aqu\u00ed. S\u00f3lo quiero congratularme de este \u00e9xito que supongo que a otros se les estar\u00e1n removiendo las tripas. En definitiva, s\u00f3lo me queda decir como grit\u00f3 aquel guerrero que: \u201cEmperador, la batalla se ha ganado\u201d. Pasemos p\u00e1gina y vayamos a por otra.<\/p>\n","protected":false},"excerpt":{"rendered":"<p>M\u00e1s que una batalla ha sido una guerra. \u00a1Cu\u00e1ntos y cu\u00e1ntos a\u00f1os atr\u00e1s ven\u00edamos los Graduados Sociales reivindicando el derecho a firmar el Recurso de Suplicaci\u00f3n ante el TSJ!.\u00a0Pues como se ha dicho en el debate parlamentario los d\u00edas 5 y 7 de Octubre pasado, era una realidad social el que este colectivo que confeccionaba [&hellip;]<\/p>\n","protected":false},"author":1,"featured_media":0,"comment_status":"open","ping_status":"open","sticky":false,"template":"","format":"standard","meta":{"footnotes":""},"categories":[3],"tags":[],"class_list":["post-75","post","type-post","status-publish","format-standard","hentry","category-vida-profesional"],"_links":{"self":[{"href":"https:\/\/elblogdejoseblasfernandez.com\/index.php?rest_route=\/wp\/v2\/posts\/75","targetHints":{"allow":["GET"]}}],"collection":[{"href":"https:\/\/elblogdejoseblasfernandez.com\/index.php?rest_route=\/wp\/v2\/posts"}],"about":[{"href":"https:\/\/elblogdejoseblasfernandez.com\/index.php?rest_route=\/wp\/v2\/types\/post"}],"author":[{"embeddable":true,"href":"https:\/\/elblogdejoseblasfernandez.com\/index.php?rest_route=\/wp\/v2\/users\/1"}],"replies":[{"embeddable":true,"href":"https:\/\/elblogdejoseblasfernandez.com\/index.php?rest_route=%2Fwp%2Fv2%2Fcomments&post=75"}],"version-history":[{"count":3,"href":"https:\/\/elblogdejoseblasfernandez.com\/index.php?rest_route=\/wp\/v2\/posts\/75\/revisions"}],"predecessor-version":[{"id":338,"href":"https:\/\/elblogdejoseblasfernandez.com\/index.php?rest_route=\/wp\/v2\/posts\/75\/revisions\/338"}],"wp:attachment":[{"href":"https:\/\/elblogdejoseblasfernandez.com\/index.php?rest_route=%2Fwp%2Fv2%2Fmedia&parent=75"}],"wp:term":[{"taxonomy":"category","embeddable":true,"href":"https:\/\/elblogdejoseblasfernandez.com\/index.php?rest_route=%2Fwp%2Fv2%2Fcategories&post=75"},{"taxonomy":"post_tag","embeddable":true,"href":"https:\/\/elblogdejoseblasfernandez.com\/index.php?rest_route=%2Fwp%2Fv2%2Ftags&post=75"}],"curies":[{"name":"wp","href":"https:\/\/api.w.org\/{rel}","templated":true}]}}