{"id":81,"date":"2010-03-18T13:53:19","date_gmt":"2010-03-18T13:53:19","guid":{"rendered":""},"modified":"2012-11-21T04:28:59","modified_gmt":"2012-11-21T03:28:59","slug":"la-subida-del-iva-es-letal-para-la-economia","status":"publish","type":"post","link":"https:\/\/elblogdejoseblasfernandez.com\/?p=81","title":{"rendered":"La subida del IVA es letal para la econom\u00eda"},"content":{"rendered":"<p style=\"text-align: justify;\">TVE, hora de m\u00e1xima audiencia, entrevista personal al presidente del Gobierno, y \u00e9ste afirma: \u201cla subida del IVA no va ha afectar a las empresas, tampoco afectar\u00e1 al trabajo al no tocar el IRPF, ni perjudicar\u00e1 a las exportaciones.\u201d Si a esta misma conclusi\u00f3n llegara un alumno que se presente a Selectividad; suspender\u00eda. Estupefactos, los espa\u00f1oles comprobamos c\u00f3mo tenemos un presidente que, hoy por hoy, no aprobar\u00eda ni el bachiller.<\/p>\n<p style=\"text-align: justify;\">Ya no nos sorprende que en la Uni\u00f3n Europea no le convoquen a las reuniones en las que se toman decisiones importantes, porque todo el mundo sabe lo que Zapatero da de s\u00ed.<\/p>\n<p style=\"text-align: justify;\">\u00bfC\u00f3mo puede una persona medianamente cabal pensar que las empresas no van repercutir el IVA? \u00bfEn qu\u00e9 mundo vive? Es evidente que no conoce lo que es una empresa, y que todo gira en torno a la administraci\u00f3n y vive a costa de los presupuestos p\u00fablicos. Situaci\u00f3n que pone al descubierto otras realidades, tales como que bajo esa imagen de no romper un plato, no hay quien se atreva a decirle la verdad. Que una vez descabalgado el Sr. Solbes, qui\u00e9n jam\u00e1s hubiera ca\u00eddo en semejantes desprop\u00f3sitos, el nuevo equipo de asesores econ\u00f3micos, o teme decirle la verdad, o vive en la misma ficci\u00f3n.<\/p>\n<p style=\"text-align: justify;\">Con este razonamiento, debe pensar que las empresas disfrutan de tan amplios m\u00e1rgenes comerciales, que le permiten asumir la reducci\u00f3n de estos, asumiendo la subida de impuestos, sin repercutirlo en los precios. Siempre ha habido y habr\u00e1, personas que se han alejado de la realidad, o que viven en la suya, lo cual es perfectamente leg\u00edtimo. Pero si esto le ocurre a un presidente de Gobierno, al que su equipo o no sabe, o no se atreve contestar, resulta ser un drama para el pa\u00eds.<\/p>\n<p style=\"text-align: justify;\">No soy qui\u00e9n para dar lecciones de econom\u00eda, pero si s\u00e9 muy bien que al Ayuntamiento de C\u00e1diz, que como todos los ayuntamientos es consumidor final, por lo que no puede deducirse el IVA soportado, le costar\u00e1 esta subida m\u00e1s de tres millones de euros, con su repercusi\u00f3n en la ciudad.<\/p>\n<p style=\"text-align: justify;\">Tambi\u00e9n s\u00e9 como cualquier ciudadano con los pies en el suelo, que no es cierto lo que dice el Gobierno, que no subir\u00e1n los precios. Todo lo contrario, se producir\u00e1 una p\u00e9rdida de poder adquisitivo de todos los salarios y de todas las pensiones, se reducir\u00e1 el consumo interior, pues comprar resultar\u00e1 m\u00e1s caro, las empresas espa\u00f1olas perder\u00e1n competitividad al resultar a su vez m\u00e1s caras su facturas incrementadas por el IVA, vendr\u00e1 menos turismo y el que venga consumir\u00e1 menos, y todo ello no puede conducir m\u00e1s que al aumento a\u00fan m\u00e1s, del paro. No es ser catastrofista, esta la realidad, que como ocurri\u00f3 con la crisis, se quiere ignorar.<\/p>\n<p style=\"text-align: justify;\">Se pretende desde el Gobierno justificar la subida por el enorme d\u00e9ficit p\u00fablico a que ellos mismos nos han conducido, y porque, seg\u00fan palabras del Presidente, con este dinero se podr\u00e1 pagar el desempleo a 500.000 parados. \u00bfQu\u00e9 nos est\u00e1 diciendo, que ya no hay dinero ni para pagar el paro? \u00bfY con qu\u00e9 se pagar\u00e1n los parados, que a su vez genere la subida del IVA?<\/p>\n<p style=\"text-align: justify;\">El presidente s\u00ed parece haberse enterado de que lo p\u00fablico se sostiene con los impuestos que paga la actividad privada, pero no parece llegar a entender, que si cuando estamos padeciendo una crisis sin precedentes, subimos la presi\u00f3n fiscal, ser\u00e1n muchas m\u00e1s las empresas que tendr\u00e1n que cerrar. Que la gallina de los huevos de oro no es lo p\u00fablico aunque a ellos evidentemente les parece, por lo bien que se vive en ello, sino la actividad privada, que sostiene los servicios p\u00fablicos, y que si no hay empresas con beneficios, y trabajadores empleados, no hay quien pague los impuestos, y no hay estado, ni justicia social que se mantenga, y se producir\u00e1 un retroceso en todos los sentidos, como siempre ha ocurrido, cuando a un pueblo, padeciendo la mayor crisis econ\u00f3mica en 80 a\u00f1os, con sus j\u00f3venes parados y sin expectativas, el gobierno tira hacia delante, con gran miop\u00eda pol\u00edtica, imponiendo una subida de la presi\u00f3n fiscal.<\/p>\n<p style=\"text-align: justify;\">Usted nos habla de desempleo y su financiaci\u00f3n cuando de lo que queremos hablar es de empleo, y \u00e9ste no aumenta con la minoraci\u00f3n del consumo que provocar\u00e1 la subida del IVA.<\/p>\n<p style=\"text-align: justify;\">No podemos estar de acuerdo, en su limitado Plan de Austeridad, en el que s\u00f3lo se exponen objetivos, pero no c\u00f3mo se van a lograr, en el que la \u00fanica medida concreta es precisamente \u00e9sta, la subida de impuestos. No podemos llevarmos desde junio del a\u00f1o pasado sin hacer una operaci\u00f3n de reestructuraci\u00f3n del sistema financiero, porque el cr\u00e9dito no llega, y mientras no haya cr\u00e9dito no habr\u00e1 recuperaci\u00f3n. No podemos estar de acuerdo, en negar la reforma laboral. No podemos estar de acuerdo con que los costes energ\u00e9ticos en las empresas por electricidad hayan subido un 35%, \u00a1Esto si que crea paro!<\/p>\n<p style=\"text-align: justify;\">Todo lo anterior, se puede resumir en que: \u201cLa v\u00eda para reducir el d\u00e9ficit es reducir el gasto\u201d. No hay otra, adem\u00e1s de acometer las reformas estructurales necesarias, y nunca subir los impuestos en plena crisis econ\u00f3mica, esta medida de subir el IVA, lejos de lograr los objetivos que \u201cdice\u201d el Gobierno, producir\u00e1 m\u00e1s paro, al disminuir la actividad, m\u00e1s pobreza, al perderse nivel adquisitivo, y menos recaudaci\u00f3n, por el efecto de todo lo anterior, y al aumento de la econom\u00eda sumergida, lo dicho: un desastre.<\/p>\n","protected":false},"excerpt":{"rendered":"<p>TVE, hora de m\u00e1xima audiencia, entrevista personal al presidente del Gobierno, y \u00e9ste afirma: \u201cla subida del IVA no va ha afectar a las empresas, tampoco afectar\u00e1 al trabajo al no tocar el IRPF, ni perjudicar\u00e1 a las exportaciones.\u201d Si a esta misma conclusi\u00f3n llegara un alumno que se presente a Selectividad; suspender\u00eda. Estupefactos, los [&hellip;]<\/p>\n","protected":false},"author":1,"featured_media":0,"comment_status":"open","ping_status":"open","sticky":false,"template":"","format":"standard","meta":{"footnotes":""},"categories":[6],"tags":[],"class_list":["post-81","post","type-post","status-publish","format-standard","hentry","category-actualidad"],"_links":{"self":[{"href":"https:\/\/elblogdejoseblasfernandez.com\/index.php?rest_route=\/wp\/v2\/posts\/81","targetHints":{"allow":["GET"]}}],"collection":[{"href":"https:\/\/elblogdejoseblasfernandez.com\/index.php?rest_route=\/wp\/v2\/posts"}],"about":[{"href":"https:\/\/elblogdejoseblasfernandez.com\/index.php?rest_route=\/wp\/v2\/types\/post"}],"author":[{"embeddable":true,"href":"https:\/\/elblogdejoseblasfernandez.com\/index.php?rest_route=\/wp\/v2\/users\/1"}],"replies":[{"embeddable":true,"href":"https:\/\/elblogdejoseblasfernandez.com\/index.php?rest_route=%2Fwp%2Fv2%2Fcomments&post=81"}],"version-history":[{"count":2,"href":"https:\/\/elblogdejoseblasfernandez.com\/index.php?rest_route=\/wp\/v2\/posts\/81\/revisions"}],"predecessor-version":[{"id":530,"href":"https:\/\/elblogdejoseblasfernandez.com\/index.php?rest_route=\/wp\/v2\/posts\/81\/revisions\/530"}],"wp:attachment":[{"href":"https:\/\/elblogdejoseblasfernandez.com\/index.php?rest_route=%2Fwp%2Fv2%2Fmedia&parent=81"}],"wp:term":[{"taxonomy":"category","embeddable":true,"href":"https:\/\/elblogdejoseblasfernandez.com\/index.php?rest_route=%2Fwp%2Fv2%2Fcategories&post=81"},{"taxonomy":"post_tag","embeddable":true,"href":"https:\/\/elblogdejoseblasfernandez.com\/index.php?rest_route=%2Fwp%2Fv2%2Ftags&post=81"}],"curies":[{"name":"wp","href":"https:\/\/api.w.org\/{rel}","templated":true}]}}