{"id":84,"date":"2010-05-17T21:12:26","date_gmt":"2010-05-17T21:12:26","guid":{"rendered":""},"modified":"2012-11-21T04:27:58","modified_gmt":"2012-11-21T03:27:58","slug":"espana-se-encuentra-en-suspension-de-pagos","status":"publish","type":"post","link":"https:\/\/elblogdejoseblasfernandez.com\/?p=84","title":{"rendered":"Espa\u00f1a se encuentra en suspensi\u00f3n de pagos"},"content":{"rendered":"<p style=\"text-align: justify;\">Este pa\u00eds llamado Espa\u00f1a ha vuelto a caer en una profunda crisis de todo tipo, empezando por la sustancial crisis de valores y terminando en una crisis econ\u00f3mica, donde el miedo y el p\u00e1nico est\u00e1n haciendo de los espa\u00f1oles estragos incalculables. El desempleo nos azota cada d\u00eda y nos condena a que m\u00e1s de un 20% de la poblaci\u00f3n activa se encuentre subsidiada y pagada su remuneraci\u00f3n a trav\u00e9s del gasto p\u00fablico, gasto p\u00fablico que para poder avanzar en el d\u00e9ficit estructural que sostenemos habr\u00eda que ahorrar en lo que queda de a\u00f1o m\u00e1s de 80.000.- millones de euros. Algo que s\u00f3lo se har\u00eda posible con medidas dr\u00e1sticas y generalizadas para que el control del gasto haga retornar lentamente y poder tener parte del empleo que se ha perdido en el a\u00f1o 2016.<\/p>\n<p style=\"text-align: justify;\">En Espa\u00f1a pese a esta crisis hay casi tantos empleados p\u00fablicos como empresarios. Algo inaudito, donde mientras las pymes y aut\u00f3nomos est\u00e1n cayendo derrotados, el sector p\u00fablico ha crecido, seg\u00fan la \u00faltima encuesta de poblaci\u00f3n activa. Estamos cerrando empresas a diario, los reci\u00e9n titulados universitarios prefieren convertirse en funcionarios porque se garantizan la vida eterna, lo que hace que la \u201ctitulitis\u201d que la Universidad fabrica sea una aut\u00e9ntica industria de parados.<\/p>\n<p style=\"text-align: justify;\">La brecha que se abri\u00f3 por primera vez a principios del 2009 marca que en nuestro pa\u00eds albergamos a 3,1 mill\u00f3n de trabajadores p\u00fablicos. Es decir, un mill\u00f3n m\u00e1s que lo que mov\u00eda el sector industrial, un sector que se mueve en el entorno del 15% del PIB. En concreto, entre funcionarios, parados, jubilados y apesebrados del dinero p\u00fablico, aqu\u00ed no hay quien trabaje. El resto, contratos temporales, regulaciones de empleo, pensiones no contributivas, invalideces y formaci\u00f3n hacen que estemos en las puertas de una quiebra absoluta del sistema econ\u00f3mico. Mientras, los sindicatos calladitos y respetuosos con su amant\u00edsimo ZP, colmados de subvenciones y como dato anecd\u00f3tico, la UGT subi\u00f3 el sueldo en su Convenio Colectivo y sin apretarse el cintur\u00f3n una media del 3,75% con el dinero de todos los trabajadores espa\u00f1oles. A todo ello, le sumaremos para conocer mejor quienes viven de quien, que en este pa\u00eds existen 203.000 liberados sindicales en Espa\u00f1a, entre instituciones p\u00fablicas y empresas, tanto de car\u00e1cter privado como p\u00fablicas, correspondiendo en este reparto de buena costumbre alrededor de 103.000 a UGT y 100.000 a CCOO y, por supuesto, bajo el manto de su dedicaci\u00f3n sindical tampoco realizan trabajo alguno.<\/p>\n<p style=\"text-align: justify;\">A todo ello y para cumplir el refr\u00e1n de que \u201c\u00e9ramos pocos y pari\u00f3 la abuela\u201d, ZP nos sube un 2% el IVA a partir del 1 de Julio, es decir, 10.000 empresas peque\u00f1as por el s\u00f3lo gesto de subir un 14% este IVA en lo que queda de a\u00f1o est\u00e1n avocadas y condenadas a \u201ctirarse por los bloques del Campo del Sur\u201d como simp\u00e1ticamente decimos en C\u00e1diz.<\/p>\n<p style=\"text-align: justify;\">El panorama no puede ser m\u00e1s negativo. Esta es la Espa\u00f1a del ZParo, en la nos enga\u00f1aron tras retirar las tropas de IRAK donde no hubo ni un solo muerto y mientras bajo su mandato mueren muchos militares \u201cen misiones humanitarias\u201d en otros pa\u00edses donde el oscurantismo y la falta de informaci\u00f3n es la tarjeta de visita. Pero eso s\u00ed, promesas de brotes verdes y ya son diez veces las que le hemos escuchado que \u201cestamos tocando techo\u201d. No sabemos si es que en el autob\u00fas en el que vamos es el de los \u201cguiris\u201d que hacen los circuitos tur\u00edsticos.<\/p>\n<p style=\"text-align: justify;\">Al fin y al cabo, quienes le votaron son los \u00fanicos responsables de la muerte anunciada que tenemos hoy. Es decir, Espa\u00f1a est\u00e1 en suspensi\u00f3n de pagos y posiblemente la quiebra del Estado no tardar\u00e1 en producirse, lo que determina que la agon\u00eda letal y el corralito est\u00e1 a la vuelta de la esquina.<\/p>\n","protected":false},"excerpt":{"rendered":"<p>Este pa\u00eds llamado Espa\u00f1a ha vuelto a caer en una profunda crisis de todo tipo, empezando por la sustancial crisis de valores y terminando en una crisis econ\u00f3mica, donde el miedo y el p\u00e1nico est\u00e1n haciendo de los espa\u00f1oles estragos incalculables. El desempleo nos azota cada d\u00eda y nos condena a que m\u00e1s de un [&hellip;]<\/p>\n","protected":false},"author":1,"featured_media":0,"comment_status":"open","ping_status":"open","sticky":false,"template":"","format":"standard","meta":{"footnotes":""},"categories":[6],"tags":[],"class_list":["post-84","post","type-post","status-publish","format-standard","hentry","category-actualidad"],"_links":{"self":[{"href":"https:\/\/elblogdejoseblasfernandez.com\/index.php?rest_route=\/wp\/v2\/posts\/84","targetHints":{"allow":["GET"]}}],"collection":[{"href":"https:\/\/elblogdejoseblasfernandez.com\/index.php?rest_route=\/wp\/v2\/posts"}],"about":[{"href":"https:\/\/elblogdejoseblasfernandez.com\/index.php?rest_route=\/wp\/v2\/types\/post"}],"author":[{"embeddable":true,"href":"https:\/\/elblogdejoseblasfernandez.com\/index.php?rest_route=\/wp\/v2\/users\/1"}],"replies":[{"embeddable":true,"href":"https:\/\/elblogdejoseblasfernandez.com\/index.php?rest_route=%2Fwp%2Fv2%2Fcomments&post=84"}],"version-history":[{"count":2,"href":"https:\/\/elblogdejoseblasfernandez.com\/index.php?rest_route=\/wp\/v2\/posts\/84\/revisions"}],"predecessor-version":[{"id":527,"href":"https:\/\/elblogdejoseblasfernandez.com\/index.php?rest_route=\/wp\/v2\/posts\/84\/revisions\/527"}],"wp:attachment":[{"href":"https:\/\/elblogdejoseblasfernandez.com\/index.php?rest_route=%2Fwp%2Fv2%2Fmedia&parent=84"}],"wp:term":[{"taxonomy":"category","embeddable":true,"href":"https:\/\/elblogdejoseblasfernandez.com\/index.php?rest_route=%2Fwp%2Fv2%2Fcategories&post=84"},{"taxonomy":"post_tag","embeddable":true,"href":"https:\/\/elblogdejoseblasfernandez.com\/index.php?rest_route=%2Fwp%2Fv2%2Ftags&post=84"}],"curies":[{"name":"wp","href":"https:\/\/api.w.org\/{rel}","templated":true}]}}